{"id":898,"date":"2024-02-28T13:25:27","date_gmt":"2024-02-28T12:25:27","guid":{"rendered":"https:\/\/www.szentistvanajka.hu\/iskola\/?p=898"},"modified":"2024-02-28T13:26:00","modified_gmt":"2024-02-28T12:26:00","slug":"ifjusagi-filharmonia-koncert-a-szent-efrem-ferfikarral","status":"publish","type":"post","link":"https:\/\/www.szentistvanajka.hu\/iskola\/2024\/02\/28\/ifjusagi-filharmonia-koncert-a-szent-efrem-ferfikarral\/","title":{"rendered":"Ifj\u00fas\u00e1gi Filharm\u00f3nia koncert a Szent Efr\u00e9m F\u00e9rfikarral"},"content":{"rendered":"<p><em>Szent Efr\u00e9m<\/em> a negyedik sz\u00e1zadban \u00e9lt, a g\u00f6r\u00f6g katolikus egyh\u00e1z egyik legkiemelked\u0151bb teol\u00f3gusa, sz\u00f3noka \u00e9s himnusz\u00edr\u00f3ja volt. Az \u0151 nev\u00e9t vette fel az a f\u0151v\u00e1rosb\u00f3l \u00e9rkez\u0151 nemzetk\u00f6zi h\u00edr\u0171 f\u00e9rfikar, amely febru\u00e1r 21-\u00e9n adott nagy siker\u0171 hangversenyt a <em>Nagy L\u00e1szl\u00f3<\/em><\/p>\n<p><em>V\u00e1rosi M\u0171vel\u0151d\u00e9si K\u00f6zpont \u00e9s K\u00f6nyvt\u00e1r<\/em> sz\u00ednh\u00e1zterm\u00e9ben. A koncertnek helyet ad\u00f3 int\u00e9zm\u00e9ny \u00e9s a <em>Filharm\u00f3nia Magyarorsz\u00e1g<\/em> k\u00f6z\u00f6s szervez\u00e9s\u00e9ben megval\u00f3sul\u00f3 el\u0151ad\u00e1sra iskol\u00e1nk fels\u0151 tagozatos di\u00e1kjai \u00e9s k\u00e9t pedag\u00f3gus l\u00e1togatott el.<\/p>\n<p>A f\u00e9rfikar m\u00e1r a koncert els\u0151 \u00f6t perce ut\u00e1n bevonta a k\u00f6z\u00f6ns\u00e9get az egy\u00fctt zen\u00e9l\u00e9sbe. Tapsoltak, \u201edi\u00f3t t\u00f6rtek\u201d, majd kong\u00f3i nyelven \u00e9nekeltett\u00e9k meg a gyerekeket, \u00e9s a mindenki \u00e1ltal ismert <em>\u00c9g a v\u00e1ros<\/em> kezdet\u0171 k\u00e1nont is t\u00f6bb sz\u00f3lamban dalolt\u00e1k a n\u00e9z\u0151t\u00e9ren helyet foglal\u00f3 di\u00e1kokkal. A remek hangulat\u00fa hangverseny v\u00e9g\u00e9hez k\u00f6zeledve az egyik legn\u00e9pszer\u0171bb darabjukat: <em>W. A. Mozart: T\u00f6r\u00f6k indul\u00f3<\/em> c\u00edm\u0171 m\u0171v\u00e9nek zseni\u00e1lis \u00e9s igencsak humorosra siker\u00fclt feldolgoz\u00e1s\u00e1t \u00e9lvezhette a k\u00f6z\u00f6ns\u00e9g, ahol nyolcan, nyolc sz\u00f3lamban \u00e9nekeltek az el\u0151ad\u00f3k! A rendk\u00edv\u00fcli \u00e9nek\u00f3r\u00e1nak is beill\u0151 \u00a0ifj\u00fas\u00e1gi koncert <em>Leonard Cohen: Halleluja<\/em> c\u00edm\u0171 vil\u00e1gh\u00edr\u0171 dal\u00e1val z\u00e1rult, melyben a k\u00f6zel \u00f6tsz\u00e1z tag\u00fa k\u00f6z\u00f6ns\u00e9g tagjak\u00e9nt <em>Szent Istv\u00e1n<\/em>os di\u00e1kok is \u00e9nekelt\u00e9k a refr\u00e9nt a <em>Szent Efr\u00e9mmel<\/em>.<\/p>\n<p><img loading=\"lazy\" decoding=\"async\" class=\"alignnone size-large wp-image-900\" src=\"https:\/\/www.szentistvanajka.hu\/iskola\/wp-content\/uploads\/sites\/2\/2024\/02\/202402-filhalmonia-2-1024x685.jpg\" alt=\"\" width=\"1024\" height=\"685\" srcset=\"https:\/\/www.szentistvanajka.hu\/iskola\/wp-content\/uploads\/sites\/2\/2024\/02\/202402-filhalmonia-2-980x655.jpg 980w, https:\/\/www.szentistvanajka.hu\/iskola\/wp-content\/uploads\/sites\/2\/2024\/02\/202402-filhalmonia-2-480x321.jpg 480w\" sizes=\"(min-width: 0px) and (max-width: 480px) 480px, (min-width: 481px) and (max-width: 980px) 980px, (min-width: 981px) 1024px, 100vw\" \/><\/p>\n","protected":false},"excerpt":{"rendered":"<p>Szent Efr\u00e9m a negyedik sz\u00e1zadban \u00e9lt, a g\u00f6r\u00f6g katolikus egyh\u00e1z egyik legkiemelked\u0151bb teol\u00f3gusa, sz\u00f3noka \u00e9s himnusz\u00edr\u00f3ja volt. Az \u0151 nev\u00e9t vette fel az a f\u0151v\u00e1rosb\u00f3l \u00e9rkez\u0151 nemzetk\u00f6zi h\u00edr\u0171 f\u00e9rfikar, amely febru\u00e1r 21-\u00e9n adott nagy siker\u0171 hangversenyt a Nagy L\u00e1szl\u00f3 V\u00e1rosi M\u0171vel\u0151d\u00e9si K\u00f6zpont \u00e9s K\u00f6nyvt\u00e1r sz\u00ednh\u00e1zterm\u00e9ben. A koncertnek helyet ad\u00f3 int\u00e9zm\u00e9ny \u00e9s a Filharm\u00f3nia Magyarorsz\u00e1g k\u00f6z\u00f6s [&hellip;]<\/p>\n","protected":false},"author":1,"featured_media":901,"comment_status":"closed","ping_status":"closed","sticky":false,"template":"","format":"standard","meta":{"_et_pb_use_builder":"","_et_pb_old_content":"","_et_gb_content_width":"","footnotes":""},"categories":[1],"tags":[],"_links":{"self":[{"href":"https:\/\/www.szentistvanajka.hu\/iskola\/wp-json\/wp\/v2\/posts\/898"}],"collection":[{"href":"https:\/\/www.szentistvanajka.hu\/iskola\/wp-json\/wp\/v2\/posts"}],"about":[{"href":"https:\/\/www.szentistvanajka.hu\/iskola\/wp-json\/wp\/v2\/types\/post"}],"author":[{"embeddable":true,"href":"https:\/\/www.szentistvanajka.hu\/iskola\/wp-json\/wp\/v2\/users\/1"}],"replies":[{"embeddable":true,"href":"https:\/\/www.szentistvanajka.hu\/iskola\/wp-json\/wp\/v2\/comments?post=898"}],"version-history":[{"count":2,"href":"https:\/\/www.szentistvanajka.hu\/iskola\/wp-json\/wp\/v2\/posts\/898\/revisions"}],"predecessor-version":[{"id":902,"href":"https:\/\/www.szentistvanajka.hu\/iskola\/wp-json\/wp\/v2\/posts\/898\/revisions\/902"}],"wp:featuredmedia":[{"embeddable":true,"href":"https:\/\/www.szentistvanajka.hu\/iskola\/wp-json\/wp\/v2\/media\/901"}],"wp:attachment":[{"href":"https:\/\/www.szentistvanajka.hu\/iskola\/wp-json\/wp\/v2\/media?parent=898"}],"wp:term":[{"taxonomy":"category","embeddable":true,"href":"https:\/\/www.szentistvanajka.hu\/iskola\/wp-json\/wp\/v2\/categories?post=898"},{"taxonomy":"post_tag","embeddable":true,"href":"https:\/\/www.szentistvanajka.hu\/iskola\/wp-json\/wp\/v2\/tags?post=898"}],"curies":[{"name":"wp","href":"https:\/\/api.w.org\/{rel}","templated":true}]}}