{"id":840,"date":"2024-02-05T12:50:38","date_gmt":"2024-02-05T11:50:38","guid":{"rendered":"https:\/\/www.szentistvanajka.hu\/iskola\/?p=840"},"modified":"2024-02-06T12:50:50","modified_gmt":"2024-02-06T11:50:50","slug":"mackobirodalom","status":"publish","type":"post","link":"https:\/\/www.szentistvanajka.hu\/iskola\/2024\/02\/05\/mackobirodalom\/","title":{"rendered":"Mack\u00f3birodalom"},"content":{"rendered":"<p>Febru\u00e1r 2-\u00e1hoz, Gyertyaszentel\u0151 Boldogasszony \u00fcnnep\u00e9hez id\u0151j\u00f3sl\u00f3 n\u00e9pszok\u00e1s is k\u00f6t\u0151dik: a modern kor embere Gyertyaszentel\u0151t szinte kiz\u00e1r\u00f3lag ennek kapcs\u00e1n ismeri. Ezen a napon ugyanis, ha a medve kij\u00f6n barlangj\u00e1b\u00f3l \u00e9s megl\u00e1tja \u00e1rny\u00e9k\u00e1t, h\u00e1tat ford\u00edt \u00e9s visszamegy aludni, teh\u00e1t hossz\u00fa t\u00e9l v\u00e1rhat\u00f3.<\/p>\n<p>Ehhez kapcsol\u00f3dva ny\u00edlt Mack\u00f3 ki\u00e1ll\u00edt\u00e1s az int\u00e9zm\u00e9ny\u00fcnk kis- \u00e9s\u00a0 f\u0151\u00e9p\u00fclet\u00e9ben.<\/p>\n<p>A di\u00e1kok lelkesen hozt\u00e1k be saj\u00e1t kedvenc\u00fcket, vagy csal\u00e1dtagjaik egy- egy f\u00e9ltve \u0151rz\u00f6tt macij\u00e1t. A lelkesed\u00e9s akkora volt- m\u00e9g a magasabb \u00e9vfolyamokn\u00e1l is, hogy mindk\u00e9t \u00e9p\u00fclet\u00fcnk k\u00f6z\u00f6ss\u00e9gi ter\u00e9nek egy j\u00f3 r\u00e9sz\u00e9t megt\u00f6lt\u00f6tt\u00e9k a legk\u00fcl\u00f6nb\u00f6z\u0151bb mack\u00f3k. \u00c9rkeztek eg\u00e9szen minik, de m\u00e1sf\u00e9l m\u00e9tern\u00e9l magasabbak is. Fiatalabbak- a mai mes\u00e9k vil\u00e1g\u00e1t megjelen\u00edt\u0151k- \u00e9s t\u00f6bb \u00e9vtizedet meg\u00e9lt, k\u00f6zel 70 \u00e9ves mack\u00f3 \u201eurak\u201d is.<\/p>\n<p>Nem csoda, hogy az int\u00e9zm\u00e9ny mindk\u00e9t \u00e9p\u00fclet\u00e9ben mosolyogva csod\u00e1lt\u00e1k a di\u00e1kok a macik n\u00e9pes gy\u00fclekezet\u00e9t,\u00a0 &#8222;mert a maci v\u00e9g\u00fcl is nem m\u00e1s, mint egy k\u00fcl\u00f6nleges m\u00f3don becsomagolt szeretet.&#8221;<\/p>\n<p>Volt olyan oszt\u00e1ly is, ahol az \u201eapr\u00f3n\u00e9pek\u201d m\u00e9g barna sz\u00edn\u0171 ruh\u00e1ban is j\u00f6ttek a ki\u00e1ll\u00edt\u00e1s megnyit\u00f3j\u00e1nak napj\u00e1n.<\/p>\n<p>Rem\u00e9lj\u00fck nemcsak az iskola sz\u0171kebb k\u00f6z\u00f6ss\u00e9g\u00e9t hangolja jobb kedvre a \u201emacisereg\u201d, hanem a gyermekeik\u00e9rt \u00e9rkez\u0151 sz\u00fcl\u0151ket, rokonokat is.<\/p>\n<p><img loading=\"lazy\" decoding=\"async\" class=\"alignnone size-large wp-image-842\" src=\"https:\/\/www.szentistvanajka.hu\/iskola\/wp-content\/uploads\/sites\/2\/2024\/02\/202402-macik-3-1024x768.jpg\" alt=\"\" width=\"1024\" height=\"768\" srcset=\"https:\/\/www.szentistvanajka.hu\/iskola\/wp-content\/uploads\/sites\/2\/2024\/02\/202402-macik-3-980x735.jpg 980w, https:\/\/www.szentistvanajka.hu\/iskola\/wp-content\/uploads\/sites\/2\/2024\/02\/202402-macik-3-480x360.jpg 480w\" sizes=\"(min-width: 0px) and (max-width: 480px) 480px, (min-width: 481px) and (max-width: 980px) 980px, (min-width: 981px) 1024px, 100vw\" \/> <img loading=\"lazy\" decoding=\"async\" class=\"alignnone size-large wp-image-843\" src=\"https:\/\/www.szentistvanajka.hu\/iskola\/wp-content\/uploads\/sites\/2\/2024\/02\/202402-macik-2-1024x768.jpg\" alt=\"\" width=\"1024\" height=\"768\" srcset=\"https:\/\/www.szentistvanajka.hu\/iskola\/wp-content\/uploads\/sites\/2\/2024\/02\/202402-macik-2-980x735.jpg 980w, https:\/\/www.szentistvanajka.hu\/iskola\/wp-content\/uploads\/sites\/2\/2024\/02\/202402-macik-2-480x360.jpg 480w\" sizes=\"(min-width: 0px) and (max-width: 480px) 480px, (min-width: 481px) and (max-width: 980px) 980px, (min-width: 981px) 1024px, 100vw\" \/> <img loading=\"lazy\" decoding=\"async\" class=\"alignnone size-large wp-image-841\" src=\"https:\/\/www.szentistvanajka.hu\/iskola\/wp-content\/uploads\/sites\/2\/2024\/02\/202402-macik-4-1024x768.jpg\" alt=\"\" width=\"1024\" height=\"768\" srcset=\"https:\/\/www.szentistvanajka.hu\/iskola\/wp-content\/uploads\/sites\/2\/2024\/02\/202402-macik-4-980x735.jpg 980w, https:\/\/www.szentistvanajka.hu\/iskola\/wp-content\/uploads\/sites\/2\/2024\/02\/202402-macik-4-480x360.jpg 480w\" sizes=\"(min-width: 0px) and (max-width: 480px) 480px, (min-width: 481px) and (max-width: 980px) 980px, (min-width: 981px) 1024px, 100vw\" \/><\/p>\n","protected":false},"excerpt":{"rendered":"<p>Febru\u00e1r 2-\u00e1hoz, Gyertyaszentel\u0151 Boldogasszony \u00fcnnep\u00e9hez id\u0151j\u00f3sl\u00f3 n\u00e9pszok\u00e1s is k\u00f6t\u0151dik: a modern kor embere Gyertyaszentel\u0151t szinte kiz\u00e1r\u00f3lag ennek kapcs\u00e1n ismeri. Ezen a napon ugyanis, ha a medve kij\u00f6n barlangj\u00e1b\u00f3l \u00e9s megl\u00e1tja \u00e1rny\u00e9k\u00e1t, h\u00e1tat ford\u00edt \u00e9s visszamegy aludni, teh\u00e1t hossz\u00fa t\u00e9l v\u00e1rhat\u00f3. Ehhez kapcsol\u00f3dva ny\u00edlt Mack\u00f3 ki\u00e1ll\u00edt\u00e1s az int\u00e9zm\u00e9ny\u00fcnk kis- \u00e9s\u00a0 f\u0151\u00e9p\u00fclet\u00e9ben. A di\u00e1kok lelkesen hozt\u00e1k be [&hellip;]<\/p>\n","protected":false},"author":1,"featured_media":844,"comment_status":"closed","ping_status":"closed","sticky":false,"template":"","format":"standard","meta":{"_et_pb_use_builder":"","_et_pb_old_content":"","_et_gb_content_width":"","footnotes":""},"categories":[1],"tags":[],"_links":{"self":[{"href":"https:\/\/www.szentistvanajka.hu\/iskola\/wp-json\/wp\/v2\/posts\/840"}],"collection":[{"href":"https:\/\/www.szentistvanajka.hu\/iskola\/wp-json\/wp\/v2\/posts"}],"about":[{"href":"https:\/\/www.szentistvanajka.hu\/iskola\/wp-json\/wp\/v2\/types\/post"}],"author":[{"embeddable":true,"href":"https:\/\/www.szentistvanajka.hu\/iskola\/wp-json\/wp\/v2\/users\/1"}],"replies":[{"embeddable":true,"href":"https:\/\/www.szentistvanajka.hu\/iskola\/wp-json\/wp\/v2\/comments?post=840"}],"version-history":[{"count":1,"href":"https:\/\/www.szentistvanajka.hu\/iskola\/wp-json\/wp\/v2\/posts\/840\/revisions"}],"predecessor-version":[{"id":845,"href":"https:\/\/www.szentistvanajka.hu\/iskola\/wp-json\/wp\/v2\/posts\/840\/revisions\/845"}],"wp:featuredmedia":[{"embeddable":true,"href":"https:\/\/www.szentistvanajka.hu\/iskola\/wp-json\/wp\/v2\/media\/844"}],"wp:attachment":[{"href":"https:\/\/www.szentistvanajka.hu\/iskola\/wp-json\/wp\/v2\/media?parent=840"}],"wp:term":[{"taxonomy":"category","embeddable":true,"href":"https:\/\/www.szentistvanajka.hu\/iskola\/wp-json\/wp\/v2\/categories?post=840"},{"taxonomy":"post_tag","embeddable":true,"href":"https:\/\/www.szentistvanajka.hu\/iskola\/wp-json\/wp\/v2\/tags?post=840"}],"curies":[{"name":"wp","href":"https:\/\/api.w.org\/{rel}","templated":true}]}}