{"id":832,"date":"2024-01-31T12:45:06","date_gmt":"2024-01-31T11:45:06","guid":{"rendered":"https:\/\/www.szentistvanajka.hu\/iskola\/?p=832"},"modified":"2024-02-06T12:46:44","modified_gmt":"2024-02-06T11:46:44","slug":"a-mi-bajnokunk","status":"publish","type":"post","link":"https:\/\/www.szentistvanajka.hu\/iskola\/2024\/01\/31\/a-mi-bajnokunk\/","title":{"rendered":"A mi Bajnokunk"},"content":{"rendered":"<p>2024. janu\u00e1r elej\u00e9n rendezt\u00e9k meg az olaszorsz\u00e1gi Egn\u00e1ban az U18-as n\u0151i j\u00e9gkorong vil\u00e1gbajnoks\u00e1got, ahol iskol\u00e1nk nyolcadikos di\u00e1kja FARAG\u00d3 LUCA, az Ajkai \u00d3ri\u00e1sok j\u00e1t\u00e9kosa, a v\u00e1logatott legfiatalabbjak\u00e9nt vett r\u00e9szt, \u00e9s bronz \u00e9remmel t\u00e9rhetett haza.<\/p>\n<p>Haza\u00e9rkez\u00e9se ut\u00e1n \u00fajra \u00fatnak indult D\u00e9l-Kore\u00e1ba, ahol a napokban \u00e9rt v\u00e9get a T\u00e9li Ifj\u00fas\u00e1gi Olimpia. Csapata<br \/>\n3&#215;3-ban veretlen\u00fcl nyerte el az olimpiai c\u00edmet.<\/p>\n<p>Iskol\u00e1nk apraja-nagyja egy kis \u00fcnnepl\u00e9ssel \u00e9s vastapssal v\u00e1rta haza. Rieder Andr\u00e1s igazgat\u00f3 \u00far vir\u00e1ggal k\u00f6sz\u00f6nt\u00f6tte, az oszt\u00e1lyok pedig \u00fcdv\u00f6zl\u0151 lapokkal k\u00e9sz\u00fcltek.<\/p>\n<p>Tov\u00e1bbi sok sikert k\u00edv\u00e1nunk neki mind a sporthoz, mind az elk\u00f6vetkezend\u0151 k\u00f6z\u00e9piskolai \u00e9vekhez!<br \/>\nSzeretettel gratul\u00e1lunk \u00e9desapj\u00e1nak Farag\u00f3 Gyul\u00e1nak \u2013 aki egyben az ajkai edz\u0151je is -, valamint csal\u00e1dj\u00e1nak a maxim\u00e1lis t\u00e1mogat\u00e1s\u00e9rt.<\/p>\n<p>Hajr\u00e1 Luca!<br \/>\nB\u00fcszk\u00e9k vagyunk R\u00e1d!<\/p>\n<p><img loading=\"lazy\" decoding=\"async\" class=\"alignnone size-full wp-image-833\" src=\"https:\/\/www.szentistvanajka.hu\/iskola\/wp-content\/uploads\/sites\/2\/2024\/02\/202401-Farago-Luca-6.jpg\" alt=\"\" width=\"343\" height=\"434\" srcset=\"https:\/\/www.szentistvanajka.hu\/iskola\/wp-content\/uploads\/sites\/2\/2024\/02\/202401-Farago-Luca-6.jpg 343w, https:\/\/www.szentistvanajka.hu\/iskola\/wp-content\/uploads\/sites\/2\/2024\/02\/202401-Farago-Luca-6-237x300.jpg 237w\" sizes=\"(max-width: 343px) 100vw, 343px\" \/> <img loading=\"lazy\" decoding=\"async\" class=\"alignnone size-large wp-image-834\" src=\"https:\/\/www.szentistvanajka.hu\/iskola\/wp-content\/uploads\/sites\/2\/2024\/02\/202401-Farago-Luca-5.jpg\" alt=\"\" width=\"827\" height=\"551\" srcset=\"https:\/\/www.szentistvanajka.hu\/iskola\/wp-content\/uploads\/sites\/2\/2024\/02\/202401-Farago-Luca-5.jpg 827w, https:\/\/www.szentistvanajka.hu\/iskola\/wp-content\/uploads\/sites\/2\/2024\/02\/202401-Farago-Luca-5-480x320.jpg 480w\" sizes=\"(min-width: 0px) and (max-width: 480px) 480px, (min-width: 481px) 827px, 100vw\" \/> <img loading=\"lazy\" decoding=\"async\" class=\"alignnone size-large wp-image-835\" src=\"https:\/\/www.szentistvanajka.hu\/iskola\/wp-content\/uploads\/sites\/2\/2024\/02\/202401-Farago-Luca-4.jpg\" alt=\"\" width=\"637\" height=\"443\" srcset=\"https:\/\/www.szentistvanajka.hu\/iskola\/wp-content\/uploads\/sites\/2\/2024\/02\/202401-Farago-Luca-4.jpg 637w, https:\/\/www.szentistvanajka.hu\/iskola\/wp-content\/uploads\/sites\/2\/2024\/02\/202401-Farago-Luca-4-480x334.jpg 480w\" sizes=\"(min-width: 0px) and (max-width: 480px) 480px, (min-width: 481px) 637px, 100vw\" \/> <img loading=\"lazy\" decoding=\"async\" class=\"alignnone size-large wp-image-837\" src=\"https:\/\/www.szentistvanajka.hu\/iskola\/wp-content\/uploads\/sites\/2\/2024\/02\/202401-Farago-Luca-2.jpg\" alt=\"\" width=\"422\" height=\"422\" srcset=\"https:\/\/www.szentistvanajka.hu\/iskola\/wp-content\/uploads\/sites\/2\/2024\/02\/202401-Farago-Luca-2.jpg 422w, https:\/\/www.szentistvanajka.hu\/iskola\/wp-content\/uploads\/sites\/2\/2024\/02\/202401-Farago-Luca-2-300x300.jpg 300w, https:\/\/www.szentistvanajka.hu\/iskola\/wp-content\/uploads\/sites\/2\/2024\/02\/202401-Farago-Luca-2-150x150.jpg 150w\" sizes=\"(max-width: 422px) 100vw, 422px\" \/> <img loading=\"lazy\" decoding=\"async\" class=\"alignnone size-large wp-image-838\" src=\"https:\/\/www.szentistvanajka.hu\/iskola\/wp-content\/uploads\/sites\/2\/2024\/02\/202401-Farago-Luca-1.jpg\" alt=\"\" width=\"942\" height=\"415\" srcset=\"https:\/\/www.szentistvanajka.hu\/iskola\/wp-content\/uploads\/sites\/2\/2024\/02\/202401-Farago-Luca-1.jpg 942w, https:\/\/www.szentistvanajka.hu\/iskola\/wp-content\/uploads\/sites\/2\/2024\/02\/202401-Farago-Luca-1-480x211.jpg 480w\" sizes=\"(min-width: 0px) and (max-width: 480px) 480px, (min-width: 481px) 942px, 100vw\" \/><\/p>\n","protected":false},"excerpt":{"rendered":"<p>2024. janu\u00e1r elej\u00e9n rendezt\u00e9k meg az olaszorsz\u00e1gi Egn\u00e1ban az U18-as n\u0151i j\u00e9gkorong vil\u00e1gbajnoks\u00e1got, ahol iskol\u00e1nk nyolcadikos di\u00e1kja FARAG\u00d3 LUCA, az Ajkai \u00d3ri\u00e1sok j\u00e1t\u00e9kosa, a v\u00e1logatott legfiatalabbjak\u00e9nt vett r\u00e9szt, \u00e9s bronz \u00e9remmel t\u00e9rhetett haza. Haza\u00e9rkez\u00e9se ut\u00e1n \u00fajra \u00fatnak indult D\u00e9l-Kore\u00e1ba, ahol a napokban \u00e9rt v\u00e9get a T\u00e9li Ifj\u00fas\u00e1gi Olimpia. Csapata 3&#215;3-ban veretlen\u00fcl nyerte el az olimpiai [&hellip;]<\/p>\n","protected":false},"author":1,"featured_media":836,"comment_status":"closed","ping_status":"closed","sticky":false,"template":"","format":"standard","meta":{"_et_pb_use_builder":"","_et_pb_old_content":"","_et_gb_content_width":"","footnotes":""},"categories":[1],"tags":[],"_links":{"self":[{"href":"https:\/\/www.szentistvanajka.hu\/iskola\/wp-json\/wp\/v2\/posts\/832"}],"collection":[{"href":"https:\/\/www.szentistvanajka.hu\/iskola\/wp-json\/wp\/v2\/posts"}],"about":[{"href":"https:\/\/www.szentistvanajka.hu\/iskola\/wp-json\/wp\/v2\/types\/post"}],"author":[{"embeddable":true,"href":"https:\/\/www.szentistvanajka.hu\/iskola\/wp-json\/wp\/v2\/users\/1"}],"replies":[{"embeddable":true,"href":"https:\/\/www.szentistvanajka.hu\/iskola\/wp-json\/wp\/v2\/comments?post=832"}],"version-history":[{"count":1,"href":"https:\/\/www.szentistvanajka.hu\/iskola\/wp-json\/wp\/v2\/posts\/832\/revisions"}],"predecessor-version":[{"id":839,"href":"https:\/\/www.szentistvanajka.hu\/iskola\/wp-json\/wp\/v2\/posts\/832\/revisions\/839"}],"wp:featuredmedia":[{"embeddable":true,"href":"https:\/\/www.szentistvanajka.hu\/iskola\/wp-json\/wp\/v2\/media\/836"}],"wp:attachment":[{"href":"https:\/\/www.szentistvanajka.hu\/iskola\/wp-json\/wp\/v2\/media?parent=832"}],"wp:term":[{"taxonomy":"category","embeddable":true,"href":"https:\/\/www.szentistvanajka.hu\/iskola\/wp-json\/wp\/v2\/categories?post=832"},{"taxonomy":"post_tag","embeddable":true,"href":"https:\/\/www.szentistvanajka.hu\/iskola\/wp-json\/wp\/v2\/tags?post=832"}],"curies":[{"name":"wp","href":"https:\/\/api.w.org\/{rel}","templated":true}]}}