{"id":817,"date":"2023-12-20T11:13:03","date_gmt":"2023-12-20T10:13:03","guid":{"rendered":"https:\/\/www.szentistvanajka.hu\/iskola\/?p=817"},"modified":"2024-01-26T11:14:20","modified_gmt":"2024-01-26T10:14:20","slug":"mikulas-es-karacsony-a-2-b-osztalyban","status":"publish","type":"post","link":"https:\/\/www.szentistvanajka.hu\/iskola\/2023\/12\/20\/mikulas-es-karacsony-a-2-b-osztalyban\/","title":{"rendered":"Mikul\u00e1s \u00e9s kar\u00e1csony a 2.b oszt\u00e1lyban"},"content":{"rendered":"<p>Izgalmas \u00e9s mozgalmas h\u00f3nap v\u00e1rt decemberben a 2.b oszt\u00e1lyos tanul\u00f3kra. K\u00e9t fontos szerepl\u00e9sre is k\u00e9sz\u00fcltek.<br \/>\nDecember 6-\u00e1n az Ag\u00f3ra sz\u00ednpad\u00e1n v\u00e1rhatt\u00e1k a T\u00e9lap\u00f3t. A v\u00e1rosi rendezv\u00e9nyen \u00e9nekkel, furulyasz\u00f3val \u00e9s j\u00e1t\u00e9kos mozg\u00e1ssal sz\u00f3rakoztatt\u00e1k a gyermekk\u00f6z\u00f6ns\u00e9get. M\u0171soruk 10 dalb\u00f3l \u00e1ll\u00f3 T\u00e9lap\u00f3s dalcsokor volt. Nagy \u00f6r\u00f6m\u00fckre \u0151k kapt\u00e1k az els\u0151 aj\u00e1nd\u00e9kot a Mikul\u00e1st\u00f3l, s jutalmul m\u00e9g kisvonattal is utazhattak a v\u00e1ros k\u00f6zpontj\u00e1ban. Igazi \u00e9lm\u00e9ny volt.<\/p>\n<p>December 19-\u00e9n a katolikus \u00f3vod\u00e1ba l\u00e1togattak el, ahol sok kis apr\u00f3s\u00e1g v\u00e1rta \u0151ket. Kar\u00e1csonyi, \u00fcnnepi m\u0171sorukban t\u00e9li versek, feny\u0151f\u00e1kr\u00f3l sz\u00f3l\u00f3 jelenetf\u00fcz\u00e9r, \u00e9s a Kippkopp kar\u00e1csonya c\u00edm\u0171 mese megjelen\u00edt\u00e9se szerepelt.<br \/>\nM\u0171sorukat N\u00e9meth No\u00e9mi \u00e9s N\u00e9meth L\u00e1szl\u00f3 k\u00eds\u00e9rte git\u00e1ron.<br \/>\nA m\u0171sor v\u00e9g\u00e9n elhangz\u00f3 dal kar\u00e1csonyi \u00fczenete nemcsak a kicsiknek, hanem mindenkinek sz\u00f3lt:<\/p>\n<p>\u201eA legszebb aj\u00e1nd\u00e9kot \u00e1tadni el ne feledd,<br \/>\na sz\u00edvedb\u0151l \u00e1rad\u00f3 \u0151szinte szeretet.\u201d<\/p>\n<p><img loading=\"lazy\" decoding=\"async\" class=\"alignnone size-large wp-image-819\" src=\"https:\/\/www.szentistvanajka.hu\/iskola\/wp-content\/uploads\/sites\/2\/2024\/01\/202312-2b-2-1024x768.jpg\" alt=\"\" width=\"1024\" height=\"768\" srcset=\"https:\/\/www.szentistvanajka.hu\/iskola\/wp-content\/uploads\/sites\/2\/2024\/01\/202312-2b-2-980x735.jpg 980w, https:\/\/www.szentistvanajka.hu\/iskola\/wp-content\/uploads\/sites\/2\/2024\/01\/202312-2b-2-480x360.jpg 480w\" sizes=\"(min-width: 0px) and (max-width: 480px) 480px, (min-width: 481px) and (max-width: 980px) 980px, (min-width: 981px) 1024px, 100vw\" \/><\/p>\n","protected":false},"excerpt":{"rendered":"<p>Izgalmas \u00e9s mozgalmas h\u00f3nap v\u00e1rt decemberben a 2.b oszt\u00e1lyos tanul\u00f3kra. K\u00e9t fontos szerepl\u00e9sre is k\u00e9sz\u00fcltek. December 6-\u00e1n az Ag\u00f3ra sz\u00ednpad\u00e1n v\u00e1rhatt\u00e1k a T\u00e9lap\u00f3t. A v\u00e1rosi rendezv\u00e9nyen \u00e9nekkel, furulyasz\u00f3val \u00e9s j\u00e1t\u00e9kos mozg\u00e1ssal sz\u00f3rakoztatt\u00e1k a gyermekk\u00f6z\u00f6ns\u00e9get. M\u0171soruk 10 dalb\u00f3l \u00e1ll\u00f3 T\u00e9lap\u00f3s dalcsokor volt. Nagy \u00f6r\u00f6m\u00fckre \u0151k kapt\u00e1k az els\u0151 aj\u00e1nd\u00e9kot a Mikul\u00e1st\u00f3l, s jutalmul m\u00e9g kisvonattal is [&hellip;]<\/p>\n","protected":false},"author":1,"featured_media":818,"comment_status":"closed","ping_status":"closed","sticky":false,"template":"","format":"standard","meta":{"_et_pb_use_builder":"","_et_pb_old_content":"","_et_gb_content_width":"","footnotes":""},"categories":[1],"tags":[],"_links":{"self":[{"href":"https:\/\/www.szentistvanajka.hu\/iskola\/wp-json\/wp\/v2\/posts\/817"}],"collection":[{"href":"https:\/\/www.szentistvanajka.hu\/iskola\/wp-json\/wp\/v2\/posts"}],"about":[{"href":"https:\/\/www.szentistvanajka.hu\/iskola\/wp-json\/wp\/v2\/types\/post"}],"author":[{"embeddable":true,"href":"https:\/\/www.szentistvanajka.hu\/iskola\/wp-json\/wp\/v2\/users\/1"}],"replies":[{"embeddable":true,"href":"https:\/\/www.szentistvanajka.hu\/iskola\/wp-json\/wp\/v2\/comments?post=817"}],"version-history":[{"count":1,"href":"https:\/\/www.szentistvanajka.hu\/iskola\/wp-json\/wp\/v2\/posts\/817\/revisions"}],"predecessor-version":[{"id":820,"href":"https:\/\/www.szentistvanajka.hu\/iskola\/wp-json\/wp\/v2\/posts\/817\/revisions\/820"}],"wp:featuredmedia":[{"embeddable":true,"href":"https:\/\/www.szentistvanajka.hu\/iskola\/wp-json\/wp\/v2\/media\/818"}],"wp:attachment":[{"href":"https:\/\/www.szentistvanajka.hu\/iskola\/wp-json\/wp\/v2\/media?parent=817"}],"wp:term":[{"taxonomy":"category","embeddable":true,"href":"https:\/\/www.szentistvanajka.hu\/iskola\/wp-json\/wp\/v2\/categories?post=817"},{"taxonomy":"post_tag","embeddable":true,"href":"https:\/\/www.szentistvanajka.hu\/iskola\/wp-json\/wp\/v2\/tags?post=817"}],"curies":[{"name":"wp","href":"https:\/\/api.w.org\/{rel}","templated":true}]}}