{"id":803,"date":"2023-12-22T13:16:04","date_gmt":"2023-12-22T12:16:04","guid":{"rendered":"https:\/\/www.szentistvanajka.hu\/iskola\/?p=803"},"modified":"2024-01-10T13:17:15","modified_gmt":"2024-01-10T12:17:15","slug":"karacsonyi-mozidelutan-az-aulaban","status":"publish","type":"post","link":"https:\/\/www.szentistvanajka.hu\/iskola\/2023\/12\/22\/karacsonyi-mozidelutan-az-aulaban\/","title":{"rendered":"Kar\u00e1csonyi mozid\u00e9lut\u00e1n az aul\u00e1ban"},"content":{"rendered":"<p style=\"text-align: justify;\"><span style=\"font-size: 26.0pt; font-family: 'Monotype Corsiva';\">Az utols\u00f3 tan\u00edt\u00e1si h\u00e9ten Milkovics Messalina tan\u00edt\u00f3n\u0151 egy k\u00f6z\u00f6s mozid\u00e9lut\u00e1nra h\u00edvta az als\u00f3 tagozatos gyerekeket. A n\u00e9pszer\u0171 Mind\u00f6r\u00f6kk\u00e9 kar\u00e1csony c\u00edm\u0171 filmet tekintett\u00e9k meg a gyerekek. Ahogy a k\u00e9pen is l\u00e1tszik, a sz\u00e9p sz\u00e1m\u00fa k\u00f6z\u00f6ns\u00e9get elvar\u00e1zsolta a k\u00f6zelg\u0151 \u00fcnnepeket megid\u00e9z\u0151 film.<\/span><\/p>\n","protected":false},"excerpt":{"rendered":"<p>Az utols\u00f3 tan\u00edt\u00e1si h\u00e9ten Milkovics Messalina tan\u00edt\u00f3n\u0151 egy k\u00f6z\u00f6s mozid\u00e9lut\u00e1nra h\u00edvta az als\u00f3 tagozatos gyerekeket. A n\u00e9pszer\u0171 Mind\u00f6r\u00f6kk\u00e9 kar\u00e1csony c\u00edm\u0171 filmet tekintett\u00e9k meg a gyerekek. Ahogy a k\u00e9pen is l\u00e1tszik, a sz\u00e9p sz\u00e1m\u00fa k\u00f6z\u00f6ns\u00e9get elvar\u00e1zsolta a k\u00f6zelg\u0151 \u00fcnnepeket megid\u00e9z\u0151 film.<\/p>\n","protected":false},"author":1,"featured_media":804,"comment_status":"closed","ping_status":"closed","sticky":false,"template":"","format":"standard","meta":{"_et_pb_use_builder":"","_et_pb_old_content":"","_et_gb_content_width":"","footnotes":""},"categories":[1],"tags":[],"_links":{"self":[{"href":"https:\/\/www.szentistvanajka.hu\/iskola\/wp-json\/wp\/v2\/posts\/803"}],"collection":[{"href":"https:\/\/www.szentistvanajka.hu\/iskola\/wp-json\/wp\/v2\/posts"}],"about":[{"href":"https:\/\/www.szentistvanajka.hu\/iskola\/wp-json\/wp\/v2\/types\/post"}],"author":[{"embeddable":true,"href":"https:\/\/www.szentistvanajka.hu\/iskola\/wp-json\/wp\/v2\/users\/1"}],"replies":[{"embeddable":true,"href":"https:\/\/www.szentistvanajka.hu\/iskola\/wp-json\/wp\/v2\/comments?post=803"}],"version-history":[{"count":1,"href":"https:\/\/www.szentistvanajka.hu\/iskola\/wp-json\/wp\/v2\/posts\/803\/revisions"}],"predecessor-version":[{"id":805,"href":"https:\/\/www.szentistvanajka.hu\/iskola\/wp-json\/wp\/v2\/posts\/803\/revisions\/805"}],"wp:featuredmedia":[{"embeddable":true,"href":"https:\/\/www.szentistvanajka.hu\/iskola\/wp-json\/wp\/v2\/media\/804"}],"wp:attachment":[{"href":"https:\/\/www.szentistvanajka.hu\/iskola\/wp-json\/wp\/v2\/media?parent=803"}],"wp:term":[{"taxonomy":"category","embeddable":true,"href":"https:\/\/www.szentistvanajka.hu\/iskola\/wp-json\/wp\/v2\/categories?post=803"},{"taxonomy":"post_tag","embeddable":true,"href":"https:\/\/www.szentistvanajka.hu\/iskola\/wp-json\/wp\/v2\/tags?post=803"}],"curies":[{"name":"wp","href":"https:\/\/api.w.org\/{rel}","templated":true}]}}