{"id":793,"date":"2023-11-25T08:09:52","date_gmt":"2023-11-25T07:09:52","guid":{"rendered":"https:\/\/www.szentistvanajka.hu\/iskola\/?p=793"},"modified":"2024-01-10T13:15:09","modified_gmt":"2024-01-10T12:15:09","slug":"iskolatorteneti-projekthet","status":"publish","type":"post","link":"https:\/\/www.szentistvanajka.hu\/iskola\/2023\/11\/25\/iskolatorteneti-projekthet\/","title":{"rendered":"Iskolat\u00f6rt\u00e9neti projekth\u00e9t"},"content":{"rendered":"<p><strong>\u201eC\u00e9lunk, hogy a m\u00faltunkat megismerj\u00fck\u201d<\/strong><\/p>\n<p><strong>iskolat\u00f6rt\u00e9neti t\u00e9mah\u00e9t int\u00e9zm\u00e9ny\u00fcnkben\u00a0 <\/strong><\/p>\n<p><strong>A\u00a0<\/strong><em><strong>Szent Istv\u00e1n Kir\u00e1ly R\u00f3mai Katolikus \u00c1ltal\u00e1nos Iskola \u00e9s \u00d3voda<\/strong><\/em><strong>\u00a0igazgat\u00f3helyettese\u00a0<\/strong><em><strong>Horv\u00e1thn\u00e9 Tilhof Gy\u00f6ngyi<\/strong><\/em><strong>\u00a0id\u00e9n \u0151sszel, harmadik alkalommal rendezett iskolat\u00f6rt\u00e9neti t\u00e9mahetet az int\u00e9zm\u00e9nyben. November 20- \u00e1t\u00f3l 24-\u00e9ig, h\u00e9tf\u0151t\u0151l p\u00e9ntekig minden koroszt\u00e1ly bekapcsol\u00f3dhatott a j\u00e1t\u00e9kos sz\u00ednes feladatokb\u00f3l \u00e1ll\u00f3 programok sorozat\u00e1ba.<\/strong><\/p>\n<p>A t\u00e9mahetek c\u00e9lja az, hogy a m\u00faltunkat megismerj\u00fck. Els\u0151 alkalommal T\u00f3sokber\u00e9nd telep\u00fcl\u00e9s megismer\u00e9se volt a k\u00f6z\u00e9ppontban. Az el\u0151z\u0151 tan\u00e9vben dupla jubileumot \u00fcnnepelt\u00fcnk: tizedik \u00e9vfordul\u00f3j\u00e1t \u00fcnnepelte az int\u00e9zm\u00e9ny, illetve megeml\u00e9kezt\u00fcnk arr\u00f3l is, hogy az iskola egykori \u00e9p\u00fclet\u00e9ben 75 \u00e9vvel ezel\u0151tt kezd\u0151d\u00f6tt meg a tan\u00edt\u00e1s, ez adta a m\u00e1sodik programsorozat t\u00e9m\u00e1j\u00e1t. Id\u00e9n a n\u00e9pt\u00e1nc ker\u00fclt a f\u00f3kuszba, mert ez az \u00e1ltal\u00e1nos iskola mindig h\u00edres volt arr\u00f3l is, hogy itt mindig n\u00e9pt\u00e1ncoltunk. A jelenlegi tan\u00e1ri karb\u00f3l t\u00f6bben, \u00e9vtizedekkel ezel\u0151tt m\u00e9g\u00a0<em>Horv\u00e1th Magda<\/em>\u00a0n\u00e9nit\u0151l tanult\u00e1k a t\u00e1ncl\u00e9p\u00e9seket, azt\u00e1n voltak v\u00e1lt\u00e1sok, 2004 \u00f3ta pedig\u00a0<em>Tahin Ildik\u00f3<\/em>\u00a0oktatja a gyerekeket els\u0151 oszt\u00e1lyt\u00f3l eg\u00e9szen a v\u00e9gz\u0151s\u00f6kig, fogalmazott az iskola igazgat\u00f3helyettese<\/p>\n<p>A n\u00e9pt\u00e1nc t\u00e9mak\u00f6r\u00e9t feldolgoz\u00f3 t\u00e9mah\u00e9t ideje alatt a f\u0151\u00e9p\u00fclet aul\u00e1j\u00e1ban egy sz\u00e9pen berendezett ki\u00e1ll\u00edt\u00e1s volt l\u00e1that\u00f3, ami \u00e9rdekes \u00e9s eredeti viseleteket mutatott be. A gyerekek, a kisebbek \u00e9s a nagyobbak is ehhez a ki\u00e1ll\u00edt\u00e1shoz kapcsol\u00f3d\u00f3 feladatokat kaptak, saj\u00e1t koroszt\u00e1lyukhoz igazodva. Az als\u00f3 tagozatosok egy\u00a0<em>\u201eN\u00e9pt\u00e1ncos \u00d6tpr\u00f3b\u00e1n\u201d<\/em>\u00a0vettek r\u00e9szt. Minden d\u00e9lel\u0151tt m\u00e1s \u2013 m\u00e1s j\u00e1t\u00e9kos feladv\u00e1nyokat kaptak, amiket egy\u00fctt kellett megoldaniuk, mik\u00f6zben k\u00f6z\u00f6sen \u00e9s \u00e9lm\u00e9nyszer\u0171en tanultak valami \u00fajat a n\u00e9pt\u00e1nccal kapcsolatban. Szerda d\u00e9lut\u00e1n 14 \u00f3r\u00e1t\u00f3l a fels\u0151 tagozatosok n\u00e9gyf\u0151s csapatai egy vet\u00e9lked\u0151n vettek r\u00e9szt, ahol a kicsikhez hasonl\u00f3an a j\u00e1t\u00e9kos tud\u00e1sszerz\u00e9sen volt a hangs\u00faly. A vet\u00e9lked\u0151n zs\u0171ri eln\u00f6ke\u00a0<em>Rieder Andr\u00e1s<\/em>\u00a0az int\u00e9zm\u00e9ny igazgat\u00f3ja, tagjai pedig\u00a0<em>Tahin Ildik\u00f3<\/em>\u00a0n\u00e9pt\u00e1ncpedag\u00f3gus \u00e9s\u00a0<em>L\u00e1szl\u00f3n\u00e9 Szeghalmi Stella<\/em>\u00a0magyar-t\u00f6rt\u00e9nelem \u00e9s hon- \u00e9s n\u00e9pismeretet tan\u00edt\u00f3 pedag\u00f3gusok voltak.<\/p>\n<p>Kedden \u00e9s p\u00e9nteken a h\u00fasz perces nagysz\u00fcnetben mini t\u00e1nch\u00e1zakat tartottak a f\u0151\u00e9p\u00fclet aul\u00e1j\u00e1ban melybe b\u00e1rki bekapcsol\u00f3dhatott, cs\u00fct\u00f6rt\u00f6k\u00f6n d\u00e9lel\u0151tt pedig az int\u00e9zm\u00e9ny \u00f3vod\u00e1sai l\u00e1togattak el az iskol\u00e1sokhoz \u00e9s mutatt\u00e1k meg, m\u00e1r \u0151k is milyen \u00fcgyesek a n\u00e9pt\u00e1ncban.<\/p>\n<p>Az als\u00f3sok \u00f6tpr\u00f3b\u00e1j\u00e1t azonos pontsz\u00e1mmal a 2.b \u00e9s a 3. b oszt\u00e1ly nyerte, a fels\u0151s\u00f6k vet\u00e9lked\u0151j\u00e9n pedig a 8.a oszt\u00e1ly csapata volt a legeredm\u00e9nyesebb :\u00a0<em>Bakos D\u00e1vid, Heizler Zal\u00e1n, Kiss Eszter, \u00e9s Moln\u00e1r Vanda<\/em>.<img loading=\"lazy\" decoding=\"async\" class=\"alignnone size-large wp-image-794\" src=\"https:\/\/www.szentistvanajka.hu\/iskola\/wp-content\/uploads\/sites\/2\/2024\/01\/202311-iskolatortenet-1-1024x461.jpg\" alt=\"\" width=\"1024\" height=\"461\" srcset=\"https:\/\/www.szentistvanajka.hu\/iskola\/wp-content\/uploads\/sites\/2\/2024\/01\/202311-iskolatortenet-1-980x441.jpg 980w, https:\/\/www.szentistvanajka.hu\/iskola\/wp-content\/uploads\/sites\/2\/2024\/01\/202311-iskolatortenet-1-480x216.jpg 480w\" sizes=\"(min-width: 0px) and (max-width: 480px) 480px, (min-width: 481px) and (max-width: 980px) 980px, (min-width: 981px) 1024px, 100vw\" \/> <img loading=\"lazy\" decoding=\"async\" class=\"alignnone size-large wp-image-795\" src=\"https:\/\/www.szentistvanajka.hu\/iskola\/wp-content\/uploads\/sites\/2\/2024\/01\/202311-iskolatortenet-2-1024x462.jpg\" alt=\"\" width=\"1024\" height=\"462\" srcset=\"https:\/\/www.szentistvanajka.hu\/iskola\/wp-content\/uploads\/sites\/2\/2024\/01\/202311-iskolatortenet-2-980x442.jpg 980w, https:\/\/www.szentistvanajka.hu\/iskola\/wp-content\/uploads\/sites\/2\/2024\/01\/202311-iskolatortenet-2-480x216.jpg 480w\" sizes=\"(min-width: 0px) and (max-width: 480px) 480px, (min-width: 481px) and (max-width: 980px) 980px, (min-width: 981px) 1024px, 100vw\" \/> <img loading=\"lazy\" decoding=\"async\" class=\"alignnone size-large wp-image-796\" src=\"https:\/\/www.szentistvanajka.hu\/iskola\/wp-content\/uploads\/sites\/2\/2024\/01\/202311-iskolatortenet-3-1024x462.jpg\" alt=\"\" width=\"1024\" height=\"462\" srcset=\"https:\/\/www.szentistvanajka.hu\/iskola\/wp-content\/uploads\/sites\/2\/2024\/01\/202311-iskolatortenet-3-980x442.jpg 980w, https:\/\/www.szentistvanajka.hu\/iskola\/wp-content\/uploads\/sites\/2\/2024\/01\/202311-iskolatortenet-3-480x216.jpg 480w\" sizes=\"(min-width: 0px) and (max-width: 480px) 480px, (min-width: 481px) and (max-width: 980px) 980px, (min-width: 981px) 1024px, 100vw\" \/> <img loading=\"lazy\" decoding=\"async\" class=\"alignnone size-large wp-image-797\" src=\"https:\/\/www.szentistvanajka.hu\/iskola\/wp-content\/uploads\/sites\/2\/2024\/01\/202311-iskolatortenet-4-1024x576.jpg\" alt=\"\" width=\"1024\" height=\"576\" srcset=\"https:\/\/www.szentistvanajka.hu\/iskola\/wp-content\/uploads\/sites\/2\/2024\/01\/202311-iskolatortenet-4-980x551.jpg 980w, https:\/\/www.szentistvanajka.hu\/iskola\/wp-content\/uploads\/sites\/2\/2024\/01\/202311-iskolatortenet-4-480x270.jpg 480w\" sizes=\"(min-width: 0px) and (max-width: 480px) 480px, (min-width: 481px) and (max-width: 980px) 980px, (min-width: 981px) 1024px, 100vw\" \/> <img loading=\"lazy\" decoding=\"async\" class=\"alignnone size-large wp-image-798\" src=\"https:\/\/www.szentistvanajka.hu\/iskola\/wp-content\/uploads\/sites\/2\/2024\/01\/202311-iskolatortenet-5-1024x461.jpg\" alt=\"\" width=\"1024\" height=\"461\" srcset=\"https:\/\/www.szentistvanajka.hu\/iskola\/wp-content\/uploads\/sites\/2\/2024\/01\/202311-iskolatortenet-5-980x441.jpg 980w, https:\/\/www.szentistvanajka.hu\/iskola\/wp-content\/uploads\/sites\/2\/2024\/01\/202311-iskolatortenet-5-480x216.jpg 480w\" sizes=\"(min-width: 0px) and (max-width: 480px) 480px, (min-width: 481px) and (max-width: 980px) 980px, (min-width: 981px) 1024px, 100vw\" \/> <img loading=\"lazy\" decoding=\"async\" class=\"alignnone size-large wp-image-800\" src=\"https:\/\/www.szentistvanajka.hu\/iskola\/wp-content\/uploads\/sites\/2\/2024\/01\/202311-iskolatortenet-7-1024x768.jpg\" alt=\"\" width=\"1024\" height=\"768\" srcset=\"https:\/\/www.szentistvanajka.hu\/iskola\/wp-content\/uploads\/sites\/2\/2024\/01\/202311-iskolatortenet-7-980x735.jpg 980w, https:\/\/www.szentistvanajka.hu\/iskola\/wp-content\/uploads\/sites\/2\/2024\/01\/202311-iskolatortenet-7-480x360.jpg 480w\" sizes=\"(min-width: 0px) and (max-width: 480px) 480px, (min-width: 481px) and (max-width: 980px) 980px, (min-width: 981px) 1024px, 100vw\" \/> <img loading=\"lazy\" decoding=\"async\" class=\"alignnone size-large wp-image-801\" src=\"https:\/\/www.szentistvanajka.hu\/iskola\/wp-content\/uploads\/sites\/2\/2024\/01\/202311-iskolatortenet-8-1024x768.jpg\" alt=\"\" width=\"1024\" height=\"768\" srcset=\"https:\/\/www.szentistvanajka.hu\/iskola\/wp-content\/uploads\/sites\/2\/2024\/01\/202311-iskolatortenet-8-980x735.jpg 980w, https:\/\/www.szentistvanajka.hu\/iskola\/wp-content\/uploads\/sites\/2\/2024\/01\/202311-iskolatortenet-8-480x360.jpg 480w\" sizes=\"(min-width: 0px) and (max-width: 480px) 480px, (min-width: 481px) and (max-width: 980px) 980px, (min-width: 981px) 1024px, 100vw\" \/><\/p>\n","protected":false},"excerpt":{"rendered":"<p>\u201eC\u00e9lunk, hogy a m\u00faltunkat megismerj\u00fck\u201d iskolat\u00f6rt\u00e9neti t\u00e9mah\u00e9t int\u00e9zm\u00e9ny\u00fcnkben\u00a0 A\u00a0Szent Istv\u00e1n Kir\u00e1ly R\u00f3mai Katolikus \u00c1ltal\u00e1nos Iskola \u00e9s \u00d3voda\u00a0igazgat\u00f3helyettese\u00a0Horv\u00e1thn\u00e9 Tilhof Gy\u00f6ngyi\u00a0id\u00e9n \u0151sszel, harmadik alkalommal rendezett iskolat\u00f6rt\u00e9neti t\u00e9mahetet az int\u00e9zm\u00e9nyben. November 20- \u00e1t\u00f3l 24-\u00e9ig, h\u00e9tf\u0151t\u0151l p\u00e9ntekig minden koroszt\u00e1ly bekapcsol\u00f3dhatott a j\u00e1t\u00e9kos sz\u00ednes feladatokb\u00f3l \u00e1ll\u00f3 programok sorozat\u00e1ba. A t\u00e9mahetek c\u00e9lja az, hogy a m\u00faltunkat megismerj\u00fck. Els\u0151 alkalommal T\u00f3sokber\u00e9nd telep\u00fcl\u00e9s [&hellip;]<\/p>\n","protected":false},"author":1,"featured_media":799,"comment_status":"closed","ping_status":"closed","sticky":false,"template":"","format":"standard","meta":{"_et_pb_use_builder":"","_et_pb_old_content":"","_et_gb_content_width":"","footnotes":""},"categories":[1],"tags":[],"_links":{"self":[{"href":"https:\/\/www.szentistvanajka.hu\/iskola\/wp-json\/wp\/v2\/posts\/793"}],"collection":[{"href":"https:\/\/www.szentistvanajka.hu\/iskola\/wp-json\/wp\/v2\/posts"}],"about":[{"href":"https:\/\/www.szentistvanajka.hu\/iskola\/wp-json\/wp\/v2\/types\/post"}],"author":[{"embeddable":true,"href":"https:\/\/www.szentistvanajka.hu\/iskola\/wp-json\/wp\/v2\/users\/1"}],"replies":[{"embeddable":true,"href":"https:\/\/www.szentistvanajka.hu\/iskola\/wp-json\/wp\/v2\/comments?post=793"}],"version-history":[{"count":1,"href":"https:\/\/www.szentistvanajka.hu\/iskola\/wp-json\/wp\/v2\/posts\/793\/revisions"}],"predecessor-version":[{"id":802,"href":"https:\/\/www.szentistvanajka.hu\/iskola\/wp-json\/wp\/v2\/posts\/793\/revisions\/802"}],"wp:featuredmedia":[{"embeddable":true,"href":"https:\/\/www.szentistvanajka.hu\/iskola\/wp-json\/wp\/v2\/media\/799"}],"wp:attachment":[{"href":"https:\/\/www.szentistvanajka.hu\/iskola\/wp-json\/wp\/v2\/media?parent=793"}],"wp:term":[{"taxonomy":"category","embeddable":true,"href":"https:\/\/www.szentistvanajka.hu\/iskola\/wp-json\/wp\/v2\/categories?post=793"},{"taxonomy":"post_tag","embeddable":true,"href":"https:\/\/www.szentistvanajka.hu\/iskola\/wp-json\/wp\/v2\/tags?post=793"}],"curies":[{"name":"wp","href":"https:\/\/api.w.org\/{rel}","templated":true}]}}