{"id":755,"date":"2023-12-03T10:19:02","date_gmt":"2023-12-03T09:19:02","guid":{"rendered":"https:\/\/www.szentistvanajka.hu\/iskola\/?p=755"},"modified":"2023-12-18T10:21:06","modified_gmt":"2023-12-18T09:21:06","slug":"varosi-gyertyagyujtas","status":"publish","type":"post","link":"https:\/\/www.szentistvanajka.hu\/iskola\/2023\/12\/03\/varosi-gyertyagyujtas\/","title":{"rendered":"V\u00e1rosi gyertyagy\u00fajt\u00e1s"},"content":{"rendered":"<p>Ism\u00e9telten ben\u00e9pesedett Ajk\u00e1n az Ag\u00f3ra december 2-\u00e1n, szombaton este \u00bc 6-kor, amikor az adventi koszor\u00fa els\u0151 gyerty\u00e1j\u00e1nak meggy\u00fajt\u00e1s\u00e1ra ker\u00fclt sor.<\/p>\n<p>Hagyom\u00e1nyosan \u00f6kumenikus keretek k\u00f6z\u00f6tt t\u00f6rt\u00e9nik \u00e9vr\u0151l \u00e9vre az adventi gyertyagy\u00fajt\u00e1s Ajk\u00e1n. Az els\u0151 gyertya meggy\u00fajt\u00e1s\u00e1n\u00e1l a lelki k\u00e9sz\u00fcletet a Szent Istv\u00e1n Kir\u00e1ly R\u00f3mai Katolikus \u00c1ltal\u00e1nos Iskola \u00e9s \u00d3voda di\u00e1kjai \u00e9s tan\u00e1rai vezett\u00e9k. Reitter Istv\u00e1n, az iskola hittan\u00e1ra k\u00f6sz\u00f6nt\u00f6tte az egybegy\u0171lteket, \u00f6r\u00f6m\u00e9t kifejezve, hogy az idei \u00e9vben is sokan j\u00f6ttek el, \u00e9s indulnak egy\u00fctt \u00fatnak az adventi id\u0151szak lelki k\u00e9sz\u00fcl\u0151d\u00e9s\u00e9ben. Ezt k\u00f6vet\u0151en Bakos Frigyesnek, az iskola lelki igazgat\u00f3j\u00e1nak adventi gondolataival indult el a k\u00f6z\u00f6s k\u00e9sz\u00fcl\u0151d\u00e9s. A katolikus iskola tanul\u00f3i verses, \u00e9nekes m\u0171sor\u00e1val folytat\u00f3dott az \u00fcnneps\u00e9g. A v\u00e1ros adventi koszor\u00faj\u00e1n az els\u0151 gyerty\u00e1t Rieder Andr\u00e1s, a katolikus iskola igazgat\u00f3ja gy\u00fajtotta meg.<\/p>\n<p>A jelenl\u00e9v\u0151k k\u00f6z\u00f6sen elim\u00e1dkozt\u00e1k a miaty\u00e1nkot, majd a t\u00f6rt\u00e9nelmi egyh\u00e1zak lelk\u00e9szeinek \u00f6kumenikus \u00e1ld\u00e1s\u00e1val z\u00e1rult a lelki k\u00e9sz\u00fcl\u0151d\u00e9s els\u0151 alkalma.<\/p>\n<p><img loading=\"lazy\" decoding=\"async\" class=\"alignnone size-medium wp-image-757\" src=\"https:\/\/www.szentistvanajka.hu\/iskola\/wp-content\/uploads\/sites\/2\/2023\/12\/202312-varosi-gyertyagyujtas-1-300x200.jpg\" alt=\"\" width=\"300\" height=\"200\" \/><\/p>\n","protected":false},"excerpt":{"rendered":"<p>Ism\u00e9telten ben\u00e9pesedett Ajk\u00e1n az Ag\u00f3ra december 2-\u00e1n, szombaton este \u00bc 6-kor, amikor az adventi koszor\u00fa els\u0151 gyerty\u00e1j\u00e1nak meggy\u00fajt\u00e1s\u00e1ra ker\u00fclt sor. Hagyom\u00e1nyosan \u00f6kumenikus keretek k\u00f6z\u00f6tt t\u00f6rt\u00e9nik \u00e9vr\u0151l \u00e9vre az adventi gyertyagy\u00fajt\u00e1s Ajk\u00e1n. Az els\u0151 gyertya meggy\u00fajt\u00e1s\u00e1n\u00e1l a lelki k\u00e9sz\u00fcletet a Szent Istv\u00e1n Kir\u00e1ly R\u00f3mai Katolikus \u00c1ltal\u00e1nos Iskola \u00e9s \u00d3voda di\u00e1kjai \u00e9s tan\u00e1rai vezett\u00e9k. Reitter Istv\u00e1n, az [&hellip;]<\/p>\n","protected":false},"author":1,"featured_media":756,"comment_status":"closed","ping_status":"closed","sticky":false,"template":"","format":"standard","meta":{"_et_pb_use_builder":"","_et_pb_old_content":"","_et_gb_content_width":"","footnotes":""},"categories":[1],"tags":[],"_links":{"self":[{"href":"https:\/\/www.szentistvanajka.hu\/iskola\/wp-json\/wp\/v2\/posts\/755"}],"collection":[{"href":"https:\/\/www.szentistvanajka.hu\/iskola\/wp-json\/wp\/v2\/posts"}],"about":[{"href":"https:\/\/www.szentistvanajka.hu\/iskola\/wp-json\/wp\/v2\/types\/post"}],"author":[{"embeddable":true,"href":"https:\/\/www.szentistvanajka.hu\/iskola\/wp-json\/wp\/v2\/users\/1"}],"replies":[{"embeddable":true,"href":"https:\/\/www.szentistvanajka.hu\/iskola\/wp-json\/wp\/v2\/comments?post=755"}],"version-history":[{"count":1,"href":"https:\/\/www.szentistvanajka.hu\/iskola\/wp-json\/wp\/v2\/posts\/755\/revisions"}],"predecessor-version":[{"id":758,"href":"https:\/\/www.szentistvanajka.hu\/iskola\/wp-json\/wp\/v2\/posts\/755\/revisions\/758"}],"wp:featuredmedia":[{"embeddable":true,"href":"https:\/\/www.szentistvanajka.hu\/iskola\/wp-json\/wp\/v2\/media\/756"}],"wp:attachment":[{"href":"https:\/\/www.szentistvanajka.hu\/iskola\/wp-json\/wp\/v2\/media?parent=755"}],"wp:term":[{"taxonomy":"category","embeddable":true,"href":"https:\/\/www.szentistvanajka.hu\/iskola\/wp-json\/wp\/v2\/categories?post=755"},{"taxonomy":"post_tag","embeddable":true,"href":"https:\/\/www.szentistvanajka.hu\/iskola\/wp-json\/wp\/v2\/tags?post=755"}],"curies":[{"name":"wp","href":"https:\/\/api.w.org\/{rel}","templated":true}]}}