{"id":748,"date":"2023-12-14T07:48:37","date_gmt":"2023-12-14T06:48:37","guid":{"rendered":"https:\/\/www.szentistvanajka.hu\/iskola\/?p=748"},"modified":"2023-12-18T10:18:04","modified_gmt":"2023-12-18T09:18:04","slug":"pizsiparti","status":"publish","type":"post","link":"https:\/\/www.szentistvanajka.hu\/iskola\/2023\/12\/14\/pizsiparti\/","title":{"rendered":"Pizsiparti"},"content":{"rendered":"<p>December 1-j\u00e9n ism\u00e9t egy vid\u00e1m rendezv\u00e9nnyel ind\u00edtottuk az iskolai t\u00e9li programokat. Negyedik alkalommal szervezt\u00fck meg a pizsipartit, amelyen 120 fels\u0151s tan\u00edtv\u00e1nyunk vett r\u00e9szt, term\u00e9szetesen az alkalomhoz ill\u0151en \u00f6lt\u00f6zve, pizsam\u00e1ban. Az esem\u00e9nyt n\u00e9h\u00e1ny perces zen\u00e9s esti torn\u00e1val ind\u00edtottuk, majd \u00a0a j\u00f3 filmet m\u00e9g jobb\u00e1 t\u00e9v\u0151 nasi, \u00fcd\u00edt\u0151, kisp\u00e1rna \u00e9s pl\u00e9d bek\u00e9sz\u00edt\u00e9se ut\u00e1n kezd\u0151dhetett a moziz\u00e1s. Coco, a mexik\u00f3i kisfi\u00fa meghat\u00f3 t\u00f6rt\u00e9nete, a var\u00e1zslatos anim\u00e1ci\u00f3, a f\u00fclbem\u00e1sz\u00f3 dallamok mindenki figyelm\u00e9t lek\u00f6t\u00f6tte. A filmvet\u00edt\u00e9st vid\u00e1m p\u00e1rnacsata \u00e9s 19.00 \u00f3r\u00e1ig tart\u00f3 sulibuli z\u00e1rta.<\/p>\n<p>A program j\u00f3t\u00e9kony c\u00e9llal ker\u00fclt megrendez\u00e9sre, a bev\u00e9telb\u0151l az ajkai id\u0151sek otthon\u00e1ban \u00e9l\u0151 embereknek \u00e1ll\u00edtottunk \u00f6ssze finoms\u00e1gokban b\u0151velked\u0151 aj\u00e1nd\u00e9kcsomagot. A csomag \u00e1tad\u00e1s\u00e1ra december 19-\u00e9n az \u00daj \u00e9let utcai id\u0151sek otthon\u00e1ban r\u00f6vid kar\u00e1csonyi m\u0171sor keret\u00e9ben ker\u00fcl sor.<\/p>\n<p><img loading=\"lazy\" decoding=\"async\" class=\"alignnone wp-image-750\" src=\"https:\/\/www.szentistvanajka.hu\/iskola\/wp-content\/uploads\/sites\/2\/2023\/12\/202312-pizsiparti-2-300x225.jpg\" alt=\"\" width=\"350\" height=\"262\" srcset=\"https:\/\/www.szentistvanajka.hu\/iskola\/wp-content\/uploads\/sites\/2\/2023\/12\/202312-pizsiparti-2-300x225.jpg 300w, https:\/\/www.szentistvanajka.hu\/iskola\/wp-content\/uploads\/sites\/2\/2023\/12\/202312-pizsiparti-2.jpg 463w\" sizes=\"(max-width: 350px) 100vw, 350px\" \/> <img loading=\"lazy\" decoding=\"async\" class=\"alignnone wp-image-751\" src=\"https:\/\/www.szentistvanajka.hu\/iskola\/wp-content\/uploads\/sites\/2\/2023\/12\/202312-pizsiparti-3.jpg\" alt=\"\" width=\"197\" height=\"262\" \/> <img loading=\"lazy\" decoding=\"async\" class=\"alignnone wp-image-752\" src=\"https:\/\/www.szentistvanajka.hu\/iskola\/wp-content\/uploads\/sites\/2\/2023\/12\/202312-pizsiparti-4-300x225.jpg\" alt=\"\" width=\"350\" height=\"262\" srcset=\"https:\/\/www.szentistvanajka.hu\/iskola\/wp-content\/uploads\/sites\/2\/2023\/12\/202312-pizsiparti-4-300x225.jpg 300w, https:\/\/www.szentistvanajka.hu\/iskola\/wp-content\/uploads\/sites\/2\/2023\/12\/202312-pizsiparti-4.jpg 459w\" sizes=\"(max-width: 350px) 100vw, 350px\" \/> <img loading=\"lazy\" decoding=\"async\" class=\"alignnone wp-image-753\" src=\"https:\/\/www.szentistvanajka.hu\/iskola\/wp-content\/uploads\/sites\/2\/2023\/12\/202312-pizsiparti-5.jpg\" alt=\"\" width=\"237\" height=\"262\" \/><\/p>\n","protected":false},"excerpt":{"rendered":"<p>December 1-j\u00e9n ism\u00e9t egy vid\u00e1m rendezv\u00e9nnyel ind\u00edtottuk az iskolai t\u00e9li programokat. Negyedik alkalommal szervezt\u00fck meg a pizsipartit, amelyen 120 fels\u0151s tan\u00edtv\u00e1nyunk vett r\u00e9szt, term\u00e9szetesen az alkalomhoz ill\u0151en \u00f6lt\u00f6zve, pizsam\u00e1ban. Az esem\u00e9nyt n\u00e9h\u00e1ny perces zen\u00e9s esti torn\u00e1val ind\u00edtottuk, majd \u00a0a j\u00f3 filmet m\u00e9g jobb\u00e1 t\u00e9v\u0151 nasi, \u00fcd\u00edt\u0151, kisp\u00e1rna \u00e9s pl\u00e9d bek\u00e9sz\u00edt\u00e9se ut\u00e1n kezd\u0151dhetett a moziz\u00e1s. Coco, [&hellip;]<\/p>\n","protected":false},"author":1,"featured_media":749,"comment_status":"closed","ping_status":"closed","sticky":false,"template":"","format":"standard","meta":{"_et_pb_use_builder":"","_et_pb_old_content":"","_et_gb_content_width":"","footnotes":""},"categories":[1],"tags":[],"_links":{"self":[{"href":"https:\/\/www.szentistvanajka.hu\/iskola\/wp-json\/wp\/v2\/posts\/748"}],"collection":[{"href":"https:\/\/www.szentistvanajka.hu\/iskola\/wp-json\/wp\/v2\/posts"}],"about":[{"href":"https:\/\/www.szentistvanajka.hu\/iskola\/wp-json\/wp\/v2\/types\/post"}],"author":[{"embeddable":true,"href":"https:\/\/www.szentistvanajka.hu\/iskola\/wp-json\/wp\/v2\/users\/1"}],"replies":[{"embeddable":true,"href":"https:\/\/www.szentistvanajka.hu\/iskola\/wp-json\/wp\/v2\/comments?post=748"}],"version-history":[{"count":1,"href":"https:\/\/www.szentistvanajka.hu\/iskola\/wp-json\/wp\/v2\/posts\/748\/revisions"}],"predecessor-version":[{"id":754,"href":"https:\/\/www.szentistvanajka.hu\/iskola\/wp-json\/wp\/v2\/posts\/748\/revisions\/754"}],"wp:featuredmedia":[{"embeddable":true,"href":"https:\/\/www.szentistvanajka.hu\/iskola\/wp-json\/wp\/v2\/media\/749"}],"wp:attachment":[{"href":"https:\/\/www.szentistvanajka.hu\/iskola\/wp-json\/wp\/v2\/media?parent=748"}],"wp:term":[{"taxonomy":"category","embeddable":true,"href":"https:\/\/www.szentistvanajka.hu\/iskola\/wp-json\/wp\/v2\/categories?post=748"},{"taxonomy":"post_tag","embeddable":true,"href":"https:\/\/www.szentistvanajka.hu\/iskola\/wp-json\/wp\/v2\/tags?post=748"}],"curies":[{"name":"wp","href":"https:\/\/api.w.org\/{rel}","templated":true}]}}