{"id":728,"date":"2023-11-21T12:14:52","date_gmt":"2023-11-21T11:14:52","guid":{"rendered":"https:\/\/www.szentistvanajka.hu\/iskola\/?p=728"},"modified":"2023-12-05T12:16:46","modified_gmt":"2023-12-05T11:16:46","slug":"sikerek-az-olvasopalyazaton","status":"publish","type":"post","link":"https:\/\/www.szentistvanajka.hu\/iskola\/2023\/11\/21\/sikerek-az-olvasopalyazaton\/","title":{"rendered":"Sikerek az olvas\u00f3p\u00e1ly\u00e1zaton"},"content":{"rendered":"<p>A Nyir\u00e1di Erzs\u00e9bet Kir\u00e1lyn\u00e9 \u00c1ltal\u00e1nos Iskola ebben az \u00e9vben m\u00e1r XXI. alkalommal hirdette meg olvas\u00f3p\u00e1ly\u00e1zat\u00e1t K\u00f6z\u00e9p-Dun\u00e1nt\u00fal ter\u00fclet\u00e9n (Veszpr\u00e9m, Fej\u00e9r, Kom\u00e1rom-Esztergom v\u00e1rmegye) tanul\u00f3 \u00e1ltal\u00e1nos iskol\u00e1soknak n\u00e9gy kateg\u00f3ri\u00e1ban. A verseny t\u00e9m\u00e1ja a balatoni mond\u00e1khoz kapcsol\u00f3dott. A feladatlapokat t\u00f6bb hossz\u00fa t\u00f6rt\u00e9net elolvas\u00e1sa, illetve n\u00e9h\u00e1ny kisfilm megtekint\u00e9se ut\u00e1n lehetett megoldani. A legnehezebb feladat id\u00e9n is a sz\u00f6vegalkot\u00e1s volt, most lak\u00f3hely\u00fckh\u00f6z kapcsol\u00f3dva a versenyz\u0151knek is kellett egy mond\u00e1t \u00edrniuk. H\u00e1rom di\u00e1kunk munk\u00e1j\u00e1t d\u00edjazta a zs\u0171ri:<\/p>\n<p>Az 1. kateg\u00f3ri\u00e1ban <strong>Schreithofer J\u00e1zmin Bor\u00f3ka 4.b<\/strong> oszt\u00e1lyos tanul\u00f3nk <strong>5.<\/strong> helyez\u00e9st \u00e9rt el, 3. kateg\u00f3ri\u00e1ban (5-8. o.) az <strong>5. b<\/strong> oszt\u00e1lyb\u00f3l <strong>V\u00e9r D\u00f3ra Alexandra 3.<\/strong>, <strong>Berzsenyi Hanga 5.<\/strong> helyez\u00e9st \u00e9rt el.<\/p>\n<p>Sz\u00edvb\u0151l gratul\u00e1lunk a di\u00e1koknak!<\/p>\n","protected":false},"excerpt":{"rendered":"<p>A Nyir\u00e1di Erzs\u00e9bet Kir\u00e1lyn\u00e9 \u00c1ltal\u00e1nos Iskola ebben az \u00e9vben m\u00e1r XXI. alkalommal hirdette meg olvas\u00f3p\u00e1ly\u00e1zat\u00e1t K\u00f6z\u00e9p-Dun\u00e1nt\u00fal ter\u00fclet\u00e9n (Veszpr\u00e9m, Fej\u00e9r, Kom\u00e1rom-Esztergom v\u00e1rmegye) tanul\u00f3 \u00e1ltal\u00e1nos iskol\u00e1soknak n\u00e9gy kateg\u00f3ri\u00e1ban. A verseny t\u00e9m\u00e1ja a balatoni mond\u00e1khoz kapcsol\u00f3dott. A feladatlapokat t\u00f6bb hossz\u00fa t\u00f6rt\u00e9net elolvas\u00e1sa, illetve n\u00e9h\u00e1ny kisfilm megtekint\u00e9se ut\u00e1n lehetett megoldani. A legnehezebb feladat id\u00e9n is a sz\u00f6vegalkot\u00e1s volt, most [&hellip;]<\/p>\n","protected":false},"author":1,"featured_media":729,"comment_status":"closed","ping_status":"closed","sticky":false,"template":"","format":"standard","meta":{"_et_pb_use_builder":"","_et_pb_old_content":"","_et_gb_content_width":"","footnotes":""},"categories":[1],"tags":[],"_links":{"self":[{"href":"https:\/\/www.szentistvanajka.hu\/iskola\/wp-json\/wp\/v2\/posts\/728"}],"collection":[{"href":"https:\/\/www.szentistvanajka.hu\/iskola\/wp-json\/wp\/v2\/posts"}],"about":[{"href":"https:\/\/www.szentistvanajka.hu\/iskola\/wp-json\/wp\/v2\/types\/post"}],"author":[{"embeddable":true,"href":"https:\/\/www.szentistvanajka.hu\/iskola\/wp-json\/wp\/v2\/users\/1"}],"replies":[{"embeddable":true,"href":"https:\/\/www.szentistvanajka.hu\/iskola\/wp-json\/wp\/v2\/comments?post=728"}],"version-history":[{"count":1,"href":"https:\/\/www.szentistvanajka.hu\/iskola\/wp-json\/wp\/v2\/posts\/728\/revisions"}],"predecessor-version":[{"id":730,"href":"https:\/\/www.szentistvanajka.hu\/iskola\/wp-json\/wp\/v2\/posts\/728\/revisions\/730"}],"wp:featuredmedia":[{"embeddable":true,"href":"https:\/\/www.szentistvanajka.hu\/iskola\/wp-json\/wp\/v2\/media\/729"}],"wp:attachment":[{"href":"https:\/\/www.szentistvanajka.hu\/iskola\/wp-json\/wp\/v2\/media?parent=728"}],"wp:term":[{"taxonomy":"category","embeddable":true,"href":"https:\/\/www.szentistvanajka.hu\/iskola\/wp-json\/wp\/v2\/categories?post=728"},{"taxonomy":"post_tag","embeddable":true,"href":"https:\/\/www.szentistvanajka.hu\/iskola\/wp-json\/wp\/v2\/tags?post=728"}],"curies":[{"name":"wp","href":"https:\/\/api.w.org\/{rel}","templated":true}]}}