{"id":721,"date":"2023-12-01T11:33:21","date_gmt":"2023-12-01T10:33:21","guid":{"rendered":"https:\/\/www.szentistvanajka.hu\/iskola\/?p=721"},"modified":"2023-12-05T11:43:38","modified_gmt":"2023-12-05T10:43:38","slug":"rajzpalyazat-a-banyaszatrol","status":"publish","type":"post","link":"https:\/\/www.szentistvanajka.hu\/iskola\/2023\/12\/01\/rajzpalyazat-a-banyaszatrol\/","title":{"rendered":"Rajzp\u00e1ly\u00e1zat a b\u00e1ny\u00e1szatr\u00f3l"},"content":{"rendered":"<p>\u201e<em>B\u00e1ny\u00e1szatr\u00f3l gyermekszemmel<\/em>\u201d c\u00edmmel hirdetett rajzp\u00e1ly\u00e1zatot a Csingerv\u00f6lgy\u00e9rt Egyes\u00fclet. A t\u00f6bb mint 200 rajzot 3 f\u0151s zs\u0171ri b\u00edr\u00e1lta el, akik helyez\u00e9seket nem \u00e1llap\u00edtottak meg, hanem a legjobb rajzokat d\u00edjazt\u00e1k. Iskol\u00e1nkb\u00f3l a <strong>4.b<\/strong> oszt\u00e1lyos <strong>S\u00fcveges R\u00f3bert Gy\u00f6rgy<\/strong> vehetett \u00e1t oklevelet a munk\u00e1j\u00e1\u00e9rt. Mivel oszt\u00e1lyunk, a 4.b k\u00fcldte be a legt\u00f6bb rajzot, ez\u00e9rt egy oszt\u00e1lykir\u00e1ndul\u00e1sra is megh\u00edv\u00e1st kaptunk, amire tavasszal fog majd sor ker\u00fclni.<\/p>\n","protected":false},"excerpt":{"rendered":"<p>\u201eB\u00e1ny\u00e1szatr\u00f3l gyermekszemmel\u201d c\u00edmmel hirdetett rajzp\u00e1ly\u00e1zatot a Csingerv\u00f6lgy\u00e9rt Egyes\u00fclet. A t\u00f6bb mint 200 rajzot 3 f\u0151s zs\u0171ri b\u00edr\u00e1lta el, akik helyez\u00e9seket nem \u00e1llap\u00edtottak meg, hanem a legjobb rajzokat d\u00edjazt\u00e1k. Iskol\u00e1nkb\u00f3l a 4.b oszt\u00e1lyos S\u00fcveges R\u00f3bert Gy\u00f6rgy vehetett \u00e1t oklevelet a munk\u00e1j\u00e1\u00e9rt. Mivel oszt\u00e1lyunk, a 4.b k\u00fcldte be a legt\u00f6bb rajzot, ez\u00e9rt egy oszt\u00e1lykir\u00e1ndul\u00e1sra is megh\u00edv\u00e1st kaptunk, [&hellip;]<\/p>\n","protected":false},"author":1,"featured_media":722,"comment_status":"closed","ping_status":"closed","sticky":false,"template":"","format":"standard","meta":{"_et_pb_use_builder":"","_et_pb_old_content":"","_et_gb_content_width":"","footnotes":""},"categories":[1],"tags":[],"_links":{"self":[{"href":"https:\/\/www.szentistvanajka.hu\/iskola\/wp-json\/wp\/v2\/posts\/721"}],"collection":[{"href":"https:\/\/www.szentistvanajka.hu\/iskola\/wp-json\/wp\/v2\/posts"}],"about":[{"href":"https:\/\/www.szentistvanajka.hu\/iskola\/wp-json\/wp\/v2\/types\/post"}],"author":[{"embeddable":true,"href":"https:\/\/www.szentistvanajka.hu\/iskola\/wp-json\/wp\/v2\/users\/1"}],"replies":[{"embeddable":true,"href":"https:\/\/www.szentistvanajka.hu\/iskola\/wp-json\/wp\/v2\/comments?post=721"}],"version-history":[{"count":2,"href":"https:\/\/www.szentistvanajka.hu\/iskola\/wp-json\/wp\/v2\/posts\/721\/revisions"}],"predecessor-version":[{"id":724,"href":"https:\/\/www.szentistvanajka.hu\/iskola\/wp-json\/wp\/v2\/posts\/721\/revisions\/724"}],"wp:featuredmedia":[{"embeddable":true,"href":"https:\/\/www.szentistvanajka.hu\/iskola\/wp-json\/wp\/v2\/media\/722"}],"wp:attachment":[{"href":"https:\/\/www.szentistvanajka.hu\/iskola\/wp-json\/wp\/v2\/media?parent=721"}],"wp:term":[{"taxonomy":"category","embeddable":true,"href":"https:\/\/www.szentistvanajka.hu\/iskola\/wp-json\/wp\/v2\/categories?post=721"},{"taxonomy":"post_tag","embeddable":true,"href":"https:\/\/www.szentistvanajka.hu\/iskola\/wp-json\/wp\/v2\/tags?post=721"}],"curies":[{"name":"wp","href":"https:\/\/api.w.org\/{rel}","templated":true}]}}