{"id":718,"date":"2023-11-16T11:31:40","date_gmt":"2023-11-16T10:31:40","guid":{"rendered":"https:\/\/www.szentistvanajka.hu\/iskola\/?p=718"},"modified":"2023-12-05T11:43:04","modified_gmt":"2023-12-05T10:43:04","slug":"a-brodyban-versenyeztunk","status":"publish","type":"post","link":"https:\/\/www.szentistvanajka.hu\/iskola\/2023\/11\/16\/a-brodyban-versenyeztunk\/","title":{"rendered":"A Br\u00f3dyban versenyezt\u00fcnk"},"content":{"rendered":"<p>\u00c9rdekes vet\u00e9lked\u0151n bizony\u00edtott az Ajkai Br\u00f3dy Imre Gimn\u00e1ziumban k\u00e9t nyolcadik oszt\u00e1lyos csapatunk. A term\u00e9szettudom\u00e1nyi verseny feladataiban els\u0151sorban a biol\u00f3giai \u00e9s a f\u00f6ldrajzi tud\u00e1sukat kellett a di\u00e1koknak haszn\u00e1lni, de egy feladat a k\u00e9miai elemek nev\u00e9nek eredet\u00e9r\u0151l sz\u00f3lt. Komplex ismeretekre volt sz\u00fcks\u00e9g a megm\u00e9rettet\u00e9sn\u00e9l. A feladatok k\u00f6z\u00f6tt k\u00f6zponti helyen szerepelt a term\u00e9szetv\u00e9delem. A\u00a0<strong>8.b<\/strong> oszt\u00e1lyos csapatunk, melynek tagja <strong>G\u00e1sp\u00e1r D\u00f3ra<\/strong>, <strong>Kerekes Csongor<\/strong> \u00e9s <strong>L\u00e1szl\u00f3 P\u00e9ter<\/strong> volt,\u00a0 az el\u0151kel\u0151 <strong>1. helyet szerezte meg<\/strong>, a 8. a oszt\u00e1lyosok csapata pedig a 6. helyen v\u00e9gzett a sok csapat k\u00f6z\u00f6tt.<\/p>\n<p><em>Gratul\u00e1lunk a sz\u00e9p eredm\u00e9nyhez!<\/em><\/p>\n<p><img loading=\"lazy\" decoding=\"async\" class=\"alignnone size-large wp-image-719\" src=\"https:\/\/www.szentistvanajka.hu\/iskola\/wp-content\/uploads\/sites\/2\/2023\/12\/202311-brody-verseny-724x1024.jpg\" alt=\"\" width=\"724\" height=\"1024\" srcset=\"https:\/\/www.szentistvanajka.hu\/iskola\/wp-content\/uploads\/sites\/2\/2023\/12\/202311-brody-verseny-724x1024.jpg 724w, https:\/\/www.szentistvanajka.hu\/iskola\/wp-content\/uploads\/sites\/2\/2023\/12\/202311-brody-verseny-480x679.jpg 480w\" sizes=\"(min-width: 0px) and (max-width: 480px) 480px, (min-width: 481px) 724px, 100vw\" \/><\/p>\n","protected":false},"excerpt":{"rendered":"<p>\u00c9rdekes vet\u00e9lked\u0151n bizony\u00edtott az Ajkai Br\u00f3dy Imre Gimn\u00e1ziumban k\u00e9t nyolcadik oszt\u00e1lyos csapatunk. A term\u00e9szettudom\u00e1nyi verseny feladataiban els\u0151sorban a biol\u00f3giai \u00e9s a f\u00f6ldrajzi tud\u00e1sukat kellett a di\u00e1koknak haszn\u00e1lni, de egy feladat a k\u00e9miai elemek nev\u00e9nek eredet\u00e9r\u0151l sz\u00f3lt. Komplex ismeretekre volt sz\u00fcks\u00e9g a megm\u00e9rettet\u00e9sn\u00e9l. A feladatok k\u00f6z\u00f6tt k\u00f6zponti helyen szerepelt a term\u00e9szetv\u00e9delem. A\u00a08.b oszt\u00e1lyos csapatunk, melynek tagja [&hellip;]<\/p>\n","protected":false},"author":1,"featured_media":0,"comment_status":"closed","ping_status":"closed","sticky":false,"template":"","format":"standard","meta":{"_et_pb_use_builder":"","_et_pb_old_content":"","_et_gb_content_width":"","footnotes":""},"categories":[1],"tags":[],"_links":{"self":[{"href":"https:\/\/www.szentistvanajka.hu\/iskola\/wp-json\/wp\/v2\/posts\/718"}],"collection":[{"href":"https:\/\/www.szentistvanajka.hu\/iskola\/wp-json\/wp\/v2\/posts"}],"about":[{"href":"https:\/\/www.szentistvanajka.hu\/iskola\/wp-json\/wp\/v2\/types\/post"}],"author":[{"embeddable":true,"href":"https:\/\/www.szentistvanajka.hu\/iskola\/wp-json\/wp\/v2\/users\/1"}],"replies":[{"embeddable":true,"href":"https:\/\/www.szentistvanajka.hu\/iskola\/wp-json\/wp\/v2\/comments?post=718"}],"version-history":[{"count":1,"href":"https:\/\/www.szentistvanajka.hu\/iskola\/wp-json\/wp\/v2\/posts\/718\/revisions"}],"predecessor-version":[{"id":720,"href":"https:\/\/www.szentistvanajka.hu\/iskola\/wp-json\/wp\/v2\/posts\/718\/revisions\/720"}],"wp:attachment":[{"href":"https:\/\/www.szentistvanajka.hu\/iskola\/wp-json\/wp\/v2\/media?parent=718"}],"wp:term":[{"taxonomy":"category","embeddable":true,"href":"https:\/\/www.szentistvanajka.hu\/iskola\/wp-json\/wp\/v2\/categories?post=718"},{"taxonomy":"post_tag","embeddable":true,"href":"https:\/\/www.szentistvanajka.hu\/iskola\/wp-json\/wp\/v2\/tags?post=718"}],"curies":[{"name":"wp","href":"https:\/\/api.w.org\/{rel}","templated":true}]}}