{"id":695,"date":"2023-10-18T19:54:32","date_gmt":"2023-10-18T17:54:32","guid":{"rendered":"https:\/\/www.szentistvanajka.hu\/iskola\/?p=695"},"modified":"2023-10-18T20:00:41","modified_gmt":"2023-10-18T18:00:41","slug":"egymillio-gyermek-imadkozza-a-rozsafuzert","status":"publish","type":"post","link":"https:\/\/www.szentistvanajka.hu\/iskola\/2023\/10\/18\/egymillio-gyermek-imadkozza-a-rozsafuzert\/","title":{"rendered":"Egymilli\u00f3 gyermek im\u00e1dkozza a r\u00f3zsaf\u00fcz\u00e9rt"},"content":{"rendered":"<p>A mai napon iskol\u00e1nk di\u00e1kjai \u00e9s \u00f3vod\u00e1sai is bekapcsol\u00f3dtak az \u201cEgymilli\u00f3 gyermek egy\u00fctt im\u00e1dkozza ar\u00f3zsaf\u00fcz\u00e9rt\u201d nemzetk\u00f6zi kezdem\u00e9nyez\u00e9sbe, amely 2005-ben Venezuel\u00e1b\u00f3l indult. Az\u00f3ta gyorsan elterjedt a k\u00f6z\u00f6s im\u00e1dkoz\u00e1s, melyen a gyerekek egy\u00fctt sz\u00f3l\u00edtj\u00e1k megM\u00e1ri\u00e1t vil\u00e1gszerte.<img loading=\"lazy\" decoding=\"async\" class=\"alignnone size-large wp-image-694\" src=\"https:\/\/www.szentistvanajka.hu\/iskola\/wp-content\/uploads\/sites\/2\/2023\/10\/20231018-egymillio-gyermek-imadkozza-a-rozsafuzert4-1024x766.jpg\" alt=\"\" width=\"1024\" height=\"766\" \/> <img loading=\"lazy\" decoding=\"async\" class=\"alignnone size-large wp-image-693\" src=\"https:\/\/www.szentistvanajka.hu\/iskola\/wp-content\/uploads\/sites\/2\/2023\/10\/20231018-egymillio-gyermek-imadkozza-a-rozsafuzert3-rotated-e1697651584584-635x1024.jpg\" alt=\"\" width=\"635\" height=\"1024\" \/>\u00a0<img loading=\"lazy\" decoding=\"async\" class=\"alignnone size-large wp-image-690\" src=\"https:\/\/www.szentistvanajka.hu\/iskola\/wp-content\/uploads\/sites\/2\/2023\/10\/20231018-egymillio-gyermek-imadkozza-a-rozsafuzert1-1024x766.jpg\" alt=\"\" width=\"1024\" height=\"766\" \/> <img loading=\"lazy\" decoding=\"async\" class=\"alignnone size-large wp-image-689\" src=\"https:\/\/www.szentistvanajka.hu\/iskola\/wp-content\/uploads\/sites\/2\/2023\/10\/20231018-egymillio-gyermek-imadkozza-a-rozsafuzert5-766x1024.jpg\" alt=\"\" width=\"766\" height=\"1024\" \/><\/p>\n","protected":false},"excerpt":{"rendered":"<p>A mai napon iskol\u00e1nk di\u00e1kjai \u00e9s \u00f3vod\u00e1sai is bekapcsol\u00f3dtak az \u201cEgymilli\u00f3 gyermek egy\u00fctt im\u00e1dkozza ar\u00f3zsaf\u00fcz\u00e9rt\u201d nemzetk\u00f6zi kezdem\u00e9nyez\u00e9sbe, amely 2005-ben Venezuel\u00e1b\u00f3l indult. Az\u00f3ta gyorsan elterjedt a k\u00f6z\u00f6s im\u00e1dkoz\u00e1s, melyen a gyerekek egy\u00fctt sz\u00f3l\u00edtj\u00e1k megM\u00e1ri\u00e1t vil\u00e1gszerte. \u00a0<\/p>\n","protected":false},"author":1,"featured_media":697,"comment_status":"closed","ping_status":"closed","sticky":false,"template":"","format":"standard","meta":{"_et_pb_use_builder":"","_et_pb_old_content":"","_et_gb_content_width":"","footnotes":""},"categories":[1],"tags":[],"_links":{"self":[{"href":"https:\/\/www.szentistvanajka.hu\/iskola\/wp-json\/wp\/v2\/posts\/695"}],"collection":[{"href":"https:\/\/www.szentistvanajka.hu\/iskola\/wp-json\/wp\/v2\/posts"}],"about":[{"href":"https:\/\/www.szentistvanajka.hu\/iskola\/wp-json\/wp\/v2\/types\/post"}],"author":[{"embeddable":true,"href":"https:\/\/www.szentistvanajka.hu\/iskola\/wp-json\/wp\/v2\/users\/1"}],"replies":[{"embeddable":true,"href":"https:\/\/www.szentistvanajka.hu\/iskola\/wp-json\/wp\/v2\/comments?post=695"}],"version-history":[{"count":1,"href":"https:\/\/www.szentistvanajka.hu\/iskola\/wp-json\/wp\/v2\/posts\/695\/revisions"}],"predecessor-version":[{"id":696,"href":"https:\/\/www.szentistvanajka.hu\/iskola\/wp-json\/wp\/v2\/posts\/695\/revisions\/696"}],"wp:featuredmedia":[{"embeddable":true,"href":"https:\/\/www.szentistvanajka.hu\/iskola\/wp-json\/wp\/v2\/media\/697"}],"wp:attachment":[{"href":"https:\/\/www.szentistvanajka.hu\/iskola\/wp-json\/wp\/v2\/media?parent=695"}],"wp:term":[{"taxonomy":"category","embeddable":true,"href":"https:\/\/www.szentistvanajka.hu\/iskola\/wp-json\/wp\/v2\/categories?post=695"},{"taxonomy":"post_tag","embeddable":true,"href":"https:\/\/www.szentistvanajka.hu\/iskola\/wp-json\/wp\/v2\/tags?post=695"}],"curies":[{"name":"wp","href":"https:\/\/api.w.org\/{rel}","templated":true}]}}