{"id":657,"date":"2023-10-09T08:13:54","date_gmt":"2023-10-09T06:13:54","guid":{"rendered":"https:\/\/www.szentistvanajka.hu\/iskola\/?p=657"},"modified":"2023-10-09T08:13:54","modified_gmt":"2023-10-09T06:13:54","slug":"szent-gellert-dijakat-vettek-at-iskolank-pedagogusai","status":"publish","type":"post","link":"https:\/\/www.szentistvanajka.hu\/iskola\/2023\/10\/09\/szent-gellert-dijakat-vettek-at-iskolank-pedagogusai\/","title":{"rendered":"Szent Gell\u00e9rt \u2013 d\u00edjakat vettek \u00e1t iskol\u00e1nk pedag\u00f3gusai"},"content":{"rendered":"<p>Az idei tan\u00e9vben Veszpr\u00e9m v\u00e1ros\u00e1ban megrendez\u00e9sre ker\u00fcl\u0151 Katolikus T\u00e1rsadalmi Napok keretein bel\u00fcl megtartott \u00fcnnepi szentmis\u00e9n, a Szent Mih\u00e1ly &#8211; sz\u00e9kesegyh\u00e1zban osztott\u00e1k ki a F\u0151egyh\u00e1zmegye katolikus int\u00e9zm\u00e9nyeiben dolgoz\u00f3knak a Szent Gell\u00e9rt \u2013 d\u00edjakat. Iskol\u00e1nkb\u00f3l n\u00e9gy pedag\u00f3gus kapott elismer\u00e9st:<\/p>\n<p><strong><em>Reitter Istv\u00e1n arany, B\u00f3day M\u00f3nika, L\u00e1szl\u00f3n\u00e9 Szeghalmi Stella \u00e9s Tim\u00e1r Andrea ez\u00fcst fokozat\u00fa d\u00edjat vehetett \u00e1t Dr. Udvardy Gy\u00f6rgy \u00e9rsek \u00fart\u00f3l. Gratul\u00e1lunk a d\u00edjazottaknak!<\/em><\/strong><\/p>\n","protected":false},"excerpt":{"rendered":"<p>Az idei tan\u00e9vben Veszpr\u00e9m v\u00e1ros\u00e1ban megrendez\u00e9sre ker\u00fcl\u0151 Katolikus T\u00e1rsadalmi Napok keretein bel\u00fcl megtartott \u00fcnnepi szentmis\u00e9n, a Szent Mih\u00e1ly &#8211; sz\u00e9kesegyh\u00e1zban osztott\u00e1k ki a F\u0151egyh\u00e1zmegye katolikus int\u00e9zm\u00e9nyeiben dolgoz\u00f3knak a Szent Gell\u00e9rt \u2013 d\u00edjakat. Iskol\u00e1nkb\u00f3l n\u00e9gy pedag\u00f3gus kapott elismer\u00e9st: Reitter Istv\u00e1n arany, B\u00f3day M\u00f3nika, L\u00e1szl\u00f3n\u00e9 Szeghalmi Stella \u00e9s Tim\u00e1r Andrea ez\u00fcst fokozat\u00fa d\u00edjat vehetett \u00e1t Dr. Udvardy [&hellip;]<\/p>\n","protected":false},"author":1,"featured_media":659,"comment_status":"closed","ping_status":"closed","sticky":false,"template":"","format":"standard","meta":{"_et_pb_use_builder":"","_et_pb_old_content":"","_et_gb_content_width":"","footnotes":""},"categories":[8],"tags":[],"_links":{"self":[{"href":"https:\/\/www.szentistvanajka.hu\/iskola\/wp-json\/wp\/v2\/posts\/657"}],"collection":[{"href":"https:\/\/www.szentistvanajka.hu\/iskola\/wp-json\/wp\/v2\/posts"}],"about":[{"href":"https:\/\/www.szentistvanajka.hu\/iskola\/wp-json\/wp\/v2\/types\/post"}],"author":[{"embeddable":true,"href":"https:\/\/www.szentistvanajka.hu\/iskola\/wp-json\/wp\/v2\/users\/1"}],"replies":[{"embeddable":true,"href":"https:\/\/www.szentistvanajka.hu\/iskola\/wp-json\/wp\/v2\/comments?post=657"}],"version-history":[{"count":1,"href":"https:\/\/www.szentistvanajka.hu\/iskola\/wp-json\/wp\/v2\/posts\/657\/revisions"}],"predecessor-version":[{"id":660,"href":"https:\/\/www.szentistvanajka.hu\/iskola\/wp-json\/wp\/v2\/posts\/657\/revisions\/660"}],"wp:featuredmedia":[{"embeddable":true,"href":"https:\/\/www.szentistvanajka.hu\/iskola\/wp-json\/wp\/v2\/media\/659"}],"wp:attachment":[{"href":"https:\/\/www.szentistvanajka.hu\/iskola\/wp-json\/wp\/v2\/media?parent=657"}],"wp:term":[{"taxonomy":"category","embeddable":true,"href":"https:\/\/www.szentistvanajka.hu\/iskola\/wp-json\/wp\/v2\/categories?post=657"},{"taxonomy":"post_tag","embeddable":true,"href":"https:\/\/www.szentistvanajka.hu\/iskola\/wp-json\/wp\/v2\/tags?post=657"}],"curies":[{"name":"wp","href":"https:\/\/api.w.org\/{rel}","templated":true}]}}