{"id":654,"date":"2023-09-18T08:08:05","date_gmt":"2023-09-18T06:08:05","guid":{"rendered":"https:\/\/www.szentistvanajka.hu\/iskola\/?p=654"},"modified":"2023-10-09T08:09:33","modified_gmt":"2023-10-09T06:09:33","slug":"ovodaval-bovult-intezmenyunk","status":"publish","type":"post","link":"https:\/\/www.szentistvanajka.hu\/iskola\/2023\/09\/18\/ovodaval-bovult-intezmenyunk\/","title":{"rendered":"\u00d3vod\u00e1val b\u0151v\u00fclt int\u00e9zm\u00e9ny\u00fcnk"},"content":{"rendered":"<p>T\u00f6bb mint 40 \u00e9v ut\u00e1n szeptember elsej\u00e9t\u0151l ism\u00e9t van \u00f3vod\u00e1ja T\u00f3sokber\u00e9ndnek. A Veszpr\u00e9mi F\u0151egyh\u00e1zmegye \u00e9s a Magyar Korm\u00e1ny \u00e1ltal 1,4 milli\u00e1rd forintb\u00f3l megval\u00f3sult \u00e9p\u00fcletegy\u00fcttes m\u00e1sf\u00e9l \u00e9v alatt k\u00e9sz\u00fclt el, melynek \u00fcnnep\u00e9lyes \u00e1tad\u00e1s\u00e1ra \u00e9s meg\u00e1ld\u00e1s\u00e1ra 2023. szeptember 15-\u00e9n ker\u00fclt sor.\u00a0 Az \u00fcnneps\u00e9gen jelen volt dr. Navracsics Tibor ter\u00fcletfejleszt\u00e9si miniszter, Solt\u00e9sz Mikl\u00f3s, a Minisztereln\u00f6ks\u00e9g egyh\u00e1zi \u00e9s nemzetis\u00e9gi kapcsolatok\u00e9rt felel\u0151s \u00e1llamtitk\u00e1ra, dr. Udvardy Gy\u00f6rgy veszpr\u00e9mi \u00e9rsek, valamint a fenntart\u00f3 Veszpr\u00e9mi \u00c9rseks\u00e9g munkat\u00e1rsai, Schwartz B\u00e9la Ajka v\u00e1ros polg\u00e1rmestere, megh\u00edvott vend\u00e9gek, valamint pedag\u00f3gusok, sz\u00fcl\u0151k \u00e9s term\u00e9szetesen a gyermekek.<\/p>\n<p>A Himnusz hangjai ut\u00e1n M\u00e1rk evang\u00e9lium\u00e1b\u00f3l vett krisztusi tan\u00edt\u00e1ssal k\u00f6sz\u00f6nt\u00f6tte a megjelenteket Riedern\u00e9 Fenyvesi Bernadett, a Szent Istv\u00e1n Kir\u00e1ly R\u00f3mai Katolikus \u00c1ltal\u00e1nos Iskola \u00e9s \u00d3voda tan\u00e1ra, majd ezt k\u00f6vet\u0151en az int\u00e9zm\u00e9ny di\u00e1kjai \u00e9s nagycsoportos \u00f3vod\u00e1sai adtak m\u0171sort.<\/p>\n<p>Rieder Andr\u00e1s a Szent Istv\u00e1n Kir\u00e1ly R\u00f3mai Katolikus \u00c1ltal\u00e1nos Iskola \u00e9s \u00d3voda igazgat\u00f3ja, a telep\u00fcl\u00e9sr\u00e9sz \u00f6nkorm\u00e1nyzati k\u00e9pvisel\u0151je \u00f6r\u00f6m\u00e9t fejezte ki, hogy t\u00f6bb mint 40 \u00e9v ut\u00e1n ism\u00e9t van \u00f3vod\u00e1ja T\u00f3sokber\u00e9ndnek. A katolikus iskola 2012-es indul\u00e1sakor 234 tanul\u00f3 kezdte meg a tan\u00e9vet, id\u00e9n szeptember 1-j\u00e9n pedig m\u00e1r 506 gyermek: 406 iskol\u00e1s \u00e9s 100 \u00f3vod\u00e1s j\u00e1r a k\u00f6z\u00f6s igazgat\u00e1s\u00fa t\u00f6bbc\u00e9l\u00fa k\u00f6znevel\u00e9si int\u00e9zm\u00e9nybe. 5 \u00e9ves munka eredm\u00e9nyek\u00e9nt val\u00f3sulhatott meg az int\u00e9zm\u00e9ny b\u0151v\u00fcl\u00e9se. Besz\u00e9d\u00e9ben k\u00f6sz\u00f6netet mondott mindazoknak, akik hozz\u00e1j\u00e1rultak ahhoz, hogy ezt az \u00faj impoz\u00e1ns \u00e9p\u00fcletet \u00fcnnep\u00e9lyes keretek k\u00f6z\u00f6tt a mai napon \u00e1tadhatj\u00e1k.<\/p>\n<p>Az \u00fcnneps\u00e9gen dr. Navracsics Tibor ter\u00fcletfejleszt\u00e9si miniszter, a t\u00e9rs\u00e9g orsz\u00e1ggy\u0171l\u00e9si k\u00e9pvisel\u0151je a j\u00f6v\u0151t szem el\u0151tt tartva az al\u00e1bbiakra h\u00edvta fel a r\u00e9sztvev\u0151k figyelm\u00e9t: \u201eAz \u00f3voda nemcsak, \u00e9s nem els\u0151sorban int\u00e9zm\u00e9ny, hanem egy k\u00f6z\u00f6ss\u00e9g, a j\u00f6v\u0151 k\u00f6z\u00f6ss\u00e9ge. Ahol a jelen emberei: a gondoz\u00f3k, az \u00f3vodapedag\u00f3gusok, az \u00f3v\u00f3n\u0151k, \u00f3v\u00f3b\u00e1csik, a dad\u00e1k \u00e9s a j\u00f6v\u0151 nemzed\u00e9ke, a gyerekek tal\u00e1lkoznak.\u201d<\/p>\n<p>Solt\u00e9sz Mikl\u00f3s, a Minisztereln\u00f6ks\u00e9g egyh\u00e1zi \u00e9s nemzetis\u00e9gi kapcsolatok\u00e9rt felel\u0151s \u00e1llamtitk\u00e1ra \u00fcnnepi besz\u00e9d\u00e9ben t\u00f6bbek k\u00f6z\u00f6tt megk\u00f6sz\u00f6nte a Katolikus Egyh\u00e1znak, hogy r\u00e9szt v\u00e1llalt abban a csal\u00e1dpolitikai munk\u00e1ban, melyet t\u00f6bb mint egy \u00e9vtizeddel ezel\u0151tt kezdett meg a Magyar Korm\u00e1ny, majd kijelentette, a csal\u00e1d a nevel\u0151k \u00e9s az egyh\u00e1z \u00f6sszefog\u00e1sa kell ahhoz, hogy biztos alapokat kapjanak gyermekeink. Hozz\u00e1tette: \u201eAz iskolai \u00e9s \u00f3vodai nevel\u00e9s, az ottani pedag\u00f3gusok, tan\u00edt\u00f3k, nevel\u0151k \u00e9s a sz\u00fcl\u0151i h\u00e1tt\u00e9r hogyha \u00f6sszefog, akkor igenis ezekb\u0151l a gyermekekb\u0151l el\u0151 tudjuk hozni a legjobbat, \u00e9s ezekb\u0151l a pici gyermekekb\u0151l a legt\u00f6bb csod\u00e1t ki tudjuk hozni!\u201d<\/p>\n<p>Dr. Udvardy Gy\u00f6rgy veszpr\u00e9mi \u00e9rsek besz\u00e9d\u00e9ben megk\u00f6sz\u00f6nte a Magyar Korm\u00e1ny \u00e1ltal ny\u00fajtott t\u00e1mogat\u00e1st, valamint a sz\u00fcl\u0151knek a bizalmat, hogy legdr\u00e1g\u00e1bb kincs\u00fcket, gyermek\u00fcket be\u00edratt\u00e1k az \u00faj \u00f3vod\u00e1ba, ahol \u2013mint fogalmazott- biztons\u00e1gban, vil\u00e1gos \u00e9rt\u00e9krend alapj\u00e1n, Krisztust ismerve tudnak n\u00f6vekedni a gyermekek, majd meg\u00e1ldotta az \u00e9p\u00fcletet.<\/p>\n<p>Az iskola 2012-ben alap\u00edtotta a Szent Istv\u00e1n- d\u00edjat, melyet azok a di\u00e1kok, sz\u00fcl\u0151k, pedag\u00f3gusok \u00e9s koll\u00e9g\u00e1k kaptak az elm\u00falt \u00e9vek sor\u00e1n, akik a maguk ter\u00fclet\u00e9n sokat tettek az int\u00e9zm\u00e9ny\u00e9rt. Az \u00e1tad\u00e1si \u00fcnneps\u00e9gen dr. Udvardy Gy\u00f6rgy vehette \u00e1t ezt az elismer\u00e9st Rieder Andr\u00e1s igazgat\u00f3t\u00f3l \u00e9s Lipk\u00e1n\u00e9 Oszk\u00f3 \u00c1gnes igazgat\u00f3helyettest\u0151l.<\/p>\n<p>A nemzeti sz\u00edn\u0171 szalagot dr. Udvardy Gy\u00f6rgy \u00e9rsek, dr. Navracsics Tibor Ter\u00fcletfejleszt\u00e9si miniszter, Solt\u00e9sz Mikl\u00f3s, a Minisztereln\u00f6ks\u00e9g egyh\u00e1zi \u00e9s nemzetis\u00e9gi kapcsolatok\u00e9rt felel\u0151s \u00e1llamtitk\u00e1ra, a kivitelez\u0151 c\u00e9g r\u00e9sz\u00e9r\u0151l Szencz Lajos, az SZ-L Bau Kft<em>.<\/em> \u00fcgyvezet\u0151 igazgat\u00f3ja, Bakos Frigyes esperes pl\u00e9b\u00e1nos, az int\u00e9zm\u00e9ny lelki igazgat\u00f3ja \u00e9s Rieder Andr\u00e1s igazgat\u00f3 v\u00e1gta \u00e1t. A csaknem \u00f6tezer n\u00e9gyzetm\u00e9teres saroktelken kialak\u00edtott 1224 n\u00e9gyzetm\u00e9ter alapter\u00fclet\u0171 \u00f3voda\u00e9p\u00fcletben 4 gal\u00e9ri\u00e1s \u00f3vodai csoportszoba, tornaszoba, foglalkoztat\u00f3k, orvosi szoba, \u00f6lt\u00f6z\u0151k, meleg\u00edt\u0151 konyha \u00e9s irod\u00e1k kaptak helyet. Az \u00e9p\u00fclet el\u0151tt egy 18 f\u00e9r\u0151helyes parkol\u00f3t is kialak\u00edtottak.<\/p>\n<p>N\u00e9meth No\u00e9mi<\/p>\n<p>&nbsp;<\/p>\n","protected":false},"excerpt":{"rendered":"<p>T\u00f6bb mint 40 \u00e9v ut\u00e1n szeptember elsej\u00e9t\u0151l ism\u00e9t van \u00f3vod\u00e1ja T\u00f3sokber\u00e9ndnek. A Veszpr\u00e9mi F\u0151egyh\u00e1zmegye \u00e9s a Magyar Korm\u00e1ny \u00e1ltal 1,4 milli\u00e1rd forintb\u00f3l megval\u00f3sult \u00e9p\u00fcletegy\u00fcttes m\u00e1sf\u00e9l \u00e9v alatt k\u00e9sz\u00fclt el, melynek \u00fcnnep\u00e9lyes \u00e1tad\u00e1s\u00e1ra \u00e9s meg\u00e1ld\u00e1s\u00e1ra 2023. szeptember 15-\u00e9n ker\u00fclt sor.\u00a0 Az \u00fcnneps\u00e9gen jelen volt dr. Navracsics Tibor ter\u00fcletfejleszt\u00e9si miniszter, Solt\u00e9sz Mikl\u00f3s, a Minisztereln\u00f6ks\u00e9g egyh\u00e1zi \u00e9s nemzetis\u00e9gi [&hellip;]<\/p>\n","protected":false},"author":1,"featured_media":655,"comment_status":"closed","ping_status":"closed","sticky":false,"template":"","format":"standard","meta":{"_et_pb_use_builder":"","_et_pb_old_content":"","_et_gb_content_width":"","footnotes":""},"categories":[8],"tags":[],"_links":{"self":[{"href":"https:\/\/www.szentistvanajka.hu\/iskola\/wp-json\/wp\/v2\/posts\/654"}],"collection":[{"href":"https:\/\/www.szentistvanajka.hu\/iskola\/wp-json\/wp\/v2\/posts"}],"about":[{"href":"https:\/\/www.szentistvanajka.hu\/iskola\/wp-json\/wp\/v2\/types\/post"}],"author":[{"embeddable":true,"href":"https:\/\/www.szentistvanajka.hu\/iskola\/wp-json\/wp\/v2\/users\/1"}],"replies":[{"embeddable":true,"href":"https:\/\/www.szentistvanajka.hu\/iskola\/wp-json\/wp\/v2\/comments?post=654"}],"version-history":[{"count":1,"href":"https:\/\/www.szentistvanajka.hu\/iskola\/wp-json\/wp\/v2\/posts\/654\/revisions"}],"predecessor-version":[{"id":656,"href":"https:\/\/www.szentistvanajka.hu\/iskola\/wp-json\/wp\/v2\/posts\/654\/revisions\/656"}],"wp:featuredmedia":[{"embeddable":true,"href":"https:\/\/www.szentistvanajka.hu\/iskola\/wp-json\/wp\/v2\/media\/655"}],"wp:attachment":[{"href":"https:\/\/www.szentistvanajka.hu\/iskola\/wp-json\/wp\/v2\/media?parent=654"}],"wp:term":[{"taxonomy":"category","embeddable":true,"href":"https:\/\/www.szentistvanajka.hu\/iskola\/wp-json\/wp\/v2\/categories?post=654"},{"taxonomy":"post_tag","embeddable":true,"href":"https:\/\/www.szentistvanajka.hu\/iskola\/wp-json\/wp\/v2\/tags?post=654"}],"curies":[{"name":"wp","href":"https:\/\/api.w.org\/{rel}","templated":true}]}}