{"id":2060,"date":"2026-04-26T06:39:09","date_gmt":"2026-04-26T04:39:09","guid":{"rendered":"https:\/\/www.szentistvanajka.hu\/iskola\/?p=2060"},"modified":"2026-04-27T06:42:08","modified_gmt":"2026-04-27T04:42:08","slug":"ii-erzsebet-kiralyno-100-szuletesnapja","status":"publish","type":"post","link":"https:\/\/www.szentistvanajka.hu\/iskola\/2026\/04\/26\/ii-erzsebet-kiralyno-100-szuletesnapja\/","title":{"rendered":"II.Erzs\u00e9bet kir\u00e1lyn\u0151 100. sz\u00fclet\u00e9snapja"},"content":{"rendered":"<div>2026. \u00e1prilis 23-\u00e1n egy angol nyelv\u0171 partit tartottunk iskol\u00e1nkban II.Erzs\u00e9bet kir\u00e1lyn\u0151 100. sz\u00fclet\u00e9snapja alkalm\u00e1b\u00f3l.<\/div>\n<div>El\u0151zetesen egy poszterversenyt hirdett\u00fcnk.<\/div>\n<div>A parin 45 gyerek vett r\u00e9szt.<\/div>\n<div>Az iskola di\u00e1kjai \u00e9s egy volt di\u00e1kunk angol nyelv\u0171 el\u0151ad\u00e1st tartottak az Egyes\u00fclt Kir\u00e1lys\u00e1g t\u00f6rt\u00e9net\u00e9r\u0151l ., II. Erzs\u00e9bet \u00e9let\u00e9r\u0151l \u00e9s az Egyes\u00fclt Kir\u00e1lys\u00e1g nevezetess\u00e9geir\u0151l.<\/div>\n<div>Megeml\u00e9kezt\u00fcnk \u00e9s kifejezt\u00fck tisztelet\u00fcnket a n\u00e9hai kir\u00e1lyn\u0151 eml\u00e9ke el\u0151tt.<\/div>\n<div>A gyerekek igen j\u00f3l \u00e9rezt\u00e9k magukat, \u00e9s az elhengzott el\u0151ad\u00e1sok fejlesztett\u00e9k angol nyelvi tud\u00e1sukat.<\/div>\n<div>Tim\u00e1r Andrea<\/div>\n<div>tan\u00e1r<\/div>\n<div><\/div>\n","protected":false},"excerpt":{"rendered":"<p>2026. \u00e1prilis 23-\u00e1n egy angol nyelv\u0171 partit tartottunk iskol\u00e1nkban II.Erzs\u00e9bet kir\u00e1lyn\u0151 100. sz\u00fclet\u00e9snapja alkalm\u00e1b\u00f3l. El\u0151zetesen egy poszterversenyt hirdett\u00fcnk. A parin 45 gyerek vett r\u00e9szt. Az iskola di\u00e1kjai \u00e9s egy volt di\u00e1kunk angol nyelv\u0171 el\u0151ad\u00e1st tartottak az Egyes\u00fclt Kir\u00e1lys\u00e1g t\u00f6rt\u00e9net\u00e9r\u0151l ., II. Erzs\u00e9bet \u00e9let\u00e9r\u0151l \u00e9s az Egyes\u00fclt Kir\u00e1lys\u00e1g nevezetess\u00e9geir\u0151l. Megeml\u00e9kezt\u00fcnk \u00e9s kifejezt\u00fck tisztelet\u00fcnket a n\u00e9hai kir\u00e1lyn\u0151 [&hellip;]<\/p>\n","protected":false},"author":1,"featured_media":2062,"comment_status":"closed","ping_status":"closed","sticky":false,"template":"","format":"standard","meta":{"_et_pb_use_builder":"","_et_pb_old_content":"","_et_gb_content_width":"","footnotes":""},"categories":[1],"tags":[],"_links":{"self":[{"href":"https:\/\/www.szentistvanajka.hu\/iskola\/wp-json\/wp\/v2\/posts\/2060"}],"collection":[{"href":"https:\/\/www.szentistvanajka.hu\/iskola\/wp-json\/wp\/v2\/posts"}],"about":[{"href":"https:\/\/www.szentistvanajka.hu\/iskola\/wp-json\/wp\/v2\/types\/post"}],"author":[{"embeddable":true,"href":"https:\/\/www.szentistvanajka.hu\/iskola\/wp-json\/wp\/v2\/users\/1"}],"replies":[{"embeddable":true,"href":"https:\/\/www.szentistvanajka.hu\/iskola\/wp-json\/wp\/v2\/comments?post=2060"}],"version-history":[{"count":1,"href":"https:\/\/www.szentistvanajka.hu\/iskola\/wp-json\/wp\/v2\/posts\/2060\/revisions"}],"predecessor-version":[{"id":2063,"href":"https:\/\/www.szentistvanajka.hu\/iskola\/wp-json\/wp\/v2\/posts\/2060\/revisions\/2063"}],"wp:featuredmedia":[{"embeddable":true,"href":"https:\/\/www.szentistvanajka.hu\/iskola\/wp-json\/wp\/v2\/media\/2062"}],"wp:attachment":[{"href":"https:\/\/www.szentistvanajka.hu\/iskola\/wp-json\/wp\/v2\/media?parent=2060"}],"wp:term":[{"taxonomy":"category","embeddable":true,"href":"https:\/\/www.szentistvanajka.hu\/iskola\/wp-json\/wp\/v2\/categories?post=2060"},{"taxonomy":"post_tag","embeddable":true,"href":"https:\/\/www.szentistvanajka.hu\/iskola\/wp-json\/wp\/v2\/tags?post=2060"}],"curies":[{"name":"wp","href":"https:\/\/api.w.org\/{rel}","templated":true}]}}