{"id":2055,"date":"2026-04-27T06:06:12","date_gmt":"2026-04-27T04:06:12","guid":{"rendered":"https:\/\/www.szentistvanajka.hu\/iskola\/?p=2055"},"modified":"2026-04-27T06:06:12","modified_gmt":"2026-04-27T04:06:12","slug":"gondolkodj-globalisan-cselekedj-lokalisan-orokos-okoiskola-lettunk","status":"publish","type":"post","link":"https:\/\/www.szentistvanajka.hu\/iskola\/2026\/04\/27\/gondolkodj-globalisan-cselekedj-lokalisan-orokos-okoiskola-lettunk\/","title":{"rendered":"\u201eGondolkodj glob\u00e1lisan, cselekedj lok\u00e1lisan!\u201d \u00d6r\u00f6k\u00f6s \u00d6koiskola lett\u00fcnk"},"content":{"rendered":"<p>Iskol\u00e1nk a Bel\u00fcgyminiszt\u00e9rium \u00e1ltal ki\u00edrt p\u00e1ly\u00e1zati felh\u00edv\u00e1sra beny\u00fajtott p\u00e1ly\u00e1zata alapj\u00e1n <strong>\u00d6r\u00f6k\u00f6s \u00d6koiskola<\/strong> c\u00edmet nyert, mely c\u00edmet 2026. szeptember 1-j\u00e9t\u0151l haszn\u00e1lhat.<\/p>\n<p>Az \u00d6koiskola c\u00edm oda\u00edt\u00e9l\u00e9se olyan pedag\u00f3giai \u00e9s int\u00e9zm\u00e9nyvezet\u00e9si modell elismer\u00e9se, amelyben az iskol\u00e1k nemcsak a fenntarthat\u00f3s\u00e1gra nevel\u00e9st v\u00e1llalj\u00e1k fel, hanem a mindennapi m\u0171k\u00f6d\u00e9s\u00fckkel is hozz\u00e1j\u00e1rulnak a fenntarthat\u00f3 fejl\u0151d\u00e9shez. Ez a c\u00edm azokat az iskol\u00e1kat ismeri el, amelyek elk\u00f6telezetten dolgoznak a k\u00f6rnyezetv\u00e9delem\u00e9rt, az energiatakar\u00e9koss\u00e1g\u00e9rt, a hullad\u00e9kcs\u00f6kkent\u00e9s\u00e9rt, valamint az \u00f6kol\u00f3giai l\u00e1bnyom cs\u00f6kkent\u00e9s\u00e9\u00e9rt.\u00a0B\u00fcszkes\u00e9ggel \u00a0t\u00f6lt el benn\u00fcnket, hogy mi is ezen iskol\u00e1k k\u00f6z\u00e9 tartozunk.<\/p>\n<p>Az el\u0151\u00edrt elj\u00e1r\u00e1srend szerint ism\u00e9t p\u00e1ly\u00e1ztunk az \u00fajabb h\u00e1rom \u00e9vre sz\u00f3l\u00f3 \u00d6koiskola c\u00edmre, amelyet 2023-ban szerezt\u00fcnk meg el\u0151sz\u00f6r. K\u00fcl\u00f6n \u00f6r\u00f6m sz\u00e1munkra, hogy a b\u00edr\u00e1l\u00f3 bizotts\u00e1g 100 pont feletti \u00e9rt\u00e9kel\u00e9s\u00e9nek k\u00f6sz\u00f6nhet\u0151en azonban nemcsak a c\u00edmet \u00faj\u00edtottuk meg, hanem elnyert\u00fck az \u00d6r\u00f6k\u00f6s \u00d6koiskola c\u00edmet is.<\/p>\n<p>A c\u00edm\u00e1tad\u00f3 \u00fcnneps\u00e9gre 2026. \u00e1prilis 24-\u00e9n ker\u00fclt sor a Biatorb\u00e1gyi Innovat\u00edv Technikum \u00e9s Gimn\u00e1ziumban. Az oklevelet Keszthelyi Nikoletta \u00e9s Sipos Imre helyettes \u00e1llamtitk\u00e1rokt\u00f3l M\u00e1jusi Zsolt f\u0151igazgat\u00f3-helyettes \u00e9s Riedern\u00e9 Fenyvesi Bernadett, a p\u00e1ly\u00e1zat kidolgoz\u00f3ja \u00e9s az iskolai z\u00f6ld programok koordin\u00e1tora vette \u00e1t.<\/p>\n<p>A rendezv\u00e9nyre nem \u00e9rkezt\u00fcnk \u00fcres k\u00e9zzel, a vend\u00e9g\u00fcl l\u00e1t\u00f3 iskola sz\u00e1m\u00e1ra olyan b\u0151rb\u0151l \u00e9s mer\u00edtett pap\u00edrb\u00f3l k\u00e9sz\u00edtett k\u00f6nyvjelz\u0151ket vitt\u00fcnk, amelyek t\u00fckr\u00f6zik a katolikus iskola arculat\u00e1t, k\u00f6rnyezettudatos szeml\u00e9let\u00e9t. Az egyedi aj\u00e1nd\u00e9kokat iskol\u00e1nk vizu\u00e1lis kult\u00far\u00e1t tan\u00edt\u00f3 pedag\u00f3gusa, Szalai L\u00e1szl\u00f3n\u00e9 k\u00e9sz\u00edtette.<\/p>\n<p><img loading=\"lazy\" decoding=\"async\" class=\"aligncenter size-full wp-image-2056\" src=\"https:\/\/www.szentistvanajka.hu\/iskola\/wp-content\/uploads\/sites\/2\/2026\/04\/202604-okoiskola-1.jpg\" alt=\"\" width=\"898\" height=\"1269\" srcset=\"https:\/\/www.szentistvanajka.hu\/iskola\/wp-content\/uploads\/sites\/2\/2026\/04\/202604-okoiskola-1.jpg 898w, https:\/\/www.szentistvanajka.hu\/iskola\/wp-content\/uploads\/sites\/2\/2026\/04\/202604-okoiskola-1-480x678.jpg 480w\" sizes=\"(min-width: 0px) and (max-width: 480px) 480px, (min-width: 481px) 898px, 100vw\" \/> <img loading=\"lazy\" decoding=\"async\" class=\"aligncenter size-full wp-image-2058\" src=\"https:\/\/www.szentistvanajka.hu\/iskola\/wp-content\/uploads\/sites\/2\/2026\/04\/202604-okoiskola-2.jpg\" alt=\"\" width=\"1019\" height=\"764\" srcset=\"https:\/\/www.szentistvanajka.hu\/iskola\/wp-content\/uploads\/sites\/2\/2026\/04\/202604-okoiskola-2.jpg 1019w, https:\/\/www.szentistvanajka.hu\/iskola\/wp-content\/uploads\/sites\/2\/2026\/04\/202604-okoiskola-2-980x735.jpg 980w, https:\/\/www.szentistvanajka.hu\/iskola\/wp-content\/uploads\/sites\/2\/2026\/04\/202604-okoiskola-2-480x360.jpg 480w\" sizes=\"(min-width: 0px) and (max-width: 480px) 480px, (min-width: 481px) and (max-width: 980px) 980px, (min-width: 981px) 1019px, 100vw\" \/><\/p>\n","protected":false},"excerpt":{"rendered":"<p>Iskol\u00e1nk a Bel\u00fcgyminiszt\u00e9rium \u00e1ltal ki\u00edrt p\u00e1ly\u00e1zati felh\u00edv\u00e1sra beny\u00fajtott p\u00e1ly\u00e1zata alapj\u00e1n \u00d6r\u00f6k\u00f6s \u00d6koiskola c\u00edmet nyert, mely c\u00edmet 2026. szeptember 1-j\u00e9t\u0151l haszn\u00e1lhat. Az \u00d6koiskola c\u00edm oda\u00edt\u00e9l\u00e9se olyan pedag\u00f3giai \u00e9s int\u00e9zm\u00e9nyvezet\u00e9si modell elismer\u00e9se, amelyben az iskol\u00e1k nemcsak a fenntarthat\u00f3s\u00e1gra nevel\u00e9st v\u00e1llalj\u00e1k fel, hanem a mindennapi m\u0171k\u00f6d\u00e9s\u00fckkel is hozz\u00e1j\u00e1rulnak a fenntarthat\u00f3 fejl\u0151d\u00e9shez. Ez a c\u00edm azokat az iskol\u00e1kat ismeri [&hellip;]<\/p>\n","protected":false},"author":1,"featured_media":2057,"comment_status":"closed","ping_status":"closed","sticky":false,"template":"","format":"standard","meta":{"_et_pb_use_builder":"","_et_pb_old_content":"","_et_gb_content_width":"","footnotes":""},"categories":[1],"tags":[],"_links":{"self":[{"href":"https:\/\/www.szentistvanajka.hu\/iskola\/wp-json\/wp\/v2\/posts\/2055"}],"collection":[{"href":"https:\/\/www.szentistvanajka.hu\/iskola\/wp-json\/wp\/v2\/posts"}],"about":[{"href":"https:\/\/www.szentistvanajka.hu\/iskola\/wp-json\/wp\/v2\/types\/post"}],"author":[{"embeddable":true,"href":"https:\/\/www.szentistvanajka.hu\/iskola\/wp-json\/wp\/v2\/users\/1"}],"replies":[{"embeddable":true,"href":"https:\/\/www.szentistvanajka.hu\/iskola\/wp-json\/wp\/v2\/comments?post=2055"}],"version-history":[{"count":1,"href":"https:\/\/www.szentistvanajka.hu\/iskola\/wp-json\/wp\/v2\/posts\/2055\/revisions"}],"predecessor-version":[{"id":2059,"href":"https:\/\/www.szentistvanajka.hu\/iskola\/wp-json\/wp\/v2\/posts\/2055\/revisions\/2059"}],"wp:featuredmedia":[{"embeddable":true,"href":"https:\/\/www.szentistvanajka.hu\/iskola\/wp-json\/wp\/v2\/media\/2057"}],"wp:attachment":[{"href":"https:\/\/www.szentistvanajka.hu\/iskola\/wp-json\/wp\/v2\/media?parent=2055"}],"wp:term":[{"taxonomy":"category","embeddable":true,"href":"https:\/\/www.szentistvanajka.hu\/iskola\/wp-json\/wp\/v2\/categories?post=2055"},{"taxonomy":"post_tag","embeddable":true,"href":"https:\/\/www.szentistvanajka.hu\/iskola\/wp-json\/wp\/v2\/tags?post=2055"}],"curies":[{"name":"wp","href":"https:\/\/api.w.org\/{rel}","templated":true}]}}