{"id":1568,"date":"2025-10-14T07:04:53","date_gmt":"2025-10-14T05:04:53","guid":{"rendered":"https:\/\/www.szentistvanajka.hu\/iskola\/?p=1568"},"modified":"2025-10-14T07:05:46","modified_gmt":"2025-10-14T05:05:46","slug":"sudoku-verseny-rend-a-szamok-kozott-es-a-vilagban","status":"publish","type":"post","link":"https:\/\/www.szentistvanajka.hu\/iskola\/2025\/10\/14\/sudoku-verseny-rend-a-szamok-kozott-es-a-vilagban\/","title":{"rendered":"Sudoku verseny \u2013 Rend a sz\u00e1mok k\u00f6z\u00f6tt \u00e9s a vil\u00e1gban"},"content":{"rendered":"<p>Az okt\u00f3ber 8-\u00e1n megrendezett iskolai Sudoku verseny eredm\u00e9nyhirdet\u00e9se k\u00fcl\u00f6nleges hangulatban zajlott. Egy k\u00f6z\u00f6sen kirakott puzzle jelk\u00e9pezte: minden darab fontos, ahogy minden ember is az. A kirakott k\u00e9p \u00fczenete: A vil\u00e1g eg\u00e9sze csak akkor kerek, ha minden r\u00e9szlet a hely\u00e9re ker\u00fcl. Isten rendet teremtett a vil\u00e1gban \u2013 helyet adott a napnak, a csillagoknak, a f\u00e1knak \u00e9s az embernek is. A verseny sor\u00e1n a gyerekek a sz\u00e1mok k\u00f6z\u00f6tt raktak rendet: logikai gondolkod\u00e1ssal \u00e9s figyelemmel tett\u00e9k a hely\u00fckre a sz\u00e1mokat. A Sudoku l\u00e9nyege \u00e9ppen ez &#8211; minden sz\u00e1mnak megvan a maga helye.<\/p>\n<p>A megm\u00e9rettet\u00e9sen 53 di\u00e1k vett r\u00e9szt. Az 5\u20136. \u00e9vfolyamosok h\u00e1rom, a 7\u20138. \u00e9vfolyamosok n\u00e9gy t\u00e1bl\u00e1t oldottak meg, 45 perc alatt. A feladatok nem voltak k\u00f6nny\u0171ek, m\u00e9gis a versenyz\u0151k fele hib\u00e1tlanul teljes\u00edtett. A hib\u00e1tlanul teljes\u00edt\u0151k k\u00f6z\u00f6tt az id\u0151eredm\u00e9nyek alapj\u00e1n alak\u00edtottuk ki a v\u00e9gs\u0151 sorrendet, a leggyorsabb megold\u00f3k ker\u00fcltek a legjobb helyekre.<\/p>\n<h3>Eredm\u00e9nyek<\/h3>\n<p><strong>5\u20136. \u00e9vfolyam:<\/strong><br \/>\nI. helyezett: Tak\u00e1cs Erik Nimr\u00f3d<br \/>\nII. helyezett: G\u0151g\u00f6s Bence<br \/>\nIII. helyezett: Radics Patrik<\/p>\n<p><strong>7\u20138. \u00e9vfolyam:<\/strong><br \/>\nI. helyezett: Czili Tamara<br \/>\nII. helyezett: Preininger Zsombor<br \/>\nIII. helyezett: Szincs\u00e1k Emma<\/p>\n<p>A dobog\u00f3sokon k\u00edv\u00fcl a hib\u00e1tlanul teljes\u00edt\u0151k rangsora az id\u0151eredm\u00e9ny alapj\u00e1n k\u00e9sz\u00fclt, a legjobb id\u0151vel kezdve.<\/p>\n<p><strong>5\u20136. \u00e9vfolyam:<\/strong><br \/>\nBakos Gerg\u0151, Korm\u00e1ny Regina, Ertl Hanna, Ill\u00e9s Galina, Binder Lilien<\/p>\n<p><strong>7\u20138. \u00e9vfolyam:<\/strong><br \/>\nDuday L\u00eddia, Cs\u00e1ky Emma, Pacher D\u00e1vid, Bak Elina, Weisz Korn\u00e9l, Binder Barnab\u00e1s, Havasi Dorina, T\u00f3th M\u00e1rk, Ferenczi Rozina, N\u00e9meth Zselyke, Szab\u00f3 Marcell, Hidi Ram\u00f3na, F\u00e1bi\u00e1n Dorka, Juh\u00e1sz \u00c1ron, Horv\u00e1th Bogl\u00e1rka<\/p>\n<p>A versenyt B\u0151sz\u00e9n\u00e9 Orb\u00e1n Anita szervezte, seg\u00edt\u0151je Holpertn\u00e9 Szalay Ildik\u00f3 tan\u00e1rn\u0151 volt.<\/p>\n<p><strong>Gratul\u00e1lunk minden r\u00e9sztvev\u0151nek a sz\u00e9p eredm\u00e9nyekhez, a kitart\u00e1shoz \u00e9s a figyelmes munk\u00e1hoz!<\/strong><\/p>\n<p><strong>B\u00fcszk\u00e9k vagyunk r\u00e1tok! <\/strong><\/p>\n<p>Szerz\u0151: B\u0151sz\u00e9n\u00e9 Orb\u00e1n Anita<\/p>\n<p><img loading=\"lazy\" decoding=\"async\" class=\"aligncenter size-large wp-image-1569\" src=\"https:\/\/www.szentistvanajka.hu\/iskola\/wp-content\/uploads\/sites\/2\/2025\/10\/202510-sudoku-1-1024x683.jpg\" alt=\"\" width=\"1024\" height=\"683\" srcset=\"https:\/\/www.szentistvanajka.hu\/iskola\/wp-content\/uploads\/sites\/2\/2025\/10\/202510-sudoku-1-980x653.jpg 980w, https:\/\/www.szentistvanajka.hu\/iskola\/wp-content\/uploads\/sites\/2\/2025\/10\/202510-sudoku-1-480x320.jpg 480w\" sizes=\"(min-width: 0px) and (max-width: 480px) 480px, (min-width: 481px) and (max-width: 980px) 980px, (min-width: 981px) 1024px, 100vw\" \/> <img loading=\"lazy\" decoding=\"async\" class=\"aligncenter size-large wp-image-1570\" src=\"https:\/\/www.szentistvanajka.hu\/iskola\/wp-content\/uploads\/sites\/2\/2025\/10\/202510-sudoku-2-683x1024.jpg\" alt=\"\" width=\"683\" height=\"1024\" srcset=\"https:\/\/www.szentistvanajka.hu\/iskola\/wp-content\/uploads\/sites\/2\/2025\/10\/202510-sudoku-2-683x1024.jpg 683w, https:\/\/www.szentistvanajka.hu\/iskola\/wp-content\/uploads\/sites\/2\/2025\/10\/202510-sudoku-2-480x720.jpg 480w\" sizes=\"(min-width: 0px) and (max-width: 480px) 480px, (min-width: 481px) 683px, 100vw\" \/> <img loading=\"lazy\" decoding=\"async\" class=\"aligncenter size-large wp-image-1571\" src=\"https:\/\/www.szentistvanajka.hu\/iskola\/wp-content\/uploads\/sites\/2\/2025\/10\/202510-sudoku-3-1024x683.jpg\" alt=\"\" width=\"1024\" height=\"683\" srcset=\"https:\/\/www.szentistvanajka.hu\/iskola\/wp-content\/uploads\/sites\/2\/2025\/10\/202510-sudoku-3-980x653.jpg 980w, https:\/\/www.szentistvanajka.hu\/iskola\/wp-content\/uploads\/sites\/2\/2025\/10\/202510-sudoku-3-480x320.jpg 480w\" sizes=\"(min-width: 0px) and (max-width: 480px) 480px, (min-width: 481px) and (max-width: 980px) 980px, (min-width: 981px) 1024px, 100vw\" \/><\/p>\n<p>&nbsp;<\/p>\n","protected":false},"excerpt":{"rendered":"<p>Az okt\u00f3ber 8-\u00e1n megrendezett iskolai Sudoku verseny eredm\u00e9nyhirdet\u00e9se k\u00fcl\u00f6nleges hangulatban zajlott. Egy k\u00f6z\u00f6sen kirakott puzzle jelk\u00e9pezte: minden darab fontos, ahogy minden ember is az. A kirakott k\u00e9p \u00fczenete: A vil\u00e1g eg\u00e9sze csak akkor kerek, ha minden r\u00e9szlet a hely\u00e9re ker\u00fcl. Isten rendet teremtett a vil\u00e1gban \u2013 helyet adott a napnak, a csillagoknak, a f\u00e1knak \u00e9s [&hellip;]<\/p>\n","protected":false},"author":1,"featured_media":1569,"comment_status":"closed","ping_status":"closed","sticky":false,"template":"","format":"standard","meta":{"_et_pb_use_builder":"","_et_pb_old_content":"","_et_gb_content_width":"","footnotes":""},"categories":[1],"tags":[],"_links":{"self":[{"href":"https:\/\/www.szentistvanajka.hu\/iskola\/wp-json\/wp\/v2\/posts\/1568"}],"collection":[{"href":"https:\/\/www.szentistvanajka.hu\/iskola\/wp-json\/wp\/v2\/posts"}],"about":[{"href":"https:\/\/www.szentistvanajka.hu\/iskola\/wp-json\/wp\/v2\/types\/post"}],"author":[{"embeddable":true,"href":"https:\/\/www.szentistvanajka.hu\/iskola\/wp-json\/wp\/v2\/users\/1"}],"replies":[{"embeddable":true,"href":"https:\/\/www.szentistvanajka.hu\/iskola\/wp-json\/wp\/v2\/comments?post=1568"}],"version-history":[{"count":1,"href":"https:\/\/www.szentistvanajka.hu\/iskola\/wp-json\/wp\/v2\/posts\/1568\/revisions"}],"predecessor-version":[{"id":1572,"href":"https:\/\/www.szentistvanajka.hu\/iskola\/wp-json\/wp\/v2\/posts\/1568\/revisions\/1572"}],"wp:featuredmedia":[{"embeddable":true,"href":"https:\/\/www.szentistvanajka.hu\/iskola\/wp-json\/wp\/v2\/media\/1569"}],"wp:attachment":[{"href":"https:\/\/www.szentistvanajka.hu\/iskola\/wp-json\/wp\/v2\/media?parent=1568"}],"wp:term":[{"taxonomy":"category","embeddable":true,"href":"https:\/\/www.szentistvanajka.hu\/iskola\/wp-json\/wp\/v2\/categories?post=1568"},{"taxonomy":"post_tag","embeddable":true,"href":"https:\/\/www.szentistvanajka.hu\/iskola\/wp-json\/wp\/v2\/tags?post=1568"}],"curies":[{"name":"wp","href":"https:\/\/api.w.org\/{rel}","templated":true}]}}