{"id":1563,"date":"2025-10-08T09:32:45","date_gmt":"2025-10-08T07:32:45","guid":{"rendered":"https:\/\/www.szentistvanajka.hu\/iskola\/?p=1563"},"modified":"2025-10-14T07:06:34","modified_gmt":"2025-10-14T05:06:34","slug":"egymillio-gyermek-imadkozza-a-rozsafuzert-2","status":"publish","type":"post","link":"https:\/\/www.szentistvanajka.hu\/iskola\/2025\/10\/08\/egymillio-gyermek-imadkozza-a-rozsafuzert-2\/","title":{"rendered":"Egymilli\u00f3 gyermek im\u00e1dkozza a r\u00f3zsaf\u00fcz\u00e9rt"},"content":{"rendered":"<p>Iskol\u00e1nk az elm\u00falt \u00e9vekhez hasonl\u00f3an az idei tan\u00e9vben is bekapcsol\u00f3dott az \u201eEgymilli\u00f3 gyermek im\u00e1dkozza a r\u00f3zsaf\u00fcz\u00e9rt\u201d vil\u00e1gm\u00e9ret\u0171 kezdem\u00e9nyez\u00e9sbe. Ez\u00fattal R\u00f3zsaf\u00fcz\u00e9r Kir\u00e1lyn\u0151je eml\u00e9knapj\u00e1n j\u00f6ttek \u00f6ssze di\u00e1kok \u00e9s pedag\u00f3gusok iskol\u00e1nk aul\u00e1j\u00e1ban a k\u00f6z\u00f6s im\u00e1ds\u00e1gra, melyet a gyermekek hangj\u00e1n cseng\u0151 ima teljesen bet\u00f6lt\u00f6tt. K\u00f6zel n\u00e9gysz\u00e1zan kapcsol\u00f3dtunk a kezdem\u00e9nyez\u00e9shez, hogy im\u00e1dkozzunk az egys\u00e9g\u00e9rt \u00e9s a b\u00e9k\u00e9\u00e9rt. Az egy\u00fctt im\u00e1dkoz\u00e1sra mindenki mag\u00e1val hozta r\u00f3zsaf\u00fcz\u00e9r\u00e9t is.<br \/>\nSzent Pi\u00f3 atya mondta: \u201eHa egymilli\u00f3 gyermek im\u00e1dkozza a r\u00f3zsaf\u00fcz\u00e9rt, a vil\u00e1g megv\u00e1ltozik.\u201d<br \/>\nA Sz\u00fcks\u00e9get Szenved\u0151 Egyh\u00e1z (ACN) p\u00e1pai jog\u00fa nemzetk\u00f6zi seg\u00e9lyszervezet minden \u00e9v okt\u00f3ber\u00e9ben arra h\u00edvja a gyermekeket az eg\u00e9sz vil\u00e1gon, hogy k\u00f6z\u00f6sen im\u00e1dkozz\u00e1k a r\u00f3zsaf\u00fcz\u00e9rt az egys\u00e9g\u00e9rt \u00e9s a vil\u00e1g b\u00e9k\u00e9j\u00e9\u00e9rt. Id\u00e9n okt\u00f3ber 7-\u00e9n huszadik alkalommal rendezt\u00e9k meg az \u201eEgymilli\u00f3 gyermek im\u00e1dkozza a r\u00f3zsaf\u00fcz\u00e9rt\u201d kezdem\u00e9nyez\u00e9st. A kamp\u00e1ny \u00f6tlete 2005-ben sz\u00fcletett Venezuela f\u0151v\u00e1ros\u00e1ban, Caracasban. Mik\u00f6zben egy gyermekekb\u0151l \u00e9s fiatalokb\u00f3l \u00e1ll\u00f3 csoport im\u00e1dkozta a r\u00f3zsaf\u00fcz\u00e9rt egy kegyhelyen, az ott l\u00e9v\u0151k k\u00f6z\u00fcl n\u00e9h\u00e1nyan m\u00e9lyen megtapasztalt\u00e1k Sz\u0171z M\u00e1ria jelenl\u00e9t\u00e9t. A kezdem\u00e9nyez\u00e9s az elm\u00falt k\u00e9t \u00e9vtizedben az ACN \u00e9s sok elk\u00f6telezett ember seg\u00edts\u00e9g\u00e9vel vil\u00e1gm\u00e9ret\u0171 mozgalomm\u00e1 n\u0151tte ki mag\u00e1t.<\/p>\n<p><img loading=\"lazy\" decoding=\"async\" class=\"aligncenter size-large wp-image-1564\" src=\"https:\/\/www.szentistvanajka.hu\/iskola\/wp-content\/uploads\/sites\/2\/2025\/10\/IMG_1793-1024x683.jpg\" alt=\"\" width=\"1024\" height=\"683\" \/> <img loading=\"lazy\" decoding=\"async\" class=\"aligncenter size-large wp-image-1565\" src=\"https:\/\/www.szentistvanajka.hu\/iskola\/wp-content\/uploads\/sites\/2\/2025\/10\/IMG_1794-683x1024.jpg\" alt=\"\" width=\"683\" height=\"1024\" \/> <img loading=\"lazy\" decoding=\"async\" class=\"aligncenter size-large wp-image-1566\" src=\"https:\/\/www.szentistvanajka.hu\/iskola\/wp-content\/uploads\/sites\/2\/2025\/10\/IMG_1795-683x1024.jpg\" alt=\"\" width=\"683\" height=\"1024\" \/><\/p>\n","protected":false},"excerpt":{"rendered":"<p>Iskol\u00e1nk az elm\u00falt \u00e9vekhez hasonl\u00f3an az idei tan\u00e9vben is bekapcsol\u00f3dott az \u201eEgymilli\u00f3 gyermek im\u00e1dkozza a r\u00f3zsaf\u00fcz\u00e9rt\u201d vil\u00e1gm\u00e9ret\u0171 kezdem\u00e9nyez\u00e9sbe. Ez\u00fattal R\u00f3zsaf\u00fcz\u00e9r Kir\u00e1lyn\u0151je eml\u00e9knapj\u00e1n j\u00f6ttek \u00f6ssze di\u00e1kok \u00e9s pedag\u00f3gusok iskol\u00e1nk aul\u00e1j\u00e1ban a k\u00f6z\u00f6s im\u00e1ds\u00e1gra, melyet a gyermekek hangj\u00e1n cseng\u0151 ima teljesen bet\u00f6lt\u00f6tt. K\u00f6zel n\u00e9gysz\u00e1zan kapcsol\u00f3dtunk a kezdem\u00e9nyez\u00e9shez, hogy im\u00e1dkozzunk az egys\u00e9g\u00e9rt \u00e9s a b\u00e9k\u00e9\u00e9rt. Az egy\u00fctt im\u00e1dkoz\u00e1sra [&hellip;]<\/p>\n","protected":false},"author":1,"featured_media":1565,"comment_status":"closed","ping_status":"closed","sticky":false,"template":"","format":"standard","meta":{"_et_pb_use_builder":"","_et_pb_old_content":"","_et_gb_content_width":"","footnotes":""},"categories":[1],"tags":[],"_links":{"self":[{"href":"https:\/\/www.szentistvanajka.hu\/iskola\/wp-json\/wp\/v2\/posts\/1563"}],"collection":[{"href":"https:\/\/www.szentistvanajka.hu\/iskola\/wp-json\/wp\/v2\/posts"}],"about":[{"href":"https:\/\/www.szentistvanajka.hu\/iskola\/wp-json\/wp\/v2\/types\/post"}],"author":[{"embeddable":true,"href":"https:\/\/www.szentistvanajka.hu\/iskola\/wp-json\/wp\/v2\/users\/1"}],"replies":[{"embeddable":true,"href":"https:\/\/www.szentistvanajka.hu\/iskola\/wp-json\/wp\/v2\/comments?post=1563"}],"version-history":[{"count":1,"href":"https:\/\/www.szentistvanajka.hu\/iskola\/wp-json\/wp\/v2\/posts\/1563\/revisions"}],"predecessor-version":[{"id":1567,"href":"https:\/\/www.szentistvanajka.hu\/iskola\/wp-json\/wp\/v2\/posts\/1563\/revisions\/1567"}],"wp:featuredmedia":[{"embeddable":true,"href":"https:\/\/www.szentistvanajka.hu\/iskola\/wp-json\/wp\/v2\/media\/1565"}],"wp:attachment":[{"href":"https:\/\/www.szentistvanajka.hu\/iskola\/wp-json\/wp\/v2\/media?parent=1563"}],"wp:term":[{"taxonomy":"category","embeddable":true,"href":"https:\/\/www.szentistvanajka.hu\/iskola\/wp-json\/wp\/v2\/categories?post=1563"},{"taxonomy":"post_tag","embeddable":true,"href":"https:\/\/www.szentistvanajka.hu\/iskola\/wp-json\/wp\/v2\/tags?post=1563"}],"curies":[{"name":"wp","href":"https:\/\/api.w.org\/{rel}","templated":true}]}}