{"id":1558,"date":"2025-10-06T15:09:23","date_gmt":"2025-10-06T13:09:23","guid":{"rendered":"https:\/\/www.szentistvanajka.hu\/iskola\/?p=1558"},"modified":"2025-10-06T15:09:23","modified_gmt":"2025-10-06T13:09:23","slug":"a-zene-vilagnapja","status":"publish","type":"post","link":"https:\/\/www.szentistvanajka.hu\/iskola\/2025\/10\/06\/a-zene-vilagnapja\/","title":{"rendered":"A Zene Vil\u00e1gnapja"},"content":{"rendered":"<p><strong>Okt\u00f3ber 1. a Zene Vil\u00e1gnapja<\/strong>, amit 1975 \u00f3ta <em>Yehudi Menuhin <\/em>vil\u00e1gh\u00edr\u0171 heged\u0171m\u0171v\u00e9sz javaslat\u00e1ra minden \u00e9vben meg\u00fcnnepl\u00fcnk. Iskol\u00e1nk di\u00e1kjai ezen a napon a di\u00e1kmis\u00e9ken k\u00f6z\u00f6s \u00e9nekl\u00e9ssel k\u00f6sz\u00f6nt\u00f6tt\u00e9k az \u00fcnnepet, majd d\u00e9lut\u00e1n a B\u00e1nki iskola aul\u00e1j\u00e1ban megrendezett v\u00e1rosi \u00fcnneps\u00e9g els\u0151 fell\u00e9p\u0151i voltak. M\u0171soruk: <em>Mericske Zolt\u00e1n: Cs\u00fazlidal, ismeretlen szerz\u0151: Nem lesz egyed\u00fcl a sz\u00edvem t\u00f6bb\u00e9.<\/em> A17 f\u0151s k\u00f3rust \u00e9s a 10 f\u0151s zenekart <em>Szkurszkyn\u00e9 Szurdi Judit <\/em>\u00e9s <em>N\u00e9meth No\u00e9mi<\/em> k\u00e9sz\u00edtette fel. Git\u00e1ron k\u00f6zrem\u0171k\u00f6d\u00f6tt egykori di\u00e1kunk: <em>Szkurszky M\u00edra<\/em>, cajonon <em>Gr\u00fcnvald Petra<\/em>. A t\u00f6bb mint 200 fell\u00e9p\u0151vel zajl\u00f3 rendezv\u00e9ny m\u00e9lt\u00f3 meg\u00fcnnepl\u00e9se volt a Zene Vil\u00e1gnapj\u00e1nak. K\u00f6sz\u00f6nj\u00fck a felk\u00e9sz\u00fcl\u00e9st \u00e9s a r\u00e9szv\u00e9telt.<\/p>\n<p>N\u00e9meth No\u00e9mi<\/p>\n<p><img loading=\"lazy\" decoding=\"async\" class=\"aligncenter size-large wp-image-1559\" src=\"https:\/\/www.szentistvanajka.hu\/iskola\/wp-content\/uploads\/sites\/2\/2025\/10\/202510-Zenei-Vilagnap-2025-Iskola-honlapjara-1-1024x768.jpg\" alt=\"\" width=\"1024\" height=\"768\" srcset=\"https:\/\/www.szentistvanajka.hu\/iskola\/wp-content\/uploads\/sites\/2\/2025\/10\/202510-Zenei-Vilagnap-2025-Iskola-honlapjara-1-980x735.jpg 980w, https:\/\/www.szentistvanajka.hu\/iskola\/wp-content\/uploads\/sites\/2\/2025\/10\/202510-Zenei-Vilagnap-2025-Iskola-honlapjara-1-480x360.jpg 480w\" sizes=\"(min-width: 0px) and (max-width: 480px) 480px, (min-width: 481px) and (max-width: 980px) 980px, (min-width: 981px) 1024px, 100vw\" \/><\/p>\n","protected":false},"excerpt":{"rendered":"<p>Okt\u00f3ber 1. a Zene Vil\u00e1gnapja, amit 1975 \u00f3ta Yehudi Menuhin vil\u00e1gh\u00edr\u0171 heged\u0171m\u0171v\u00e9sz javaslat\u00e1ra minden \u00e9vben meg\u00fcnnepl\u00fcnk. Iskol\u00e1nk di\u00e1kjai ezen a napon a di\u00e1kmis\u00e9ken k\u00f6z\u00f6s \u00e9nekl\u00e9ssel k\u00f6sz\u00f6nt\u00f6tt\u00e9k az \u00fcnnepet, majd d\u00e9lut\u00e1n a B\u00e1nki iskola aul\u00e1j\u00e1ban megrendezett v\u00e1rosi \u00fcnneps\u00e9g els\u0151 fell\u00e9p\u0151i voltak. M\u0171soruk: Mericske Zolt\u00e1n: Cs\u00fazlidal, ismeretlen szerz\u0151: Nem lesz egyed\u00fcl a sz\u00edvem t\u00f6bb\u00e9. A17 f\u0151s k\u00f3rust [&hellip;]<\/p>\n","protected":false},"author":1,"featured_media":1559,"comment_status":"closed","ping_status":"closed","sticky":false,"template":"","format":"standard","meta":{"_et_pb_use_builder":"","_et_pb_old_content":"","_et_gb_content_width":"","footnotes":""},"categories":[1],"tags":[],"_links":{"self":[{"href":"https:\/\/www.szentistvanajka.hu\/iskola\/wp-json\/wp\/v2\/posts\/1558"}],"collection":[{"href":"https:\/\/www.szentistvanajka.hu\/iskola\/wp-json\/wp\/v2\/posts"}],"about":[{"href":"https:\/\/www.szentistvanajka.hu\/iskola\/wp-json\/wp\/v2\/types\/post"}],"author":[{"embeddable":true,"href":"https:\/\/www.szentistvanajka.hu\/iskola\/wp-json\/wp\/v2\/users\/1"}],"replies":[{"embeddable":true,"href":"https:\/\/www.szentistvanajka.hu\/iskola\/wp-json\/wp\/v2\/comments?post=1558"}],"version-history":[{"count":1,"href":"https:\/\/www.szentistvanajka.hu\/iskola\/wp-json\/wp\/v2\/posts\/1558\/revisions"}],"predecessor-version":[{"id":1560,"href":"https:\/\/www.szentistvanajka.hu\/iskola\/wp-json\/wp\/v2\/posts\/1558\/revisions\/1560"}],"wp:featuredmedia":[{"embeddable":true,"href":"https:\/\/www.szentistvanajka.hu\/iskola\/wp-json\/wp\/v2\/media\/1559"}],"wp:attachment":[{"href":"https:\/\/www.szentistvanajka.hu\/iskola\/wp-json\/wp\/v2\/media?parent=1558"}],"wp:term":[{"taxonomy":"category","embeddable":true,"href":"https:\/\/www.szentistvanajka.hu\/iskola\/wp-json\/wp\/v2\/categories?post=1558"},{"taxonomy":"post_tag","embeddable":true,"href":"https:\/\/www.szentistvanajka.hu\/iskola\/wp-json\/wp\/v2\/tags?post=1558"}],"curies":[{"name":"wp","href":"https:\/\/api.w.org\/{rel}","templated":true}]}}