{"id":1553,"date":"2025-10-04T15:05:30","date_gmt":"2025-10-04T13:05:30","guid":{"rendered":"https:\/\/www.szentistvanajka.hu\/iskola\/?p=1553"},"modified":"2025-10-07T08:00:50","modified_gmt":"2025-10-07T06:00:50","slug":"allatok-vilagnapja-az-1-b-osztalyban","status":"publish","type":"post","link":"https:\/\/www.szentistvanajka.hu\/iskola\/2025\/10\/04\/allatok-vilagnapja-az-1-b-osztalyban\/","title":{"rendered":"\u00c1llatok Vil\u00e1gnapja az 1.b oszt\u00e1lyban"},"content":{"rendered":"<p>Okt\u00f3ber 3-\u00e1n, p\u00e9nteken a Szent Istv\u00e1n Kir\u00e1ly R\u00f3mai Katolikus \u00c1ltal\u00e1nos Iskola \u00e9s \u00d3voda 1.b oszt\u00e1lyos di\u00e1kjai k\u00fcl\u00f6nleges esem\u00e9ny r\u00e9szesei lehettek. Ez a h\u00e9t m\u00e1r \u00f6nmag\u00e1ban is egyedi volt sz\u00e1mukra, hisz az int\u00e9zm\u00e9ny programjai a Teremt\u00e9s Hete k\u00f6r\u00e9 csoportosultak, mely id\u00e9n szeptember 28. \u00e9s okt\u00f3ber 05. k\u00f6z\u00e9 esett. A gyermekek a h\u00e9t folyam\u00e1n hallhattak \u00e9s n\u00e9zhettek teremt\u00e9st\u00f6rt\u00e9nettel kapcsolatos mes\u00e9ket, teremt\u00e9sg\u00f6mb\u00f6ket, teremt\u00e9sforg\u00f3t, \u201eteremt\u00e9snapt\u00e1rat\u201d k\u00e9sz\u00edtettek, \u00e9nekeltek, rajzoltak. V\u00e9g\u00fcl a cs\u00f6pps\u00e9gek sz\u00e1m\u00e1ra z\u00e1r\u00f3esem\u00e9nyk\u00e9nt \u201earanyozta be\u201d a rendezv\u00e9nysorozatot az oszt\u00e1ly saj\u00e1t programja: a \u201epulipar\u00e1d\u00e9\u201d! \u00a0Ezzel a tal\u00e1lkoz\u00f3val a gyermekk\u00f6z\u00f6ss\u00e9g m\u00e9lt\u00f3 m\u00f3don z\u00e1rta le a hetet, hisz kapcsol\u00f3dott az \u00c1llatok Vil\u00e1gnapj\u00e1hoz is, melynek d\u00e1tuma okt. 04. Ez a nap az \u00e1llatok jogainak \u00e9s j\u00f3l\u00e9t\u00e9nek nemzetk\u00f6zi cselekv\u00e9si napja.<\/p>\n<p>De honnan is ered ez az \u00fcnnep?<\/p>\n<p>Az 1931-ben Firenz\u00e9ben megtartott k\u00f6rnyezetv\u00e9delmi konferencia nyilv\u00e1n\u00edtotta okt\u00f3ber 4-\u00e9t, Assisi Szent Ferenc, az \u00e1llatok \u00e9s a term\u00e9szet v\u00e9d\u0151szentj\u00e9nek \/s egyben hal\u00e1l\u00e1nak\/ eml\u00e9knapj\u00e1t az \u00e1llatok vil\u00e1gnapj\u00e1v\u00e1.<\/p>\n<p><strong>A ferencesek rendj\u00e9nek alap\u00edt\u00f3ja ugyanis m\u00e1r a 13. sz\u00e1zad elej\u00e9n azt hirdette,<\/strong><\/p>\n<p><strong>\u00a0hogy mindent szeretn\u00fcnk kell, ami k\u00f6r\u00fclvesz minket, legyen az \u00e9l\u0151 vagy \u00e9lettelen.<\/strong><\/p>\n<p>Ez\u00e1ltal az \u00e1llatok vil\u00e1gnapj\u00e1nak alapelve, hogy az \u00e1llatok boldogabb\u00e1 teszik \u00e9let\u00fcnket, seg\u00edt\u0151t\u00e1rsk\u00e9nt \u00e9s bar\u00e1tk\u00e9nt gazdagabb\u00e1, \u00f6r\u00f6mtelibb\u00e9 teszik mindennapjainkat. Az \u00fcnnep c\u00e9lja, hogy felh\u00edvja a figyelmet nem csak a vadon \u00e9l\u0151, de a h\u00e1zi- \u00e9s haszon\u00e1llatok \u00e9letk\u00f6r\u00fclm\u00e9nyeire \u00e9s a felel\u0151s \u00e1llattart\u00e1sra, az egy\u00fctt\u00e9l\u00e9s fontoss\u00e1g\u00e1ra, valamint az ember \u00e9s \u00e1llat k\u00f6z\u00f6tti szeretetet er\u0151s\u00edt\u00e9s\u00e9re.<\/p>\n<p>Ezen gondolatok t\u00fckr\u00e9ben l\u00e1togatta meg a gyermekeket a k\u00e9t fekete puli, Pite \u00e9s Vacak \/oszt\u00e1lyf\u0151n\u00f6k\u00fck kutyusai\/.\u00a0 A tal\u00e1lkoz\u00e1s sor\u00e1n a gyermekek megeml\u00e9keztek az \u00e1llatok vil\u00e1gnapj\u00e1r\u00f3l, megtudhatt\u00e1k, hogy a puli, -ami egy \u0151si terel\u0151 p\u00e1sztorkutya- egyike a kilenc \u0151si magyar kutyafajt\u00e1nak. A k\u00e9t \u201esz\u0151rgombolyag\u201d engedelmess\u00e9gi feladatok v\u00e9grehajt\u00e1s\u00e1val mutatta meg tud\u00e1s\u00e1t a di\u00e1koknak: sz\u00f3fogad\u00f3an \u00fcltek, \u00e1lltak, fek\u00fcdtek, maradtak, forogtak a f\u00f6ld\u00f6n. Nem maradhatott ki a kutya-intelligencia j\u00e1t\u00e9k sem, melyben jutifalatokat szedtek ki nagy furfanggal k\u00fcl\u00f6nleges t\u00e1lk\u00e1kb\u00f3l. A bemutat\u00f3 ut\u00e1n k\u00f6vetkezhetett a v\u00e1rva-v\u00e1rt z\u00e1r\u00f3esem\u00e9ny: a pulisimogat\u00e1s. A gyermekek boldogan vett\u00e9k k\u00f6r\u00fcl, s halmozt\u00e1k el szeretet\u00fckkel a k\u00e9t \u201esz\u0151rgomb\u00f3cot\u201d.\u00a0 Nagy \u00f6r\u00f6m volt l\u00e1tni, hogy siker\u00fclt ekkora boldogs\u00e1got csemp\u00e9szni a gyermekek dolgos mindennapjaiba.<\/p>\n<p>Rem\u00e9lj\u00fck, hogy az ilyen \u00e9s hasonl\u00f3 esem\u00e9nyek el\u0151seg\u00edtik a j\u00f6v\u0151 nemzed\u00e9k\u00e9nek \u00e9rzelmi elk\u00f6telez\u0151d\u00e9s\u00e9t a felel\u0151s \u00e1llattart\u00e1s fel\u00e9, hisz ahogy Carol Bigley megfogalmazta: &#8222;Minden \u00e1llat szabadnak sz\u00fcletett, nem korl\u00e1tozhatjuk. Szolg\u00e1lhatnak minket, de ne a f\u00e9lelem, hanem a szeretet vez\u00e9relje \u0151ket.&#8221;<\/p>\n<p>D\u00e1vid Barbara<\/p>\n<p>oszt\u00e1lyf\u0151n\u00f6k<\/p>\n<p><img loading=\"lazy\" decoding=\"async\" class=\"aligncenter size-large wp-image-1554\" src=\"https:\/\/www.szentistvanajka.hu\/iskola\/wp-content\/uploads\/sites\/2\/2025\/10\/202510-allatok-vilagnapi-cikk-suliba-3-1024x461.jpg\" alt=\"\" width=\"1024\" height=\"461\" srcset=\"https:\/\/www.szentistvanajka.hu\/iskola\/wp-content\/uploads\/sites\/2\/2025\/10\/202510-allatok-vilagnapi-cikk-suliba-3-980x441.jpg 980w, https:\/\/www.szentistvanajka.hu\/iskola\/wp-content\/uploads\/sites\/2\/2025\/10\/202510-allatok-vilagnapi-cikk-suliba-3-480x216.jpg 480w\" sizes=\"(min-width: 0px) and (max-width: 480px) 480px, (min-width: 481px) and (max-width: 980px) 980px, (min-width: 981px) 1024px, 100vw\" \/> <img loading=\"lazy\" decoding=\"async\" class=\"aligncenter size-large wp-image-1555\" src=\"https:\/\/www.szentistvanajka.hu\/iskola\/wp-content\/uploads\/sites\/2\/2025\/10\/202510-allatok-vilagnapi-cikk-suliba-2-683x1024.jpg\" alt=\"\" width=\"683\" height=\"1024\" \/> <img loading=\"lazy\" decoding=\"async\" class=\"aligncenter size-large wp-image-1556\" src=\"https:\/\/www.szentistvanajka.hu\/iskola\/wp-content\/uploads\/sites\/2\/2025\/10\/202510-allatok-vilagnapi-cikk-suliba-1-1024x696.jpg\" alt=\"\" width=\"1024\" height=\"696\" srcset=\"https:\/\/www.szentistvanajka.hu\/iskola\/wp-content\/uploads\/sites\/2\/2025\/10\/202510-allatok-vilagnapi-cikk-suliba-1-980x666.jpg 980w, https:\/\/www.szentistvanajka.hu\/iskola\/wp-content\/uploads\/sites\/2\/2025\/10\/202510-allatok-vilagnapi-cikk-suliba-1-480x326.jpg 480w\" sizes=\"(min-width: 0px) and (max-width: 480px) 480px, (min-width: 481px) and (max-width: 980px) 980px, (min-width: 981px) 1024px, 100vw\" \/><\/p>\n","protected":false},"excerpt":{"rendered":"<p>Okt\u00f3ber 3-\u00e1n, p\u00e9nteken a Szent Istv\u00e1n Kir\u00e1ly R\u00f3mai Katolikus \u00c1ltal\u00e1nos Iskola \u00e9s \u00d3voda 1.b oszt\u00e1lyos di\u00e1kjai k\u00fcl\u00f6nleges esem\u00e9ny r\u00e9szesei lehettek. Ez a h\u00e9t m\u00e1r \u00f6nmag\u00e1ban is egyedi volt sz\u00e1mukra, hisz az int\u00e9zm\u00e9ny programjai a Teremt\u00e9s Hete k\u00f6r\u00e9 csoportosultak, mely id\u00e9n szeptember 28. \u00e9s okt\u00f3ber 05. k\u00f6z\u00e9 esett. A gyermekek a h\u00e9t folyam\u00e1n hallhattak \u00e9s n\u00e9zhettek [&hellip;]<\/p>\n","protected":false},"author":1,"featured_media":1555,"comment_status":"closed","ping_status":"closed","sticky":false,"template":"","format":"standard","meta":{"_et_pb_use_builder":"","_et_pb_old_content":"","_et_gb_content_width":"","footnotes":""},"categories":[1],"tags":[],"_links":{"self":[{"href":"https:\/\/www.szentistvanajka.hu\/iskola\/wp-json\/wp\/v2\/posts\/1553"}],"collection":[{"href":"https:\/\/www.szentistvanajka.hu\/iskola\/wp-json\/wp\/v2\/posts"}],"about":[{"href":"https:\/\/www.szentistvanajka.hu\/iskola\/wp-json\/wp\/v2\/types\/post"}],"author":[{"embeddable":true,"href":"https:\/\/www.szentistvanajka.hu\/iskola\/wp-json\/wp\/v2\/users\/1"}],"replies":[{"embeddable":true,"href":"https:\/\/www.szentistvanajka.hu\/iskola\/wp-json\/wp\/v2\/comments?post=1553"}],"version-history":[{"count":2,"href":"https:\/\/www.szentistvanajka.hu\/iskola\/wp-json\/wp\/v2\/posts\/1553\/revisions"}],"predecessor-version":[{"id":1561,"href":"https:\/\/www.szentistvanajka.hu\/iskola\/wp-json\/wp\/v2\/posts\/1553\/revisions\/1561"}],"wp:featuredmedia":[{"embeddable":true,"href":"https:\/\/www.szentistvanajka.hu\/iskola\/wp-json\/wp\/v2\/media\/1555"}],"wp:attachment":[{"href":"https:\/\/www.szentistvanajka.hu\/iskola\/wp-json\/wp\/v2\/media?parent=1553"}],"wp:term":[{"taxonomy":"category","embeddable":true,"href":"https:\/\/www.szentistvanajka.hu\/iskola\/wp-json\/wp\/v2\/categories?post=1553"},{"taxonomy":"post_tag","embeddable":true,"href":"https:\/\/www.szentistvanajka.hu\/iskola\/wp-json\/wp\/v2\/tags?post=1553"}],"curies":[{"name":"wp","href":"https:\/\/api.w.org\/{rel}","templated":true}]}}