{"id":1539,"date":"2025-10-03T06:40:46","date_gmt":"2025-10-03T04:40:46","guid":{"rendered":"https:\/\/www.szentistvanajka.hu\/iskola\/?p=1539"},"modified":"2025-10-03T13:19:57","modified_gmt":"2025-10-03T11:19:57","slug":"kepes-bibliai-novenyhatarozo-a-teremtes-hete-alkalmabol","status":"publish","type":"post","link":"https:\/\/www.szentistvanajka.hu\/iskola\/2025\/10\/03\/kepes-bibliai-novenyhatarozo-a-teremtes-hete-alkalmabol\/","title":{"rendered":"K\u00e9pes Bibliai N\u00f6v\u00e9nyhat\u00e1roz\u00f3 a Teremt\u00e9s Hete alkalm\u00e1b\u00f3l"},"content":{"rendered":"<p>A Teremt\u00e9s hete alkalm\u00e1b\u00f3l k\u00fcl\u00f6nleges digit\u00e1lis ki\u00e1ll\u00edt\u00e1st k\u00e9sz\u00edtettek a Szent Istv\u00e1n Kir\u00e1ly R\u00f3mai Katolikus \u00c1ltal\u00e1nos Iskola \u00e9s \u00d3voda di\u00e1kjai. A projekt sor\u00e1n bibliai n\u00f6v\u00e9nyeket mutattak be k\u00e9pekkel \u00e9s id\u00e9zetekkel,\u00a0 saj\u00e1t alkot\u00e1saikon kereszt\u00fcl.<br \/>\nAz \u00f6ssze\u00e1ll\u00edt\u00e1s Padlet fel\u00fcleten val\u00f3sult meg, <a href=\"https:\/\/padlet.com\/boszeneorbananita\/k-pes-bibliai-n-v-nyhat-roz-lpajlkdkaol4w24f\" target=\"_blank\" rel=\"noopener\">\u201eK\u00e9pes Bibliai N\u00f6v\u00e9nyhat\u00e1roz\u00f3\u201d<\/a> c\u00edmmel.<br \/>\nMinden di\u00e1k egy-egy n\u00f6v\u00e9nyhez k\u00e9sz\u00edtett r\u00f6vid bemutat\u00f3t, amely tartalmazza a n\u00f6v\u00e9ny k\u00e9p\u00e9t, \u00e9s egy szent\u00edr\u00e1si id\u00e9zetet is.<br \/>\nA vizu\u00e1lisan is ig\u00e9nyes gy\u0171jtem\u00e9ny nemcsak szemet gy\u00f6ny\u00f6rk\u00f6dtet\u0151, hanem tartalm\u00e1ban is gazdag: seg\u00edti a tanul\u00e1st, elm\u00e9ly\u00edti a bibliaismeretet, \u00e9s teret ad a di\u00e1kok kreativit\u00e1s\u00e1nak.<br \/>\nA K\u00e9pes Bibliai N\u00f6v\u00e9nyhat\u00e1roz\u00f3t k\u00e9sz\u00edtett\u00e9k:<br \/>\n1. Cs\u00e1ky Emma<br \/>\n2. Csizmadia Veronika<br \/>\n3. Csizmadia Fl\u00f3ra<br \/>\n4. Di\u00f3sy Niki<br \/>\n5. Doma Barnab\u00e1s<br \/>\n6. Duday L\u00eddia<br \/>\n7. Farkas Sebesty\u00e9n<br \/>\n8. Gr\u0151ber M\u00e1t\u00e9<br \/>\n9. H\u00e1ri \u00c1d\u00e1m<br \/>\n10. Herman Alexa<br \/>\n11. Hidi Ram\u00f3na<br \/>\n12. Kozma Boti<br \/>\n13. Moln\u00e1r Anna<br \/>\n14. Preininger Zsombor<br \/>\n15. Szellem R\u00e9ka<br \/>\n16. Weisz Korn\u00e9l<\/p>\n<h5 class=\"iw gFxsud\"><span class=\"qu\" tabindex=\"-1\" role=\"gridcell\" translate=\"no\"><span class=\"gD\" data-hovercard-id=\"boszeneorbananita@szentistvanajka.hu\" data-hovercard-owner-id=\"12\">B\u0151sz\u00e9n\u00e9 Orb\u00e1n Anita<\/span><\/span><\/h5>\n<p><img loading=\"lazy\" decoding=\"async\" class=\"aligncenter size-large wp-image-1541\" src=\"https:\/\/www.szentistvanajka.hu\/iskola\/wp-content\/uploads\/sites\/2\/2025\/10\/202510-bilbliai-novenyhatarozo-1-1024x766.jpg\" alt=\"\" width=\"1024\" height=\"766\" srcset=\"https:\/\/www.szentistvanajka.hu\/iskola\/wp-content\/uploads\/sites\/2\/2025\/10\/202510-bilbliai-novenyhatarozo-1-980x733.jpg 980w, https:\/\/www.szentistvanajka.hu\/iskola\/wp-content\/uploads\/sites\/2\/2025\/10\/202510-bilbliai-novenyhatarozo-1-480x359.jpg 480w\" sizes=\"(min-width: 0px) and (max-width: 480px) 480px, (min-width: 481px) and (max-width: 980px) 980px, (min-width: 981px) 1024px, 100vw\" \/> <img loading=\"lazy\" decoding=\"async\" class=\"aligncenter size-large wp-image-1542\" src=\"https:\/\/www.szentistvanajka.hu\/iskola\/wp-content\/uploads\/sites\/2\/2025\/10\/202510-bilbliai-novenyhatarozo-2-1024x766.jpg\" alt=\"\" width=\"1024\" height=\"766\" srcset=\"https:\/\/www.szentistvanajka.hu\/iskola\/wp-content\/uploads\/sites\/2\/2025\/10\/202510-bilbliai-novenyhatarozo-2-980x733.jpg 980w, https:\/\/www.szentistvanajka.hu\/iskola\/wp-content\/uploads\/sites\/2\/2025\/10\/202510-bilbliai-novenyhatarozo-2-480x359.jpg 480w\" sizes=\"(min-width: 0px) and (max-width: 480px) 480px, (min-width: 481px) and (max-width: 980px) 980px, (min-width: 981px) 1024px, 100vw\" \/><\/p>\n","protected":false},"excerpt":{"rendered":"<p>A Teremt\u00e9s hete alkalm\u00e1b\u00f3l k\u00fcl\u00f6nleges digit\u00e1lis ki\u00e1ll\u00edt\u00e1st k\u00e9sz\u00edtettek a Szent Istv\u00e1n Kir\u00e1ly R\u00f3mai Katolikus \u00c1ltal\u00e1nos Iskola \u00e9s \u00d3voda di\u00e1kjai. A projekt sor\u00e1n bibliai n\u00f6v\u00e9nyeket mutattak be k\u00e9pekkel \u00e9s id\u00e9zetekkel,\u00a0 saj\u00e1t alkot\u00e1saikon kereszt\u00fcl. Az \u00f6ssze\u00e1ll\u00edt\u00e1s Padlet fel\u00fcleten val\u00f3sult meg, \u201eK\u00e9pes Bibliai N\u00f6v\u00e9nyhat\u00e1roz\u00f3\u201d c\u00edmmel. Minden di\u00e1k egy-egy n\u00f6v\u00e9nyhez k\u00e9sz\u00edtett r\u00f6vid bemutat\u00f3t, amely tartalmazza a n\u00f6v\u00e9ny k\u00e9p\u00e9t, \u00e9s [&hellip;]<\/p>\n","protected":false},"author":1,"featured_media":1541,"comment_status":"closed","ping_status":"closed","sticky":false,"template":"","format":"standard","meta":{"_et_pb_use_builder":"","_et_pb_old_content":"","_et_gb_content_width":"","footnotes":""},"categories":[1],"tags":[],"_links":{"self":[{"href":"https:\/\/www.szentistvanajka.hu\/iskola\/wp-json\/wp\/v2\/posts\/1539"}],"collection":[{"href":"https:\/\/www.szentistvanajka.hu\/iskola\/wp-json\/wp\/v2\/posts"}],"about":[{"href":"https:\/\/www.szentistvanajka.hu\/iskola\/wp-json\/wp\/v2\/types\/post"}],"author":[{"embeddable":true,"href":"https:\/\/www.szentistvanajka.hu\/iskola\/wp-json\/wp\/v2\/users\/1"}],"replies":[{"embeddable":true,"href":"https:\/\/www.szentistvanajka.hu\/iskola\/wp-json\/wp\/v2\/comments?post=1539"}],"version-history":[{"count":4,"href":"https:\/\/www.szentistvanajka.hu\/iskola\/wp-json\/wp\/v2\/posts\/1539\/revisions"}],"predecessor-version":[{"id":1545,"href":"https:\/\/www.szentistvanajka.hu\/iskola\/wp-json\/wp\/v2\/posts\/1539\/revisions\/1545"}],"wp:featuredmedia":[{"embeddable":true,"href":"https:\/\/www.szentistvanajka.hu\/iskola\/wp-json\/wp\/v2\/media\/1541"}],"wp:attachment":[{"href":"https:\/\/www.szentistvanajka.hu\/iskola\/wp-json\/wp\/v2\/media?parent=1539"}],"wp:term":[{"taxonomy":"category","embeddable":true,"href":"https:\/\/www.szentistvanajka.hu\/iskola\/wp-json\/wp\/v2\/categories?post=1539"},{"taxonomy":"post_tag","embeddable":true,"href":"https:\/\/www.szentistvanajka.hu\/iskola\/wp-json\/wp\/v2\/tags?post=1539"}],"curies":[{"name":"wp","href":"https:\/\/api.w.org\/{rel}","templated":true}]}}