{"id":1533,"date":"2025-10-01T13:19:08","date_gmt":"2025-10-01T11:19:08","guid":{"rendered":"https:\/\/www.szentistvanajka.hu\/iskola\/?p=1533"},"modified":"2025-10-01T13:19:33","modified_gmt":"2025-10-01T11:19:33","slug":"szent-gellert-dij-2","status":"publish","type":"post","link":"https:\/\/www.szentistvanajka.hu\/iskola\/2025\/10\/01\/szent-gellert-dij-2\/","title":{"rendered":"Szent Gell\u00e9rt d\u00edj"},"content":{"rendered":"<p>A Szent Mih\u00e1ly F\u0151sz\u00e9kesegyh\u00e1zban szeptember 27-\u00e9n az \u00fcnnepi szentmis\u00e9t k\u00f6vet\u0151en \u00e1tad\u00e1sra ker\u00fcltek az idei Szent Gell\u00e9rt-d\u00edjak. Kiemelked\u0151 munk\u00e1ja elismer\u00e9sek\u00e9nt k\u00e9t koll\u00e9gan\u0151nk r\u00e9szes\u00fclt a kit\u00fcntet\u00e9sben. Horv\u00e1thn\u00e9 F\u00fcl\u00f6p Gy\u00f6ngyi a d\u00edj arany, V\u00e1s\u00e1rhelyi Be\u00e1ta pedig az ez\u00fcst fokozat\u00e1t vehette \u00e1t dr. Udvardy Gy\u00f6rgy \u00e9rsek \u00fart\u00f3l.<\/p>\n<p>Gratul\u00e1lunk a d\u00edjazottaknak!<\/p>\n<p><img loading=\"lazy\" decoding=\"async\" class=\"aligncenter size-full wp-image-1534\" src=\"https:\/\/www.szentistvanajka.hu\/iskola\/wp-content\/uploads\/sites\/2\/2025\/10\/202509-szent-gellert-1.jpg\" alt=\"\" width=\"2048\" height=\"923\" srcset=\"https:\/\/www.szentistvanajka.hu\/iskola\/wp-content\/uploads\/sites\/2\/2025\/10\/202509-szent-gellert-1.jpg 2048w, https:\/\/www.szentistvanajka.hu\/iskola\/wp-content\/uploads\/sites\/2\/2025\/10\/202509-szent-gellert-1-1280x577.jpg 1280w, https:\/\/www.szentistvanajka.hu\/iskola\/wp-content\/uploads\/sites\/2\/2025\/10\/202509-szent-gellert-1-980x442.jpg 980w, https:\/\/www.szentistvanajka.hu\/iskola\/wp-content\/uploads\/sites\/2\/2025\/10\/202509-szent-gellert-1-480x216.jpg 480w\" sizes=\"(min-width: 0px) and (max-width: 480px) 480px, (min-width: 481px) and (max-width: 980px) 980px, (min-width: 981px) and (max-width: 1280px) 1280px, (min-width: 1281px) 2048px, 100vw\" \/> <img loading=\"lazy\" decoding=\"async\" class=\"aligncenter size-full wp-image-1535\" src=\"https:\/\/www.szentistvanajka.hu\/iskola\/wp-content\/uploads\/sites\/2\/2025\/10\/202509-szent-gellert-2.jpg\" alt=\"\" width=\"2048\" height=\"923\" srcset=\"https:\/\/www.szentistvanajka.hu\/iskola\/wp-content\/uploads\/sites\/2\/2025\/10\/202509-szent-gellert-2.jpg 2048w, https:\/\/www.szentistvanajka.hu\/iskola\/wp-content\/uploads\/sites\/2\/2025\/10\/202509-szent-gellert-2-1280x577.jpg 1280w, https:\/\/www.szentistvanajka.hu\/iskola\/wp-content\/uploads\/sites\/2\/2025\/10\/202509-szent-gellert-2-980x442.jpg 980w, https:\/\/www.szentistvanajka.hu\/iskola\/wp-content\/uploads\/sites\/2\/2025\/10\/202509-szent-gellert-2-480x216.jpg 480w\" sizes=\"(min-width: 0px) and (max-width: 480px) 480px, (min-width: 481px) and (max-width: 980px) 980px, (min-width: 981px) and (max-width: 1280px) 1280px, (min-width: 1281px) 2048px, 100vw\" \/> <img loading=\"lazy\" decoding=\"async\" class=\"aligncenter size-full wp-image-1536\" src=\"https:\/\/www.szentistvanajka.hu\/iskola\/wp-content\/uploads\/sites\/2\/2025\/10\/202509-szent-gellert-3.jpg\" alt=\"\" width=\"2048\" height=\"1542\" srcset=\"https:\/\/www.szentistvanajka.hu\/iskola\/wp-content\/uploads\/sites\/2\/2025\/10\/202509-szent-gellert-3.jpg 2048w, https:\/\/www.szentistvanajka.hu\/iskola\/wp-content\/uploads\/sites\/2\/2025\/10\/202509-szent-gellert-3-1280x964.jpg 1280w, https:\/\/www.szentistvanajka.hu\/iskola\/wp-content\/uploads\/sites\/2\/2025\/10\/202509-szent-gellert-3-980x738.jpg 980w, https:\/\/www.szentistvanajka.hu\/iskola\/wp-content\/uploads\/sites\/2\/2025\/10\/202509-szent-gellert-3-480x361.jpg 480w\" sizes=\"(min-width: 0px) and (max-width: 480px) 480px, (min-width: 481px) and (max-width: 980px) 980px, (min-width: 981px) and (max-width: 1280px) 1280px, (min-width: 1281px) 2048px, 100vw\" \/><\/p>\n","protected":false},"excerpt":{"rendered":"<p>A Szent Mih\u00e1ly F\u0151sz\u00e9kesegyh\u00e1zban szeptember 27-\u00e9n az \u00fcnnepi szentmis\u00e9t k\u00f6vet\u0151en \u00e1tad\u00e1sra ker\u00fcltek az idei Szent Gell\u00e9rt-d\u00edjak. Kiemelked\u0151 munk\u00e1ja elismer\u00e9sek\u00e9nt k\u00e9t koll\u00e9gan\u0151nk r\u00e9szes\u00fclt a kit\u00fcntet\u00e9sben. Horv\u00e1thn\u00e9 F\u00fcl\u00f6p Gy\u00f6ngyi a d\u00edj arany, V\u00e1s\u00e1rhelyi Be\u00e1ta pedig az ez\u00fcst fokozat\u00e1t vehette \u00e1t dr. Udvardy Gy\u00f6rgy \u00e9rsek \u00fart\u00f3l. Gratul\u00e1lunk a d\u00edjazottaknak!<\/p>\n","protected":false},"author":1,"featured_media":1536,"comment_status":"closed","ping_status":"closed","sticky":false,"template":"","format":"standard","meta":{"_et_pb_use_builder":"","_et_pb_old_content":"","_et_gb_content_width":"","footnotes":""},"categories":[1],"tags":[],"_links":{"self":[{"href":"https:\/\/www.szentistvanajka.hu\/iskola\/wp-json\/wp\/v2\/posts\/1533"}],"collection":[{"href":"https:\/\/www.szentistvanajka.hu\/iskola\/wp-json\/wp\/v2\/posts"}],"about":[{"href":"https:\/\/www.szentistvanajka.hu\/iskola\/wp-json\/wp\/v2\/types\/post"}],"author":[{"embeddable":true,"href":"https:\/\/www.szentistvanajka.hu\/iskola\/wp-json\/wp\/v2\/users\/1"}],"replies":[{"embeddable":true,"href":"https:\/\/www.szentistvanajka.hu\/iskola\/wp-json\/wp\/v2\/comments?post=1533"}],"version-history":[{"count":1,"href":"https:\/\/www.szentistvanajka.hu\/iskola\/wp-json\/wp\/v2\/posts\/1533\/revisions"}],"predecessor-version":[{"id":1537,"href":"https:\/\/www.szentistvanajka.hu\/iskola\/wp-json\/wp\/v2\/posts\/1533\/revisions\/1537"}],"wp:featuredmedia":[{"embeddable":true,"href":"https:\/\/www.szentistvanajka.hu\/iskola\/wp-json\/wp\/v2\/media\/1536"}],"wp:attachment":[{"href":"https:\/\/www.szentistvanajka.hu\/iskola\/wp-json\/wp\/v2\/media?parent=1533"}],"wp:term":[{"taxonomy":"category","embeddable":true,"href":"https:\/\/www.szentistvanajka.hu\/iskola\/wp-json\/wp\/v2\/categories?post=1533"},{"taxonomy":"post_tag","embeddable":true,"href":"https:\/\/www.szentistvanajka.hu\/iskola\/wp-json\/wp\/v2\/tags?post=1533"}],"curies":[{"name":"wp","href":"https:\/\/api.w.org\/{rel}","templated":true}]}}