{"id":1511,"date":"2025-09-24T07:31:56","date_gmt":"2025-09-24T05:31:56","guid":{"rendered":"https:\/\/www.szentistvanajka.hu\/iskola\/?p=1511"},"modified":"2025-09-24T07:31:56","modified_gmt":"2025-09-24T05:31:56","slug":"nomadiaban-jartunk","status":"publish","type":"post","link":"https:\/\/www.szentistvanajka.hu\/iskola\/2025\/09\/24\/nomadiaban-jartunk\/","title":{"rendered":"Nom\u00e1di\u00e1ban j\u00e1rtunk"},"content":{"rendered":"<p>Int\u00e9zm\u00e9ny\u00fcnk 5.a oszt\u00e1lyos di\u00e1kjaival egy sz\u00e9p d\u00e9lut\u00e1nt t\u00f6lthettem szeptember 22-\u00e9n, a Nom\u00e1dia Szabadid\u0151parkban. Egy\u00fcttl\u00e9t\u00fcnk c\u00e9lja az oszt\u00e1lyk\u00f6z\u00f6ss\u00e9g \u00e9p\u00edt\u00e9se volt, megismerni \u00faj oszt\u00e1lyt\u00e1rsunkat. Int\u00e9zm\u00e9ny\u00fcnkben fontos, hogy di\u00e1kjaink olyan k\u00f6z\u00f6ss\u00e9gi programokon tudjanak r\u00e9szt venni, melyek er\u0151s\u00edtik, \u00f6sszekov\u00e1csolj\u00e1k az oszt\u00e1lyon bel\u00fcli kapcsolatokat, lerakj\u00e1k a bizalom alapjait di\u00e1k \u00e9s nevel\u0151 k\u00f6z\u00f6tt. Nagyon sz\u00e9p naps\u00fct\u00e9ses id\u0151t siker\u00fclt kifognunk els\u0151 k\u00f6z\u00f6s programunkhoz, \u00a0\u00edgy \u00f6nfeledten tudtunk j\u00e1tszani a j\u00f3 leveg\u0151n, a szabadban. A k\u00f6z\u00e9pkori v\u00e1rban lovagi torn\u00e1t v\u00edvtunk, a tavon egy spont\u00e1n tutajversenyt rendezt\u00fcnk, a labirintusban tesztelt\u00fck t\u00e1j\u00e9koz\u00f3d\u00e1si k\u00e9pess\u00e9g\u00fcnket, a m\u00f3kus kereket ez\u00fattal pihen\u00e9sre haszn\u00e1ltuk. Egy\u00fctt \u00f6r\u00fclt\u00fcnk a lovaknak \u00e9s az \u00e1llatsimogat\u00f3nak. Hihetetlen\u00fcl j\u00f3hangulatban nagyon gyorsan elr\u00f6ppentek a d\u00e9lut\u00e1ni \u00f3r\u00e1k, picit f\u00e1radtan, de \u00e9lm\u00e9nyekkel gazdagodva indultunk haza.<\/p>\n<p>K\u00f6sz\u00f6nj\u00fck Andr\u00e1s b\u00e1csinak, hogy lehet\u0151s\u00e9get biztos\u00edtott sz\u00e1munkra a k\u00f6z\u00f6s egy\u00fcttl\u00e9thez, \u00e9s k\u00f6sz\u00f6n\u00f6m a sz\u00fcl\u00f6k seg\u00edts\u00e9g\u00e9t, hogy ki- \u00e9s haza juthattunk a szabadid\u0151parkb\u00f3l.<\/p>\n<p>Reitter Istv\u00e1n of.<\/p>\n<p><img loading=\"lazy\" decoding=\"async\" class=\"aligncenter size-full wp-image-1512\" src=\"https:\/\/www.szentistvanajka.hu\/iskola\/wp-content\/uploads\/sites\/2\/2025\/09\/202509-nomadia-1.jpg\" alt=\"\" width=\"4080\" height=\"1840\" srcset=\"https:\/\/www.szentistvanajka.hu\/iskola\/wp-content\/uploads\/sites\/2\/2025\/09\/202509-nomadia-1.jpg 4080w, https:\/\/www.szentistvanajka.hu\/iskola\/wp-content\/uploads\/sites\/2\/2025\/09\/202509-nomadia-1-1280x577.jpg 1280w, https:\/\/www.szentistvanajka.hu\/iskola\/wp-content\/uploads\/sites\/2\/2025\/09\/202509-nomadia-1-980x442.jpg 980w, https:\/\/www.szentistvanajka.hu\/iskola\/wp-content\/uploads\/sites\/2\/2025\/09\/202509-nomadia-1-480x216.jpg 480w\" sizes=\"(min-width: 0px) and (max-width: 480px) 480px, (min-width: 481px) and (max-width: 980px) 980px, (min-width: 981px) and (max-width: 1280px) 1280px, (min-width: 1281px) 4080px, 100vw\" \/><\/p>\n","protected":false},"excerpt":{"rendered":"<p>Int\u00e9zm\u00e9ny\u00fcnk 5.a oszt\u00e1lyos di\u00e1kjaival egy sz\u00e9p d\u00e9lut\u00e1nt t\u00f6lthettem szeptember 22-\u00e9n, a Nom\u00e1dia Szabadid\u0151parkban. Egy\u00fcttl\u00e9t\u00fcnk c\u00e9lja az oszt\u00e1lyk\u00f6z\u00f6ss\u00e9g \u00e9p\u00edt\u00e9se volt, megismerni \u00faj oszt\u00e1lyt\u00e1rsunkat. Int\u00e9zm\u00e9ny\u00fcnkben fontos, hogy di\u00e1kjaink olyan k\u00f6z\u00f6ss\u00e9gi programokon tudjanak r\u00e9szt venni, melyek er\u0151s\u00edtik, \u00f6sszekov\u00e1csolj\u00e1k az oszt\u00e1lyon bel\u00fcli kapcsolatokat, lerakj\u00e1k a bizalom alapjait di\u00e1k \u00e9s nevel\u0151 k\u00f6z\u00f6tt. Nagyon sz\u00e9p naps\u00fct\u00e9ses id\u0151t siker\u00fclt kifognunk els\u0151 k\u00f6z\u00f6s [&hellip;]<\/p>\n","protected":false},"author":1,"featured_media":1512,"comment_status":"closed","ping_status":"closed","sticky":false,"template":"","format":"standard","meta":{"_et_pb_use_builder":"","_et_pb_old_content":"","_et_gb_content_width":"","footnotes":""},"categories":[1],"tags":[],"_links":{"self":[{"href":"https:\/\/www.szentistvanajka.hu\/iskola\/wp-json\/wp\/v2\/posts\/1511"}],"collection":[{"href":"https:\/\/www.szentistvanajka.hu\/iskola\/wp-json\/wp\/v2\/posts"}],"about":[{"href":"https:\/\/www.szentistvanajka.hu\/iskola\/wp-json\/wp\/v2\/types\/post"}],"author":[{"embeddable":true,"href":"https:\/\/www.szentistvanajka.hu\/iskola\/wp-json\/wp\/v2\/users\/1"}],"replies":[{"embeddable":true,"href":"https:\/\/www.szentistvanajka.hu\/iskola\/wp-json\/wp\/v2\/comments?post=1511"}],"version-history":[{"count":1,"href":"https:\/\/www.szentistvanajka.hu\/iskola\/wp-json\/wp\/v2\/posts\/1511\/revisions"}],"predecessor-version":[{"id":1513,"href":"https:\/\/www.szentistvanajka.hu\/iskola\/wp-json\/wp\/v2\/posts\/1511\/revisions\/1513"}],"wp:featuredmedia":[{"embeddable":true,"href":"https:\/\/www.szentistvanajka.hu\/iskola\/wp-json\/wp\/v2\/media\/1512"}],"wp:attachment":[{"href":"https:\/\/www.szentistvanajka.hu\/iskola\/wp-json\/wp\/v2\/media?parent=1511"}],"wp:term":[{"taxonomy":"category","embeddable":true,"href":"https:\/\/www.szentistvanajka.hu\/iskola\/wp-json\/wp\/v2\/categories?post=1511"},{"taxonomy":"post_tag","embeddable":true,"href":"https:\/\/www.szentistvanajka.hu\/iskola\/wp-json\/wp\/v2\/tags?post=1511"}],"curies":[{"name":"wp","href":"https:\/\/api.w.org\/{rel}","templated":true}]}}