{"id":1418,"date":"2025-05-30T06:52:48","date_gmt":"2025-05-30T04:52:48","guid":{"rendered":"https:\/\/www.szentistvanajka.hu\/iskola\/?p=1418"},"modified":"2025-05-30T06:52:48","modified_gmt":"2025-05-30T04:52:48","slug":"kozossegformalas-es-egeszseg","status":"publish","type":"post","link":"https:\/\/www.szentistvanajka.hu\/iskola\/2025\/05\/30\/kozossegformalas-es-egeszseg\/","title":{"rendered":"\u201eK\u00f6z\u00f6ss\u00e9gform\u00e1l\u00e1s\u201d \u00e9s eg\u00e9szs\u00e9g"},"content":{"rendered":"<p>A 4. b oszt\u00e1ly tavaly, m\u00e9g harmadikosk\u00e9nt hat\u00e1rozta el oszt\u00e1lyf\u0151n\u00f6k\u00e9vel egy\u00fctt, hogy az iskola egyik kihaszn\u00e1latlan magas\u00e1gy\u00e1s\u00e1t birtokba veszi. Ennek oka egyszer\u0171 volt. A k\u00f6rnyezet\u00f3r\u00e1n cs\u00edr\u00e1ztatott babot szerett\u00e9k volna tov\u00e1bb \u00e9ltetni, term\u0151re ford\u00edtani. Ez siker\u00fclt is, b\u00e1r f\u0151zel\u00e9kre nem telt a termett mennyis\u00e9gb\u0151l\u2026a gyermekek igaz\u00e1n nagy \u00f6r\u00f6m\u00e9re\u2026\ud83d\ude0a<\/p>\n<p>A sikeren felbuzdulva id\u00e9n tavasszal is n\u00f6v\u00e9nytermeszt\u00e9sre adt\u00e1k a fej\u00fcket, no meg a szabadidej\u00fcket Barbara n\u00e9ni k\u00f6zrem\u0171k\u00f6d\u00e9s\u00e9vel. Negyedikesk\u00e9nt azonban komolyabb feladatba kezdtek. T\u00f6bbf\u00e9le n\u00f6v\u00e9nyt vetettek magr\u00f3l, s izgatottan v\u00e1rt\u00e1k az eredm\u00e9nyt. Ker\u00fclt a f\u00f6ldbe napraforg\u00f3 ~, s\u00e1rgar\u00e9pa~, petrezselyem ~ \u00e9s retek magja. Cukorbors\u00f3t is vetettek az \u00e1gy\u00e1sba, s term\u00e9szetesen a gyermekek k\u00e9r\u00e9s\u00e9re a dughagyma sem maradhatott ki a citromf\u0171 mell\u0151l.\u00a0 A kis kert\u00e9szek izgatottan v\u00e1rt\u00e1k a fejlem\u00e9nyeket. Sajnos a hideg id\u0151j\u00e1r\u00e1s miatt a n\u00f6v\u00e9nyek er\u0151sen meggondolt\u00e1k a cs\u00edr\u00e1z\u00e1st, s a f\u00f6ldb\u0151l val\u00f3 kib\u00faj\u00e1st, de v\u00e9g\u00fcl ennek az ideje is el\u00e9rkezett. Egyed\u00fcl a petrezselyem d\u00f6nt\u00f6tt \u00fagy, hogy v\u00e9gleg elrejt\u0151zik a talajban. A di\u00e1kok azonban az \u0151 hely\u00e9t sem \u00f3hajtott\u00e1k \u00fcresen hagyni. Az \u00e1gy\u00e1s fogh\u00edjas r\u00e9sz\u00e9t felt\u00f6lt\u00f6tt\u00e9k paradicsom pal\u00e1nt\u00e1kkal. Id\u00e1ig \u00fagy t\u0171nik sajnos, hogy ez a n\u00f6v\u00e9ny sem szereti igaz\u00e1n ezt a helyet, viszont \u00f6r\u00f6mteli meglepet\u00e9s volt, hogy a retek \u00e9s hagyma j\u00f3l \u00e9rzi mag\u00e1t. A di\u00e1kok boldogan szedegett\u00e9k ki az \u00e1gy\u00e1sb\u00f3l az \u00e9tkez\u00e9sre megfelel\u0151nek \u00edt\u00e9lt \u00ednyencs\u00e9geket. A finoms\u00e1gok m\u00e9rete m\u00e9g nem \u00e9ri el a maximumot, de m\u00e1r saj\u00e1t term\u00e9s, s finom \u00edz\u00e9t csak k\u00fcl\u00f6n \u201ef\u0171szerezi\u201d, hogy saj\u00e1t maguk vetett\u00e9k, nevelgett\u00e9k, \u00f6nt\u00f6zgett\u00e9k, kap\u00e1lgatt\u00e1k a n\u00f6v\u00e9nyeket. Gondosan megmost\u00e1k, majd felszeletelt\u00e9k a term\u00e9s \u201ebetakar\u00edtott\u201d r\u00e9sz\u00e9t, s a reggeli \u00edzes\u00edt\u00e9sek\u00e9nt j\u00f3\u00edz\u0171en fogyasztott\u00e1k el az els\u0151k\u00e9nt meg\u00edzlelt term\u00e9st.<\/p>\n<p>Rem\u00e9lik, a m\u00e9g f\u00f6ldben l\u00e9v\u0151 n\u00f6v\u00e9nyek tov\u00e1bb fejl\u0151dnek, s hamarosan a cukorbors\u00f3 h\u00fcvelyeiben is megn\u0151nek annyira a szemek, hogy j\u00f3\u00edz\u0171en falatozhatnak bel\u0151le. A di\u00e1kok \u00e9s pedag\u00f3gusuk mindenkit arra buzd\u00edt, hogy fogyasszon min\u00e9l t\u00f6bb friss z\u00f6lds\u00e9get, gy\u00fcm\u00f6lcs\u00f6t!<\/p>\n<p>Eg\u00e9szs\u00e9g\u00fcnkre!<\/p>\n<p><img loading=\"lazy\" decoding=\"async\" class=\"aligncenter size-large wp-image-1419\" src=\"https:\/\/www.szentistvanajka.hu\/iskola\/wp-content\/uploads\/sites\/2\/2025\/05\/202505-magasagyas-cikk-2-1024x461.jpg\" alt=\"\" width=\"1024\" height=\"461\" \/><\/p>\n<p><img loading=\"lazy\" decoding=\"async\" class=\"aligncenter size-large wp-image-1420\" src=\"https:\/\/www.szentistvanajka.hu\/iskola\/wp-content\/uploads\/sites\/2\/2025\/05\/202505-magasagyas-cikk-4-1024x461.jpg\" alt=\"\" width=\"1024\" height=\"461\" srcset=\"https:\/\/www.szentistvanajka.hu\/iskola\/wp-content\/uploads\/sites\/2\/2025\/05\/202505-magasagyas-cikk-4-980x441.jpg 980w, https:\/\/www.szentistvanajka.hu\/iskola\/wp-content\/uploads\/sites\/2\/2025\/05\/202505-magasagyas-cikk-4-480x216.jpg 480w\" sizes=\"(min-width: 0px) and (max-width: 480px) 480px, (min-width: 481px) and (max-width: 980px) 980px, (min-width: 981px) 1024px, 100vw\" \/><\/p>\n<p>&nbsp;<\/p>\n<p>&nbsp;<\/p>\n<p>&nbsp;<\/p>\n<p>&nbsp;<\/p>\n<p>&nbsp;<\/p>\n<p>&nbsp;<\/p>\n<p>&nbsp;<\/p>\n","protected":false},"excerpt":{"rendered":"<p>A 4. b oszt\u00e1ly tavaly, m\u00e9g harmadikosk\u00e9nt hat\u00e1rozta el oszt\u00e1lyf\u0151n\u00f6k\u00e9vel egy\u00fctt, hogy az iskola egyik kihaszn\u00e1latlan magas\u00e1gy\u00e1s\u00e1t birtokba veszi. Ennek oka egyszer\u0171 volt. A k\u00f6rnyezet\u00f3r\u00e1n cs\u00edr\u00e1ztatott babot szerett\u00e9k volna tov\u00e1bb \u00e9ltetni, term\u0151re ford\u00edtani. Ez siker\u00fclt is, b\u00e1r f\u0151zel\u00e9kre nem telt a termett mennyis\u00e9gb\u0151l\u2026a gyermekek igaz\u00e1n nagy \u00f6r\u00f6m\u00e9re\u2026\ud83d\ude0a A sikeren felbuzdulva id\u00e9n tavasszal is n\u00f6v\u00e9nytermeszt\u00e9sre adt\u00e1k [&hellip;]<\/p>\n","protected":false},"author":1,"featured_media":0,"comment_status":"closed","ping_status":"closed","sticky":false,"template":"","format":"standard","meta":{"_et_pb_use_builder":"","_et_pb_old_content":"","_et_gb_content_width":"","footnotes":""},"categories":[1],"tags":[],"_links":{"self":[{"href":"https:\/\/www.szentistvanajka.hu\/iskola\/wp-json\/wp\/v2\/posts\/1418"}],"collection":[{"href":"https:\/\/www.szentistvanajka.hu\/iskola\/wp-json\/wp\/v2\/posts"}],"about":[{"href":"https:\/\/www.szentistvanajka.hu\/iskola\/wp-json\/wp\/v2\/types\/post"}],"author":[{"embeddable":true,"href":"https:\/\/www.szentistvanajka.hu\/iskola\/wp-json\/wp\/v2\/users\/1"}],"replies":[{"embeddable":true,"href":"https:\/\/www.szentistvanajka.hu\/iskola\/wp-json\/wp\/v2\/comments?post=1418"}],"version-history":[{"count":1,"href":"https:\/\/www.szentistvanajka.hu\/iskola\/wp-json\/wp\/v2\/posts\/1418\/revisions"}],"predecessor-version":[{"id":1421,"href":"https:\/\/www.szentistvanajka.hu\/iskola\/wp-json\/wp\/v2\/posts\/1418\/revisions\/1421"}],"wp:attachment":[{"href":"https:\/\/www.szentistvanajka.hu\/iskola\/wp-json\/wp\/v2\/media?parent=1418"}],"wp:term":[{"taxonomy":"category","embeddable":true,"href":"https:\/\/www.szentistvanajka.hu\/iskola\/wp-json\/wp\/v2\/categories?post=1418"},{"taxonomy":"post_tag","embeddable":true,"href":"https:\/\/www.szentistvanajka.hu\/iskola\/wp-json\/wp\/v2\/tags?post=1418"}],"curies":[{"name":"wp","href":"https:\/\/api.w.org\/{rel}","templated":true}]}}