{"id":1413,"date":"2025-05-27T12:08:01","date_gmt":"2025-05-27T10:08:01","guid":{"rendered":"https:\/\/www.szentistvanajka.hu\/iskola\/?p=1413"},"modified":"2025-05-27T12:08:13","modified_gmt":"2025-05-27T10:08:13","slug":"ujraelt-tortenelem","status":"publish","type":"post","link":"https:\/\/www.szentistvanajka.hu\/iskola\/2025\/05\/27\/ujraelt-tortenelem\/","title":{"rendered":"\u00dajra\u00e9lt t\u00f6rt\u00e9nelem"},"content":{"rendered":"<p>M\u00e1jus 26-\u00e1n iskol\u00e1nk 7.a oszt\u00e1lyos tanul\u00f3i az Orsz\u00e1ggy\u0171l\u00e9si M\u00fazeum interakt\u00edv m\u00fazeumpedag\u00f3giai foglalkoz\u00e1s\u00e1n vettek r\u00e9szt. A 60 perces Kir\u00e1lycsin\u00e1l\u00f3k c\u00edm\u0171 foglalkoz\u00e1son megismert\u00e9k a koron\u00e1z\u00e1si \u00e9kszereket \u00f6vez\u0151 legend\u00e1kat \u00e9s kalandjaikat, majd kis csoportokban a dr\u00e1maj\u00e1t\u00e9k eszk\u00f6zeivel felk\u00e9sz\u00fcltek a koron\u00e1z\u00e1si szertart\u00e1s egy-egy jelenet\u00e9nek (koron\u00e1z\u00e1s, esk\u00fct\u00e9tel, a n\u00e9gy \u00e9gt\u00e1j fel\u00e9 kardsuhint\u00e1s, lakoma) el\u0151ad\u00e1s\u00e1ra, melyhez \u00e9leth\u0171 kell\u00e9kek \u00e1lltak rendelkez\u00e9s\u00fckre. Az \u00faj kir\u00e1ly beiktat\u00e1s\u00e1nak cerem\u00f3ni\u00e1j\u00e1n minden di\u00e1knak jutott szerep, mindenki akt\u00edv r\u00e9szese volt az \u00fcnnep\u00e9lyes esem\u00e9nynek. A foglalkoz\u00e1shoz Orsz\u00e1gh\u00e1z-l\u00e1togat\u00e1s is kapcsol\u00f3dott. A 45 perces vezetett s\u00e9ta alatt megcsod\u00e1lhattuk a d\u00edszl\u00e9pcs\u0151t, a kupolacsarnokot \u00e9s az ott \u0151rz\u00f6tt koron\u00e1z\u00e1si \u00e9kszereket, a f\u0151rendih\u00e1zi t\u00e1rsalg\u00f3t \u00e9s \u00fcl\u00e9stermet.<\/p>\n<p>K\u00f6sz\u00f6nj\u00fck Rieder Andr\u00e1s f\u0151igazgat\u00f3nak a lehet\u0151s\u00e9get, az Orsz\u00e1ggy\u0171l\u00e9si M\u00fazeum dolgoz\u00f3inak pedig a felejthetetlen \u00e9lm\u00e9nyt!<\/p>\n<p>Riedern\u00e9 Fenyvesi Bernadett<\/p>\n<p>oszt\u00e1lyf\u0151n\u00f6k<\/p>\n<p><img loading=\"lazy\" decoding=\"async\" class=\"aligncenter wp-image-1414 size-large\" src=\"https:\/\/www.szentistvanajka.hu\/iskola\/wp-content\/uploads\/sites\/2\/2025\/05\/202505-7a-kirandulas-3-e1748340449581-768x1024.jpg\" alt=\"\" width=\"768\" height=\"1024\" \/> <img loading=\"lazy\" decoding=\"async\" class=\"aligncenter size-large wp-image-1415\" src=\"https:\/\/www.szentistvanajka.hu\/iskola\/wp-content\/uploads\/sites\/2\/2025\/05\/202505-7a-kirandulas-2.jpg\" alt=\"\" width=\"687\" height=\"612\" srcset=\"https:\/\/www.szentistvanajka.hu\/iskola\/wp-content\/uploads\/sites\/2\/2025\/05\/202505-7a-kirandulas-2.jpg 687w, https:\/\/www.szentistvanajka.hu\/iskola\/wp-content\/uploads\/sites\/2\/2025\/05\/202505-7a-kirandulas-2-480x428.jpg 480w\" sizes=\"(min-width: 0px) and (max-width: 480px) 480px, (min-width: 481px) 687px, 100vw\" \/> <img loading=\"lazy\" decoding=\"async\" class=\"aligncenter size-large wp-image-1416\" src=\"https:\/\/www.szentistvanajka.hu\/iskola\/wp-content\/uploads\/sites\/2\/2025\/05\/202505-7a-kirandulas-1.jpg\" alt=\"\" width=\"897\" height=\"673\" srcset=\"https:\/\/www.szentistvanajka.hu\/iskola\/wp-content\/uploads\/sites\/2\/2025\/05\/202505-7a-kirandulas-1.jpg 897w, https:\/\/www.szentistvanajka.hu\/iskola\/wp-content\/uploads\/sites\/2\/2025\/05\/202505-7a-kirandulas-1-480x360.jpg 480w\" sizes=\"(min-width: 0px) and (max-width: 480px) 480px, (min-width: 481px) 897px, 100vw\" \/><\/p>\n<p>&nbsp;<\/p>\n","protected":false},"excerpt":{"rendered":"<p>M\u00e1jus 26-\u00e1n iskol\u00e1nk 7.a oszt\u00e1lyos tanul\u00f3i az Orsz\u00e1ggy\u0171l\u00e9si M\u00fazeum interakt\u00edv m\u00fazeumpedag\u00f3giai foglalkoz\u00e1s\u00e1n vettek r\u00e9szt. A 60 perces Kir\u00e1lycsin\u00e1l\u00f3k c\u00edm\u0171 foglalkoz\u00e1son megismert\u00e9k a koron\u00e1z\u00e1si \u00e9kszereket \u00f6vez\u0151 legend\u00e1kat \u00e9s kalandjaikat, majd kis csoportokban a dr\u00e1maj\u00e1t\u00e9k eszk\u00f6zeivel felk\u00e9sz\u00fcltek a koron\u00e1z\u00e1si szertart\u00e1s egy-egy jelenet\u00e9nek (koron\u00e1z\u00e1s, esk\u00fct\u00e9tel, a n\u00e9gy \u00e9gt\u00e1j fel\u00e9 kardsuhint\u00e1s, lakoma) el\u0151ad\u00e1s\u00e1ra, melyhez \u00e9leth\u0171 kell\u00e9kek \u00e1lltak rendelkez\u00e9s\u00fckre. Az [&hellip;]<\/p>\n","protected":false},"author":1,"featured_media":1415,"comment_status":"closed","ping_status":"closed","sticky":false,"template":"","format":"standard","meta":{"_et_pb_use_builder":"","_et_pb_old_content":"","_et_gb_content_width":"","footnotes":""},"categories":[1],"tags":[],"_links":{"self":[{"href":"https:\/\/www.szentistvanajka.hu\/iskola\/wp-json\/wp\/v2\/posts\/1413"}],"collection":[{"href":"https:\/\/www.szentistvanajka.hu\/iskola\/wp-json\/wp\/v2\/posts"}],"about":[{"href":"https:\/\/www.szentistvanajka.hu\/iskola\/wp-json\/wp\/v2\/types\/post"}],"author":[{"embeddable":true,"href":"https:\/\/www.szentistvanajka.hu\/iskola\/wp-json\/wp\/v2\/users\/1"}],"replies":[{"embeddable":true,"href":"https:\/\/www.szentistvanajka.hu\/iskola\/wp-json\/wp\/v2\/comments?post=1413"}],"version-history":[{"count":1,"href":"https:\/\/www.szentistvanajka.hu\/iskola\/wp-json\/wp\/v2\/posts\/1413\/revisions"}],"predecessor-version":[{"id":1417,"href":"https:\/\/www.szentistvanajka.hu\/iskola\/wp-json\/wp\/v2\/posts\/1413\/revisions\/1417"}],"wp:featuredmedia":[{"embeddable":true,"href":"https:\/\/www.szentistvanajka.hu\/iskola\/wp-json\/wp\/v2\/media\/1415"}],"wp:attachment":[{"href":"https:\/\/www.szentistvanajka.hu\/iskola\/wp-json\/wp\/v2\/media?parent=1413"}],"wp:term":[{"taxonomy":"category","embeddable":true,"href":"https:\/\/www.szentistvanajka.hu\/iskola\/wp-json\/wp\/v2\/categories?post=1413"},{"taxonomy":"post_tag","embeddable":true,"href":"https:\/\/www.szentistvanajka.hu\/iskola\/wp-json\/wp\/v2\/tags?post=1413"}],"curies":[{"name":"wp","href":"https:\/\/api.w.org\/{rel}","templated":true}]}}