{"id":1388,"date":"2025-05-12T09:16:35","date_gmt":"2025-05-12T07:16:35","guid":{"rendered":"https:\/\/www.szentistvanajka.hu\/iskola\/?p=1388"},"modified":"2025-05-12T09:21:43","modified_gmt":"2025-05-12T07:21:43","slug":"europa-kulturalis-kincsei-rajzpalyazat","status":"publish","type":"post","link":"https:\/\/www.szentistvanajka.hu\/iskola\/2025\/05\/12\/europa-kulturalis-kincsei-rajzpalyazat\/","title":{"rendered":"Eur\u00f3pa kultur\u00e1lis kincsei rajzp\u00e1ly\u00e1zat"},"content":{"rendered":"<p>Als\u00f3 tagozatos tanul\u00f3ink sz\u00e9p eredm\u00e9nyekkel vettek r\u00e9sz az Ajka V\u00e1ros \u00d6nkorm\u00e1nyzata \u00e1ltal hirdetett \u201eEur\u00f3pa kultur\u00e1lis kincsei\u201d elnevez\u00e9s\u0171 rajzp\u00e1ly\u00e1zaton.<\/p>\n<p>Dul\u00f3 Hanna (2.a) I., Gy\u00f6rk\u00f6s Dominik (2.a) II., Kotsy Laura (1.b) III. helyez\u00e9st \u00e9rt el.<\/p>\n<p>A bek\u00fcld\u00f6tt munk\u00e1k kicsiny\u00edtett form\u00e1ban megtekinthet\u0151k a V\u00e1rosligetben, a T\u00f3 melletti j\u00e1tsz\u00f3t\u00e9r f\u00e1ira felakasztva.<\/p>\n<p>Gratul\u00e1lunk a helyezetteknek \u00e9s felk\u00e9sz\u00edt\u0151iknek!<\/p>\n<p><img loading=\"lazy\" decoding=\"async\" class=\"aligncenter size-full wp-image-1389\" src=\"https:\/\/www.szentistvanajka.hu\/iskola\/wp-content\/uploads\/sites\/2\/2025\/05\/20250509_152139.jpg\" alt=\"\" width=\"925\" height=\"694\" srcset=\"https:\/\/www.szentistvanajka.hu\/iskola\/wp-content\/uploads\/sites\/2\/2025\/05\/20250509_152139.jpg 925w, https:\/\/www.szentistvanajka.hu\/iskola\/wp-content\/uploads\/sites\/2\/2025\/05\/20250509_152139-480x360.jpg 480w\" sizes=\"(min-width: 0px) and (max-width: 480px) 480px, (min-width: 481px) 925px, 100vw\" \/><\/p>\n","protected":false},"excerpt":{"rendered":"<p>Als\u00f3 tagozatos tanul\u00f3ink sz\u00e9p eredm\u00e9nyekkel vettek r\u00e9sz az Ajka V\u00e1ros \u00d6nkorm\u00e1nyzata \u00e1ltal hirdetett \u201eEur\u00f3pa kultur\u00e1lis kincsei\u201d elnevez\u00e9s\u0171 rajzp\u00e1ly\u00e1zaton. Dul\u00f3 Hanna (2.a) I., Gy\u00f6rk\u00f6s Dominik (2.a) II., Kotsy Laura (1.b) III. helyez\u00e9st \u00e9rt el. A bek\u00fcld\u00f6tt munk\u00e1k kicsiny\u00edtett form\u00e1ban megtekinthet\u0151k a V\u00e1rosligetben, a T\u00f3 melletti j\u00e1tsz\u00f3t\u00e9r f\u00e1ira felakasztva. Gratul\u00e1lunk a helyezetteknek \u00e9s felk\u00e9sz\u00edt\u0151iknek!<\/p>\n","protected":false},"author":1,"featured_media":1389,"comment_status":"closed","ping_status":"closed","sticky":false,"template":"","format":"standard","meta":{"_et_pb_use_builder":"","_et_pb_old_content":"","_et_gb_content_width":"","footnotes":""},"categories":[1],"tags":[],"_links":{"self":[{"href":"https:\/\/www.szentistvanajka.hu\/iskola\/wp-json\/wp\/v2\/posts\/1388"}],"collection":[{"href":"https:\/\/www.szentistvanajka.hu\/iskola\/wp-json\/wp\/v2\/posts"}],"about":[{"href":"https:\/\/www.szentistvanajka.hu\/iskola\/wp-json\/wp\/v2\/types\/post"}],"author":[{"embeddable":true,"href":"https:\/\/www.szentistvanajka.hu\/iskola\/wp-json\/wp\/v2\/users\/1"}],"replies":[{"embeddable":true,"href":"https:\/\/www.szentistvanajka.hu\/iskola\/wp-json\/wp\/v2\/comments?post=1388"}],"version-history":[{"count":1,"href":"https:\/\/www.szentistvanajka.hu\/iskola\/wp-json\/wp\/v2\/posts\/1388\/revisions"}],"predecessor-version":[{"id":1390,"href":"https:\/\/www.szentistvanajka.hu\/iskola\/wp-json\/wp\/v2\/posts\/1388\/revisions\/1390"}],"wp:featuredmedia":[{"embeddable":true,"href":"https:\/\/www.szentistvanajka.hu\/iskola\/wp-json\/wp\/v2\/media\/1389"}],"wp:attachment":[{"href":"https:\/\/www.szentistvanajka.hu\/iskola\/wp-json\/wp\/v2\/media?parent=1388"}],"wp:term":[{"taxonomy":"category","embeddable":true,"href":"https:\/\/www.szentistvanajka.hu\/iskola\/wp-json\/wp\/v2\/categories?post=1388"},{"taxonomy":"post_tag","embeddable":true,"href":"https:\/\/www.szentistvanajka.hu\/iskola\/wp-json\/wp\/v2\/tags?post=1388"}],"curies":[{"name":"wp","href":"https:\/\/api.w.org\/{rel}","templated":true}]}}