{"id":1369,"date":"2025-03-30T20:53:16","date_gmt":"2025-03-30T18:53:16","guid":{"rendered":"https:\/\/www.szentistvanajka.hu\/iskola\/?p=1369"},"modified":"2025-03-30T20:53:16","modified_gmt":"2025-03-30T18:53:16","slug":"hazi-zongoraverseny","status":"publish","type":"post","link":"https:\/\/www.szentistvanajka.hu\/iskola\/2025\/03\/30\/hazi-zongoraverseny\/","title":{"rendered":"H\u00e1zi zongoraverseny"},"content":{"rendered":"<p>M\u00e1rcius 27-\u00e9n a Kocs\u00e1r Mikl\u00f3s Zeneiskola \u00e9s AMI \u00e1ltal szervezett <strong>h\u00e1zi zongoraversenyen<\/strong> 36 di\u00e1k indult, k\u00f6z\u00fcl\u00fck 18-an iskol\u00e1nk tanul\u00f3i voltak.<br \/>\nBilics D\u00e1vid, Berzsenyi Hanga, Kany\u00e1r Korn\u00e9l, Herczeg Bal\u00e1zs ez\u00fcst, Mika Lilianna, N\u00e9meth Attila, Ol\u00e1h-Milkovics Mia, Radics Norina, Ha\u00e1sz Bettina,<br \/>\nKov\u00e1cs Fanni, Kozma Zsombor, N\u00e9meth Dorka, Kiss Botond, F\u00e1bi\u00e1n Dorka, Nagy -Somogyi N\u00f3ra arany, Tall\u00f3s D\u00f3ra, Tak\u00e1cs Erik Nimr\u00f3d \u00e9s V\u00e9r D\u00f3ra Alexandra maxim\u00e1lis pontsz\u00e1mmal N\u00edv\u00f3 d\u00edj elismer\u00e9sben r\u00e9szes\u00fclt.<\/p>\n<p>Felk\u00e9sz\u00edt\u0151 tan\u00e1raik: Kov\u00e1csn\u00e9 Pog\u00e1ny Kinga, N\u00e9meth Erika, Nagy Krisztina, V\u00f6r\u00f6s J\u00e1nosn\u00e9, Elischer Bal\u00e1zs.<\/p>\n<p>Gratul\u00e1lunk a gyerekeknek \u00e9s tan\u00e1raiknak!<\/p>\n<p><img loading=\"lazy\" decoding=\"async\" class=\"aligncenter size-full wp-image-1370\" src=\"https:\/\/www.szentistvanajka.hu\/iskola\/wp-content\/uploads\/sites\/2\/2025\/03\/202503-Hazi-zongoraverseny-2025.jpg\" alt=\"\" width=\"1024\" height=\"768\" srcset=\"https:\/\/www.szentistvanajka.hu\/iskola\/wp-content\/uploads\/sites\/2\/2025\/03\/202503-Hazi-zongoraverseny-2025.jpg 1024w, https:\/\/www.szentistvanajka.hu\/iskola\/wp-content\/uploads\/sites\/2\/2025\/03\/202503-Hazi-zongoraverseny-2025-980x735.jpg 980w, https:\/\/www.szentistvanajka.hu\/iskola\/wp-content\/uploads\/sites\/2\/2025\/03\/202503-Hazi-zongoraverseny-2025-480x360.jpg 480w\" sizes=\"(min-width: 0px) and (max-width: 480px) 480px, (min-width: 481px) and (max-width: 980px) 980px, (min-width: 981px) 1024px, 100vw\" \/><\/p>\n","protected":false},"excerpt":{"rendered":"<p>M\u00e1rcius 27-\u00e9n a Kocs\u00e1r Mikl\u00f3s Zeneiskola \u00e9s AMI \u00e1ltal szervezett h\u00e1zi zongoraversenyen 36 di\u00e1k indult, k\u00f6z\u00fcl\u00fck 18-an iskol\u00e1nk tanul\u00f3i voltak. Bilics D\u00e1vid, Berzsenyi Hanga, Kany\u00e1r Korn\u00e9l, Herczeg Bal\u00e1zs ez\u00fcst, Mika Lilianna, N\u00e9meth Attila, Ol\u00e1h-Milkovics Mia, Radics Norina, Ha\u00e1sz Bettina, Kov\u00e1cs Fanni, Kozma Zsombor, N\u00e9meth Dorka, Kiss Botond, F\u00e1bi\u00e1n Dorka, Nagy -Somogyi N\u00f3ra arany, Tall\u00f3s D\u00f3ra, [&hellip;]<\/p>\n","protected":false},"author":1,"featured_media":1370,"comment_status":"closed","ping_status":"closed","sticky":false,"template":"","format":"standard","meta":{"_et_pb_use_builder":"","_et_pb_old_content":"","_et_gb_content_width":"","footnotes":""},"categories":[1],"tags":[],"_links":{"self":[{"href":"https:\/\/www.szentistvanajka.hu\/iskola\/wp-json\/wp\/v2\/posts\/1369"}],"collection":[{"href":"https:\/\/www.szentistvanajka.hu\/iskola\/wp-json\/wp\/v2\/posts"}],"about":[{"href":"https:\/\/www.szentistvanajka.hu\/iskola\/wp-json\/wp\/v2\/types\/post"}],"author":[{"embeddable":true,"href":"https:\/\/www.szentistvanajka.hu\/iskola\/wp-json\/wp\/v2\/users\/1"}],"replies":[{"embeddable":true,"href":"https:\/\/www.szentistvanajka.hu\/iskola\/wp-json\/wp\/v2\/comments?post=1369"}],"version-history":[{"count":1,"href":"https:\/\/www.szentistvanajka.hu\/iskola\/wp-json\/wp\/v2\/posts\/1369\/revisions"}],"predecessor-version":[{"id":1371,"href":"https:\/\/www.szentistvanajka.hu\/iskola\/wp-json\/wp\/v2\/posts\/1369\/revisions\/1371"}],"wp:featuredmedia":[{"embeddable":true,"href":"https:\/\/www.szentistvanajka.hu\/iskola\/wp-json\/wp\/v2\/media\/1370"}],"wp:attachment":[{"href":"https:\/\/www.szentistvanajka.hu\/iskola\/wp-json\/wp\/v2\/media?parent=1369"}],"wp:term":[{"taxonomy":"category","embeddable":true,"href":"https:\/\/www.szentistvanajka.hu\/iskola\/wp-json\/wp\/v2\/categories?post=1369"},{"taxonomy":"post_tag","embeddable":true,"href":"https:\/\/www.szentistvanajka.hu\/iskola\/wp-json\/wp\/v2\/tags?post=1369"}],"curies":[{"name":"wp","href":"https:\/\/api.w.org\/{rel}","templated":true}]}}