{"id":1356,"date":"2025-03-25T12:52:41","date_gmt":"2025-03-25T11:52:41","guid":{"rendered":"https:\/\/www.szentistvanajka.hu\/iskola\/?p=1356"},"modified":"2025-03-25T13:00:22","modified_gmt":"2025-03-25T12:00:22","slug":"a-viz-vilagnapja","status":"publish","type":"post","link":"https:\/\/www.szentistvanajka.hu\/iskola\/2025\/03\/25\/a-viz-vilagnapja\/","title":{"rendered":"A v\u00edz vil\u00e1gnapja"},"content":{"rendered":"<p>M\u00e1rcius 22., a v\u00edz vil\u00e1gnapja az idei tan\u00e9vben szombatra esett, ez\u00e9rt h\u00e9tf\u0151n csatlakoztunk a nemzetk\u00f6zi esem\u00e9nyhez, \u00e9s h\u00edvtuk fel a figyelmet az \u00e9ltet\u0151 v\u00edz fontoss\u00e1g\u00e1ra: sokan \u00e9rkezt\u00fcnk az iskol\u00e1ba k\u00e9kbe \u00f6lt\u00f6zve, a tan\u00f3rai sz\u00fcnetekben gyerekcsoportok kerest\u00e9k fel az iskola \u00e9p\u00fclet\u00e9nek t\u00f6bb pontj\u00e1n kialak\u00edtott friss csapvizet k\u00edn\u00e1l\u00f3 standokat, az oszt\u00e1lyok v\u00edzzel kapcsolatos tal\u00e1l\u00f3s k\u00e9rd\u00e9seket gy\u0171jt\u00f6ttek. V\u00edzzel kapcsolatos illusztr\u00e1ci\u00f3k k\u00e9sz\u00fcltek rajzlapra, teremajt\u00f3ra, a zsibong\u00f3ban \u00e9s az aul\u00e1ban fel\u00e1ll\u00edtott parav\u00e1nokra. Az iskola b\u00fcf\u00e9j\u00e9ben ezen a napon nem lehetett \u00edzes\u00edtett \u00fcd\u00edt\u0151ket v\u00e1s\u00e1rolni, de ezt senki sem nehezm\u00e9nyezte, mert a gyerekek megtapasztalhatt\u00e1k, hogy szomj\u00fas\u00e1g ellen a j\u00f3 min\u0151s\u00e9g\u0171 iv\u00f3v\u00edzn\u00e9l nincs is jobb.<\/p>\n<p>Mi szerencs\u00e9snek mondhatjuk magunkat, olyan k\u00f6rnyezetben \u00e9l\u00fcnk, ahol term\u00e9szetes, hogy a csapb\u00f3l v\u00edz folyik, ha inni, tiszt\u00e1lkodni, f\u0151zni, mosni szeretn\u00e9nk. A F\u00f6ldnek azonban nem minden ter\u00fclet\u00e9n van ez \u00edgy. Vannak r\u00e9gi\u00f3k, ahol az emberek egyenl\u0151tlen\u00fcl, vagy egy\u00e1ltal\u00e1n nem f\u00e9rnek hozz\u00e1. Naponta hossz\u00fa kilom\u00e9tereket tesznek meg, hogy v\u00edzhez jussanak. Ez\u00e9rt nek\u00fcnk, szerencs\u00e9sebbeknek tudatos\u00edtanunk kell magunkban, hogy a v\u00edz \u00e9rt\u00e9k, meg kell becs\u00fclni! Erre ir\u00e1ny\u00edtja minden \u00e9vben figyelm\u00fcnket a v\u00edz vil\u00e1gnapja.<\/p>\n<p><img loading=\"lazy\" decoding=\"async\" class=\"aligncenter wp-image-1357 size-medium\" src=\"https:\/\/www.szentistvanajka.hu\/iskola\/wp-content\/uploads\/sites\/2\/2025\/03\/202503-viz-1-225x300.png\" alt=\"\" width=\"225\" height=\"300\" srcset=\"https:\/\/www.szentistvanajka.hu\/iskola\/wp-content\/uploads\/sites\/2\/2025\/03\/202503-viz-1-225x300.png 225w, https:\/\/www.szentistvanajka.hu\/iskola\/wp-content\/uploads\/sites\/2\/2025\/03\/202503-viz-1.png 431w\" sizes=\"(max-width: 225px) 100vw, 225px\" \/> <img loading=\"lazy\" decoding=\"async\" class=\"aligncenter wp-image-1358 size-full\" src=\"https:\/\/www.szentistvanajka.hu\/iskola\/wp-content\/uploads\/sites\/2\/2025\/03\/202503-viz-2.png\" alt=\"\" width=\"295\" height=\"222\" \/> <img loading=\"lazy\" decoding=\"async\" class=\"aligncenter wp-image-1359 size-medium\" src=\"https:\/\/www.szentistvanajka.hu\/iskola\/wp-content\/uploads\/sites\/2\/2025\/03\/202503-viz-3-300x223.jpg\" alt=\"\" width=\"300\" height=\"223\" \/> <img loading=\"lazy\" decoding=\"async\" class=\"aligncenter wp-image-1360 size-medium\" src=\"https:\/\/www.szentistvanajka.hu\/iskola\/wp-content\/uploads\/sites\/2\/2025\/03\/202503-viz-4-300x225.jpg\" alt=\"\" width=\"300\" height=\"225\" \/><\/p>\n","protected":false},"excerpt":{"rendered":"<p>M\u00e1rcius 22., a v\u00edz vil\u00e1gnapja az idei tan\u00e9vben szombatra esett, ez\u00e9rt h\u00e9tf\u0151n csatlakoztunk a nemzetk\u00f6zi esem\u00e9nyhez, \u00e9s h\u00edvtuk fel a figyelmet az \u00e9ltet\u0151 v\u00edz fontoss\u00e1g\u00e1ra: sokan \u00e9rkezt\u00fcnk az iskol\u00e1ba k\u00e9kbe \u00f6lt\u00f6zve, a tan\u00f3rai sz\u00fcnetekben gyerekcsoportok kerest\u00e9k fel az iskola \u00e9p\u00fclet\u00e9nek t\u00f6bb pontj\u00e1n kialak\u00edtott friss csapvizet k\u00edn\u00e1l\u00f3 standokat, az oszt\u00e1lyok v\u00edzzel kapcsolatos tal\u00e1l\u00f3s k\u00e9rd\u00e9seket gy\u0171jt\u00f6ttek. V\u00edzzel [&hellip;]<\/p>\n","protected":false},"author":1,"featured_media":1357,"comment_status":"closed","ping_status":"closed","sticky":false,"template":"","format":"standard","meta":{"_et_pb_use_builder":"","_et_pb_old_content":"","_et_gb_content_width":"","footnotes":""},"categories":[1],"tags":[],"_links":{"self":[{"href":"https:\/\/www.szentistvanajka.hu\/iskola\/wp-json\/wp\/v2\/posts\/1356"}],"collection":[{"href":"https:\/\/www.szentistvanajka.hu\/iskola\/wp-json\/wp\/v2\/posts"}],"about":[{"href":"https:\/\/www.szentistvanajka.hu\/iskola\/wp-json\/wp\/v2\/types\/post"}],"author":[{"embeddable":true,"href":"https:\/\/www.szentistvanajka.hu\/iskola\/wp-json\/wp\/v2\/users\/1"}],"replies":[{"embeddable":true,"href":"https:\/\/www.szentistvanajka.hu\/iskola\/wp-json\/wp\/v2\/comments?post=1356"}],"version-history":[{"count":2,"href":"https:\/\/www.szentistvanajka.hu\/iskola\/wp-json\/wp\/v2\/posts\/1356\/revisions"}],"predecessor-version":[{"id":1362,"href":"https:\/\/www.szentistvanajka.hu\/iskola\/wp-json\/wp\/v2\/posts\/1356\/revisions\/1362"}],"wp:featuredmedia":[{"embeddable":true,"href":"https:\/\/www.szentistvanajka.hu\/iskola\/wp-json\/wp\/v2\/media\/1357"}],"wp:attachment":[{"href":"https:\/\/www.szentistvanajka.hu\/iskola\/wp-json\/wp\/v2\/media?parent=1356"}],"wp:term":[{"taxonomy":"category","embeddable":true,"href":"https:\/\/www.szentistvanajka.hu\/iskola\/wp-json\/wp\/v2\/categories?post=1356"},{"taxonomy":"post_tag","embeddable":true,"href":"https:\/\/www.szentistvanajka.hu\/iskola\/wp-json\/wp\/v2\/tags?post=1356"}],"curies":[{"name":"wp","href":"https:\/\/api.w.org\/{rel}","templated":true}]}}