{"id":1319,"date":"2025-03-17T09:11:02","date_gmt":"2025-03-17T08:11:02","guid":{"rendered":"https:\/\/www.szentistvanajka.hu\/iskola\/?p=1319"},"modified":"2025-03-17T09:11:02","modified_gmt":"2025-03-17T08:11:02","slug":"kituntettek-foigazgatonkat","status":"publish","type":"post","link":"https:\/\/www.szentistvanajka.hu\/iskola\/2025\/03\/17\/kituntettek-foigazgatonkat\/","title":{"rendered":"Kit\u00fcntett\u00e9k f\u0151igazgat\u00f3nkat!"},"content":{"rendered":"<div dir=\"auto\">M\u00e1rcius 15-e alkalm\u00e1b\u00f3l dr. Sulyok Tam\u00e1s k\u00f6zt\u00e1rsas\u00e1gi eln\u00f6k \u00far \u00e1llami kit\u00fcntet\u00e9st adom\u00e1nyozott int\u00e9zm\u00e9ny\u00fcnk f\u0151igazgat\u00f3ja Rieder Andr\u00e1s r\u00e9sz\u00e9re, melyet m\u00e1rcius 14-\u00e9n a Karmelita kolostorban Dr. Semj\u00e9n Zsolt minisztereln\u00f6k-helyettes \u00far adott \u00e1t. F\u0151igazgat\u00f3 \u00far a MAGYAR ARANY \u00c9RDEMKERESZT kit\u00fcntet\u00e9st vehette \u00e1t kiemelked\u0151 pedag\u00f3gusi \u00e9s int\u00e9zm\u00e9nyvezet\u0151i tev\u00e9kenys\u00e9ge, valamint a helyi k\u00f6z\u00f6ss\u00e9g \u00e9rdek\u00e9ben v\u00e9gzett sokoldal\u00fa munk\u00e1ss\u00e1ga elismer\u00e9sek\u00e9nt.<\/div>\n<div dir=\"auto\">A magas rang\u00fa elismer\u00e9shez sz\u00edvb\u0151l gratul\u00e1lunk, tov\u00e1bbi munk\u00e1j\u00e1hoz j\u00f3 eg\u00e9szs\u00e9get \u00e9s sok sikert k\u00edv\u00e1nunk.<\/div>\n<div dir=\"auto\"><img loading=\"lazy\" decoding=\"async\" class=\"aligncenter size-large wp-image-1323\" src=\"https:\/\/www.szentistvanajka.hu\/iskola\/wp-content\/uploads\/sites\/2\/2025\/03\/202503-Andras-kituntetes-3-768x1024.jpg\" alt=\"\" width=\"768\" height=\"1024\" srcset=\"https:\/\/www.szentistvanajka.hu\/iskola\/wp-content\/uploads\/sites\/2\/2025\/03\/202503-Andras-kituntetes-3-768x1024.jpg 768w, https:\/\/www.szentistvanajka.hu\/iskola\/wp-content\/uploads\/sites\/2\/2025\/03\/202503-Andras-kituntetes-3-480x640.jpg 480w\" sizes=\"(min-width: 0px) and (max-width: 480px) 480px, (min-width: 481px) 768px, 100vw\" \/> <img loading=\"lazy\" decoding=\"async\" class=\"aligncenter size-large wp-image-1324\" src=\"https:\/\/www.szentistvanajka.hu\/iskola\/wp-content\/uploads\/sites\/2\/2025\/03\/202503-Andras-kituntetes-4-768x1024.jpg\" alt=\"\" width=\"768\" height=\"1024\" srcset=\"https:\/\/www.szentistvanajka.hu\/iskola\/wp-content\/uploads\/sites\/2\/2025\/03\/202503-Andras-kituntetes-4-768x1024.jpg 768w, https:\/\/www.szentistvanajka.hu\/iskola\/wp-content\/uploads\/sites\/2\/2025\/03\/202503-Andras-kituntetes-4-480x640.jpg 480w\" sizes=\"(min-width: 0px) and (max-width: 480px) 480px, (min-width: 481px) 768px, 100vw\" \/> <img loading=\"lazy\" decoding=\"async\" class=\"aligncenter size-large wp-image-1325\" src=\"https:\/\/www.szentistvanajka.hu\/iskola\/wp-content\/uploads\/sites\/2\/2025\/03\/202503-Andras-kituntetes-5-1024x683.jpg\" alt=\"\" width=\"1024\" height=\"683\" srcset=\"https:\/\/www.szentistvanajka.hu\/iskola\/wp-content\/uploads\/sites\/2\/2025\/03\/202503-Andras-kituntetes-5-980x653.jpg 980w, https:\/\/www.szentistvanajka.hu\/iskola\/wp-content\/uploads\/sites\/2\/2025\/03\/202503-Andras-kituntetes-5-480x320.jpg 480w\" sizes=\"(min-width: 0px) and (max-width: 480px) 480px, (min-width: 481px) and (max-width: 980px) 980px, (min-width: 981px) 1024px, 100vw\" \/><\/div>\n<div dir=\"auto\"><img loading=\"lazy\" decoding=\"async\" class=\"aligncenter size-large wp-image-1321\" src=\"https:\/\/www.szentistvanajka.hu\/iskola\/wp-content\/uploads\/sites\/2\/2025\/03\/202503-Andras-kituntetes-1-1024x683.jpg\" alt=\"\" width=\"1024\" height=\"683\" srcset=\"https:\/\/www.szentistvanajka.hu\/iskola\/wp-content\/uploads\/sites\/2\/2025\/03\/202503-Andras-kituntetes-1-980x653.jpg 980w, https:\/\/www.szentistvanajka.hu\/iskola\/wp-content\/uploads\/sites\/2\/2025\/03\/202503-Andras-kituntetes-1-480x320.jpg 480w\" sizes=\"(min-width: 0px) and (max-width: 480px) 480px, (min-width: 481px) and (max-width: 980px) 980px, (min-width: 981px) 1024px, 100vw\" \/> <img loading=\"lazy\" decoding=\"async\" class=\"aligncenter size-large wp-image-1322\" src=\"https:\/\/www.szentistvanajka.hu\/iskola\/wp-content\/uploads\/sites\/2\/2025\/03\/202503-Andras-kituntetes-2-1024x768.jpg\" alt=\"\" width=\"1024\" height=\"768\" srcset=\"https:\/\/www.szentistvanajka.hu\/iskola\/wp-content\/uploads\/sites\/2\/2025\/03\/202503-Andras-kituntetes-2-1024x768.jpg 1024w, https:\/\/www.szentistvanajka.hu\/iskola\/wp-content\/uploads\/sites\/2\/2025\/03\/202503-Andras-kituntetes-2-980x735.jpg 980w, https:\/\/www.szentistvanajka.hu\/iskola\/wp-content\/uploads\/sites\/2\/2025\/03\/202503-Andras-kituntetes-2-480x360.jpg 480w\" sizes=\"(min-width: 0px) and (max-width: 480px) 480px, (min-width: 481px) and (max-width: 980px) 980px, (min-width: 981px) 1024px, 100vw\" \/><\/div>\n<div dir=\"auto\"><\/div>\n","protected":false},"excerpt":{"rendered":"<p>M\u00e1rcius 15-e alkalm\u00e1b\u00f3l dr. Sulyok Tam\u00e1s k\u00f6zt\u00e1rsas\u00e1gi eln\u00f6k \u00far \u00e1llami kit\u00fcntet\u00e9st adom\u00e1nyozott int\u00e9zm\u00e9ny\u00fcnk f\u0151igazgat\u00f3ja Rieder Andr\u00e1s r\u00e9sz\u00e9re, melyet m\u00e1rcius 14-\u00e9n a Karmelita kolostorban Dr. Semj\u00e9n Zsolt minisztereln\u00f6k-helyettes \u00far adott \u00e1t. F\u0151igazgat\u00f3 \u00far a MAGYAR ARANY \u00c9RDEMKERESZT kit\u00fcntet\u00e9st vehette \u00e1t kiemelked\u0151 pedag\u00f3gusi \u00e9s int\u00e9zm\u00e9nyvezet\u0151i tev\u00e9kenys\u00e9ge, valamint a helyi k\u00f6z\u00f6ss\u00e9g \u00e9rdek\u00e9ben v\u00e9gzett sokoldal\u00fa munk\u00e1ss\u00e1ga elismer\u00e9sek\u00e9nt. A magas [&hellip;]<\/p>\n","protected":false},"author":1,"featured_media":1323,"comment_status":"closed","ping_status":"closed","sticky":false,"template":"","format":"standard","meta":{"_et_pb_use_builder":"","_et_pb_old_content":"","_et_gb_content_width":"","footnotes":""},"categories":[1],"tags":[],"_links":{"self":[{"href":"https:\/\/www.szentistvanajka.hu\/iskola\/wp-json\/wp\/v2\/posts\/1319"}],"collection":[{"href":"https:\/\/www.szentistvanajka.hu\/iskola\/wp-json\/wp\/v2\/posts"}],"about":[{"href":"https:\/\/www.szentistvanajka.hu\/iskola\/wp-json\/wp\/v2\/types\/post"}],"author":[{"embeddable":true,"href":"https:\/\/www.szentistvanajka.hu\/iskola\/wp-json\/wp\/v2\/users\/1"}],"replies":[{"embeddable":true,"href":"https:\/\/www.szentistvanajka.hu\/iskola\/wp-json\/wp\/v2\/comments?post=1319"}],"version-history":[{"count":1,"href":"https:\/\/www.szentistvanajka.hu\/iskola\/wp-json\/wp\/v2\/posts\/1319\/revisions"}],"predecessor-version":[{"id":1326,"href":"https:\/\/www.szentistvanajka.hu\/iskola\/wp-json\/wp\/v2\/posts\/1319\/revisions\/1326"}],"wp:featuredmedia":[{"embeddable":true,"href":"https:\/\/www.szentistvanajka.hu\/iskola\/wp-json\/wp\/v2\/media\/1323"}],"wp:attachment":[{"href":"https:\/\/www.szentistvanajka.hu\/iskola\/wp-json\/wp\/v2\/media?parent=1319"}],"wp:term":[{"taxonomy":"category","embeddable":true,"href":"https:\/\/www.szentistvanajka.hu\/iskola\/wp-json\/wp\/v2\/categories?post=1319"},{"taxonomy":"post_tag","embeddable":true,"href":"https:\/\/www.szentistvanajka.hu\/iskola\/wp-json\/wp\/v2\/tags?post=1319"}],"curies":[{"name":"wp","href":"https:\/\/api.w.org\/{rel}","templated":true}]}}