{"id":1313,"date":"2025-03-14T09:54:04","date_gmt":"2025-03-14T08:54:04","guid":{"rendered":"https:\/\/www.szentistvanajka.hu\/iskola\/?p=1313"},"modified":"2025-03-14T09:54:15","modified_gmt":"2025-03-14T08:54:15","slug":"megtalaltuk-rejto-jenot","status":"publish","type":"post","link":"https:\/\/www.szentistvanajka.hu\/iskola\/2025\/03\/14\/megtalaltuk-rejto-jenot\/","title":{"rendered":"\u201eMegtal\u00e1ltuk Rejt\u0151 Jen\u0151t!\u201d"},"content":{"rendered":"<p>A Szent Istv\u00e1n Kir\u00e1ly R\u00f3mai Katolikus \u00c1ltal\u00e1nos Iskola \u00e9s \u00d3voda 5.b oszt\u00e1lyos tanul\u00f3i egy d\u00e9lut\u00e1nra a nyomoz\u00f3k b\u0151r\u00e9be b\u00fajhattak, hogy a magyar sz\u00f3rakoztat\u00f3 irodalom egyik ikonikus szerz\u0151j\u00e9nek nyom\u00e1ba eredjenek.<\/p>\n<p>N\u00e9meth No\u00e9mi az oszt\u00e1ly \u00e9nek- zene tan\u00e1ra, tanul\u00f3szobai nevel\u0151je nagy lelkesed\u00e9ssel szervezte a di\u00e1kokat az Ajka V\u00e1rosi K\u00f6nyvt\u00e1r \u00e1ltal hirdetett programra. Az oszt\u00e1lyb\u00f3l- fiatal koruk ellen\u00e9re- m\u00e1r p\u00e1r tanul\u00f3 olvasott Rejt\u0151- m\u0171vet, \u00edgy az oszt\u00e1lyf\u0151n\u00f6kkel egy\u00fctt k\u00edv\u00e1ncsian v\u00e1rt\u00e1k, mennyire tudja a t\u00f6bbi fiatalt is megmozgatni a j\u00e1t\u00e9kos nyomoz\u00e1s.<\/p>\n<p>Az ifjak \u00e9rdekl\u0151d\u0151, akt\u00edv, \u00f6nfeledt, a probl\u00e9ma megold\u00e1s\u00e1ra koncentr\u00e1l\u00f3 j\u00e1t\u00e9ka, tev\u00e9kenys\u00e9ge a pedag\u00f3gusok sz\u00e1m\u00e1ra is nagyon lelkes\u00edt\u0151 volt, hiszen az olvas\u00e1si kedv \u00f6szt\u00f6nz\u00e9se a mai vil\u00e1gban nem kis feladat el\u00e9 \u00e1ll\u00edtja a tan\u00e1rokat.<\/p>\n<p>B\u00edzunk abban, hogy ez a d\u00e9lut\u00e1n ezt is el\u0151seg\u00edtette; t\u00f6bb di\u00e1knak lesz ezut\u00e1n bar\u00e1tja a K\u00d6NYV, a k\u00f6nyvt\u00e1r \u00e9s Rejt\u0151 Jen\u0151 vil\u00e1ga.<\/p>\n<p>K\u00f6sz\u00f6nj\u00fck sz\u00e9pen a V\u00e1rosi K\u00f6nyvt\u00e1r dolgoz\u00f3inak, hogy a d\u00e9lut\u00e1n folyam\u00e1n iskol\u00e1nk di\u00e1kjait fogadt\u00e1k, kalauzolt\u00e1k!<\/p>\n<p><img loading=\"lazy\" decoding=\"async\" class=\"aligncenter size-medium wp-image-1314\" src=\"https:\/\/www.szentistvanajka.hu\/iskola\/wp-content\/uploads\/sites\/2\/2025\/03\/rejto-1-300x225.jpg\" alt=\"\" width=\"300\" height=\"225\" \/><img loading=\"lazy\" decoding=\"async\" class=\"aligncenter size-medium wp-image-1315\" src=\"https:\/\/www.szentistvanajka.hu\/iskola\/wp-content\/uploads\/sites\/2\/2025\/03\/rejto-2-300x225.jpg\" alt=\"\" width=\"300\" height=\"225\" \/> <img loading=\"lazy\" decoding=\"async\" class=\"aligncenter size-medium wp-image-1316\" src=\"https:\/\/www.szentistvanajka.hu\/iskola\/wp-content\/uploads\/sites\/2\/2025\/03\/rejto-3-300x225.jpg\" alt=\"\" width=\"300\" height=\"225\" \/> <img loading=\"lazy\" decoding=\"async\" class=\"aligncenter size-medium wp-image-1317\" src=\"https:\/\/www.szentistvanajka.hu\/iskola\/wp-content\/uploads\/sites\/2\/2025\/03\/rejto-4-300x225.jpg\" alt=\"\" width=\"300\" height=\"225\" \/><\/p>\n","protected":false},"excerpt":{"rendered":"<p>A Szent Istv\u00e1n Kir\u00e1ly R\u00f3mai Katolikus \u00c1ltal\u00e1nos Iskola \u00e9s \u00d3voda 5.b oszt\u00e1lyos tanul\u00f3i egy d\u00e9lut\u00e1nra a nyomoz\u00f3k b\u0151r\u00e9be b\u00fajhattak, hogy a magyar sz\u00f3rakoztat\u00f3 irodalom egyik ikonikus szerz\u0151j\u00e9nek nyom\u00e1ba eredjenek. N\u00e9meth No\u00e9mi az oszt\u00e1ly \u00e9nek- zene tan\u00e1ra, tanul\u00f3szobai nevel\u0151je nagy lelkesed\u00e9ssel szervezte a di\u00e1kokat az Ajka V\u00e1rosi K\u00f6nyvt\u00e1r \u00e1ltal hirdetett programra. Az oszt\u00e1lyb\u00f3l- fiatal koruk ellen\u00e9re- [&hellip;]<\/p>\n","protected":false},"author":1,"featured_media":1314,"comment_status":"closed","ping_status":"closed","sticky":false,"template":"","format":"standard","meta":{"_et_pb_use_builder":"","_et_pb_old_content":"","_et_gb_content_width":"","footnotes":""},"categories":[1],"tags":[],"_links":{"self":[{"href":"https:\/\/www.szentistvanajka.hu\/iskola\/wp-json\/wp\/v2\/posts\/1313"}],"collection":[{"href":"https:\/\/www.szentistvanajka.hu\/iskola\/wp-json\/wp\/v2\/posts"}],"about":[{"href":"https:\/\/www.szentistvanajka.hu\/iskola\/wp-json\/wp\/v2\/types\/post"}],"author":[{"embeddable":true,"href":"https:\/\/www.szentistvanajka.hu\/iskola\/wp-json\/wp\/v2\/users\/1"}],"replies":[{"embeddable":true,"href":"https:\/\/www.szentistvanajka.hu\/iskola\/wp-json\/wp\/v2\/comments?post=1313"}],"version-history":[{"count":1,"href":"https:\/\/www.szentistvanajka.hu\/iskola\/wp-json\/wp\/v2\/posts\/1313\/revisions"}],"predecessor-version":[{"id":1318,"href":"https:\/\/www.szentistvanajka.hu\/iskola\/wp-json\/wp\/v2\/posts\/1313\/revisions\/1318"}],"wp:featuredmedia":[{"embeddable":true,"href":"https:\/\/www.szentistvanajka.hu\/iskola\/wp-json\/wp\/v2\/media\/1314"}],"wp:attachment":[{"href":"https:\/\/www.szentistvanajka.hu\/iskola\/wp-json\/wp\/v2\/media?parent=1313"}],"wp:term":[{"taxonomy":"category","embeddable":true,"href":"https:\/\/www.szentistvanajka.hu\/iskola\/wp-json\/wp\/v2\/categories?post=1313"},{"taxonomy":"post_tag","embeddable":true,"href":"https:\/\/www.szentistvanajka.hu\/iskola\/wp-json\/wp\/v2\/tags?post=1313"}],"curies":[{"name":"wp","href":"https:\/\/api.w.org\/{rel}","templated":true}]}}