{"id":1294,"date":"2025-02-19T20:47:38","date_gmt":"2025-02-19T19:47:38","guid":{"rendered":"https:\/\/www.szentistvanajka.hu\/iskola\/?p=1294"},"modified":"2025-02-24T06:49:21","modified_gmt":"2025-02-24T05:49:21","slug":"macko-kiallitas-az-iskolaban","status":"publish","type":"post","link":"https:\/\/www.szentistvanajka.hu\/iskola\/2025\/02\/19\/macko-kiallitas-az-iskolaban\/","title":{"rendered":"Mack\u00f3 ki\u00e1ll\u00edt\u00e1s az iskol\u00e1ban"},"content":{"rendered":"<p>Id\u00e9n febru\u00e1r 3-\u00e1n m\u00e1r m\u00e1sodik alkalommal ny\u00edlt Mack\u00f3 ki\u00e1ll\u00edt\u00e1s a Szent Istv\u00e1n Kir\u00e1ly R\u00f3mai Katolikus \u00c1ltal\u00e1nos Iskola kis- \u00e9s f\u0151\u00e9p\u00fclet\u00e9ben. Az idei ki\u00e1ll\u00edt\u00e1st olvas\u00f3sarokkal sz\u00ednes\u00edtett\u00fck mindk\u00e9t \u00e9p\u00fcletr\u00e9szben. Az iskola pedag\u00f3gusainak j\u00f3volt\u00e1b\u00f3l a di\u00e1kok olyan macis mesek\u00f6nyvekkel ismerkedhettek, amik sz\u00e1mukra \u00fajdons\u00e1gok voltak.<\/p>\n<p>Tavaly el\u0151sz\u00f6r, hagyom\u00e1nyteremt\u0151 sz\u00e1nd\u00e9kkal rendezt\u00fck meg int\u00e9zm\u00e9ny\u00fcnkben a Mack\u00f3 ki\u00e1ll\u00edt\u00e1st, aminek h\u00e1tter\u00e9t a febru\u00e1r 2-\u00e1hoz, Gyertyaszentel\u0151 Boldogasszony \u00fcnnep\u00e9hez kapcsol\u00f3d\u00f3 id\u0151j\u00f3sl\u00f3 n\u00e9pszok\u00e1s adta.\u00a0 A modern kor embere Gyertyaszentel\u0151t szinte kiz\u00e1r\u00f3lag ennek kapcs\u00e1n ismeri. Ezen a napon ugyanis, ha a medve kij\u00f6n barlangj\u00e1b\u00f3l \u00e9s megl\u00e1tja \u00e1rny\u00e9k\u00e1t, h\u00e1tat ford\u00edt \u00e9s visszamegy aludni, teh\u00e1t hossz\u00fa t\u00e9l v\u00e1rhat\u00f3.<\/p>\n<p>Id\u00e9n is \u00e9rkeztek eg\u00e9szen minik, de magasabb mack\u00f3k is. Fiatalabbak- a mai mes\u00e9k vil\u00e1g\u00e1t megjelen\u00edt\u0151k- \u00e9s t\u00f6bb \u00e9vtizedet meg\u00e9lt, k\u00f6zel 50 \u00e9ves mack\u00f3 \u201eurak\u201d is, valamint a vil\u00e1g t\u00e1voli r\u00e9sz\u00e9b\u0151l sz\u00e1rmaz\u00f3k.<\/p>\n<p>A legid\u0151sebb \u00e9s legnagyobb mack\u00f3 gazd\u00e1ja Hoszny\u00e1k Em\u00edlia 3.a oszt\u00e1lyos tanul\u00f3.<\/p>\n<p>A legt\u00e1volabbr\u00f3l a szint\u00e9n 3. a oszt\u00e1lyos Mika Lilianna macija \u00e9rkezett.<\/p>\n<p>A legkisebb maci Doma Botond 1.b oszt\u00e1lyos tanul\u00f3 kincse volt.<\/p>\n<p>Lelkesed\u00e9s\u00fck\u00e9rt oklevelet- \u00e9s st\u00edlusosan- egy\u2013egy csomag macis gumicukrot vehettek \u00e1t iskol\u00e1nk igazgat\u00f3j\u00e1t\u00f3l.<\/p>\n<p>Rem\u00e9lj\u00fck, hogy az int\u00e9zm\u00e9ny\u00fcnkbe l\u00e1togat\u00f3k arc\u00e1ra id\u00e9n is mosolyt csalt a n\u00e9pes macisereg.<\/p>\n<p><img loading=\"lazy\" decoding=\"async\" class=\"aligncenter size-large wp-image-1295\" src=\"https:\/\/www.szentistvanajka.hu\/iskola\/wp-content\/uploads\/sites\/2\/2025\/02\/202502-mackokiallitas-1-1024x768.jpg\" alt=\"\" width=\"1024\" height=\"768\" srcset=\"https:\/\/www.szentistvanajka.hu\/iskola\/wp-content\/uploads\/sites\/2\/2025\/02\/202502-mackokiallitas-1-980x735.jpg 980w, https:\/\/www.szentistvanajka.hu\/iskola\/wp-content\/uploads\/sites\/2\/2025\/02\/202502-mackokiallitas-1-480x360.jpg 480w\" sizes=\"(min-width: 0px) and (max-width: 480px) 480px, (min-width: 481px) and (max-width: 980px) 980px, (min-width: 981px) 1024px, 100vw\" \/> <img loading=\"lazy\" decoding=\"async\" class=\"aligncenter size-large wp-image-1296\" src=\"https:\/\/www.szentistvanajka.hu\/iskola\/wp-content\/uploads\/sites\/2\/2025\/02\/202502-mackokiallitas-2-1024x768.jpg\" alt=\"\" width=\"1024\" height=\"768\" srcset=\"https:\/\/www.szentistvanajka.hu\/iskola\/wp-content\/uploads\/sites\/2\/2025\/02\/202502-mackokiallitas-2-980x735.jpg 980w, https:\/\/www.szentistvanajka.hu\/iskola\/wp-content\/uploads\/sites\/2\/2025\/02\/202502-mackokiallitas-2-480x360.jpg 480w\" sizes=\"(min-width: 0px) and (max-width: 480px) 480px, (min-width: 481px) and (max-width: 980px) 980px, (min-width: 981px) 1024px, 100vw\" \/> <img loading=\"lazy\" decoding=\"async\" class=\"aligncenter size-large wp-image-1297\" src=\"https:\/\/www.szentistvanajka.hu\/iskola\/wp-content\/uploads\/sites\/2\/2025\/02\/202502-mackokiallitas-3-1024x768.jpg\" alt=\"\" width=\"1024\" height=\"768\" srcset=\"https:\/\/www.szentistvanajka.hu\/iskola\/wp-content\/uploads\/sites\/2\/2025\/02\/202502-mackokiallitas-3-980x735.jpg 980w, https:\/\/www.szentistvanajka.hu\/iskola\/wp-content\/uploads\/sites\/2\/2025\/02\/202502-mackokiallitas-3-480x360.jpg 480w\" sizes=\"(min-width: 0px) and (max-width: 480px) 480px, (min-width: 481px) and (max-width: 980px) 980px, (min-width: 981px) 1024px, 100vw\" \/><\/p>\n","protected":false},"excerpt":{"rendered":"<p>Id\u00e9n febru\u00e1r 3-\u00e1n m\u00e1r m\u00e1sodik alkalommal ny\u00edlt Mack\u00f3 ki\u00e1ll\u00edt\u00e1s a Szent Istv\u00e1n Kir\u00e1ly R\u00f3mai Katolikus \u00c1ltal\u00e1nos Iskola kis- \u00e9s f\u0151\u00e9p\u00fclet\u00e9ben. Az idei ki\u00e1ll\u00edt\u00e1st olvas\u00f3sarokkal sz\u00ednes\u00edtett\u00fck mindk\u00e9t \u00e9p\u00fcletr\u00e9szben. Az iskola pedag\u00f3gusainak j\u00f3volt\u00e1b\u00f3l a di\u00e1kok olyan macis mesek\u00f6nyvekkel ismerkedhettek, amik sz\u00e1mukra \u00fajdons\u00e1gok voltak. Tavaly el\u0151sz\u00f6r, hagyom\u00e1nyteremt\u0151 sz\u00e1nd\u00e9kkal rendezt\u00fck meg int\u00e9zm\u00e9ny\u00fcnkben a Mack\u00f3 ki\u00e1ll\u00edt\u00e1st, aminek h\u00e1tter\u00e9t a febru\u00e1r [&hellip;]<\/p>\n","protected":false},"author":1,"featured_media":1295,"comment_status":"closed","ping_status":"closed","sticky":false,"template":"","format":"standard","meta":{"_et_pb_use_builder":"","_et_pb_old_content":"","_et_gb_content_width":"","footnotes":""},"categories":[1],"tags":[],"_links":{"self":[{"href":"https:\/\/www.szentistvanajka.hu\/iskola\/wp-json\/wp\/v2\/posts\/1294"}],"collection":[{"href":"https:\/\/www.szentistvanajka.hu\/iskola\/wp-json\/wp\/v2\/posts"}],"about":[{"href":"https:\/\/www.szentistvanajka.hu\/iskola\/wp-json\/wp\/v2\/types\/post"}],"author":[{"embeddable":true,"href":"https:\/\/www.szentistvanajka.hu\/iskola\/wp-json\/wp\/v2\/users\/1"}],"replies":[{"embeddable":true,"href":"https:\/\/www.szentistvanajka.hu\/iskola\/wp-json\/wp\/v2\/comments?post=1294"}],"version-history":[{"count":1,"href":"https:\/\/www.szentistvanajka.hu\/iskola\/wp-json\/wp\/v2\/posts\/1294\/revisions"}],"predecessor-version":[{"id":1298,"href":"https:\/\/www.szentistvanajka.hu\/iskola\/wp-json\/wp\/v2\/posts\/1294\/revisions\/1298"}],"wp:featuredmedia":[{"embeddable":true,"href":"https:\/\/www.szentistvanajka.hu\/iskola\/wp-json\/wp\/v2\/media\/1295"}],"wp:attachment":[{"href":"https:\/\/www.szentistvanajka.hu\/iskola\/wp-json\/wp\/v2\/media?parent=1294"}],"wp:term":[{"taxonomy":"category","embeddable":true,"href":"https:\/\/www.szentistvanajka.hu\/iskola\/wp-json\/wp\/v2\/categories?post=1294"},{"taxonomy":"post_tag","embeddable":true,"href":"https:\/\/www.szentistvanajka.hu\/iskola\/wp-json\/wp\/v2\/tags?post=1294"}],"curies":[{"name":"wp","href":"https:\/\/api.w.org\/{rel}","templated":true}]}}