{"id":1291,"date":"2025-02-20T06:43:01","date_gmt":"2025-02-20T05:43:01","guid":{"rendered":"https:\/\/www.szentistvanajka.hu\/iskola\/?p=1291"},"modified":"2025-02-24T06:44:36","modified_gmt":"2025-02-24T05:44:36","slug":"terez-nover-eloadasa-a-remenyrol","status":"publish","type":"post","link":"https:\/\/www.szentistvanajka.hu\/iskola\/2025\/02\/20\/terez-nover-eloadasa-a-remenyrol\/","title":{"rendered":"Ter\u00e9z n\u0151v\u00e9r el\u0151ad\u00e1sa a Rem\u00e9nyr\u0151l"},"content":{"rendered":"<p><strong>A Szent Istv\u00e1n Kir\u00e1ly R\u00f3mai Katolikus \u00c1ltal\u00e1nos Iskola \u00e9s \u00d3voda pedag\u00f3gusai sz\u00e1m\u00e1ra szerveztek tov\u00e1bbk\u00e9pz\u00e9st febru\u00e1r 11-\u00e9n d\u00e9lut\u00e1n az \u00f3voda aul\u00e1j\u00e1ban. A vet\u00edt\u00e9ssel \u00e9s m\u0171helymunk\u00e1val egybek\u00f6t\u00f6tt el\u0151ad\u00e1s t\u00e9m\u00e1ja a rem\u00e9ny \u00e9s a lelki meg\u00fajul\u00e1s volt.<\/strong><\/p>\n<p><strong>\u00a0<\/strong><\/p>\n<p><em>Ter\u00e9z n\u0151v\u00e9r<\/em>, az<em> Assisi Szent Ferenc Seg\u00edt\u0151 N\u0151v\u00e9rei<\/em><strong>\u00a0<\/strong><em>K\u00f6z\u00f6ss\u00e9ge tagja Veszpr\u00e9mb\u0151l \u00e9rkezett a katolikus int\u00e9zm\u00e9ny pedag\u00f3gusaihoz, hogy el\u0151ad\u00e1s\u00e1val seg\u00edtse a tan\u00e1rok \u00e9s az \u00f3vodapedag\u00f3gusok lelki eg\u00e9szs\u00e9g\u00e9nek meg\u0151rz\u00e9s\u00e9t. A lelki meg\u00fajul\u00e1shoz sz\u00fcks\u00e9g van id\u0151nk\u00e9nt egy kis visszavonul\u00e1sra, hogy mindannyian megtal\u00e1ljuk azt, ami er\u0151t \u00e9s rem\u00e9nyt adhat sz\u00e1munkra. Mindezt az\u00e9rt, hogy el\u0151bbre tudjunk jutni \u00e9let\u00fcnk sor\u00e1n, \u00e9s szembe tudjunk n\u00e9zni azokkal a neh\u00e9zs\u00e9gekkel, amelyekkel id\u0151r\u0151l-id\u0151re mindannyiunknak meg kell k\u00fczden\u00fcnk a mag\u00e1n\u00e9letben vagy a munkahely\u00fcnk\u00f6n.<\/em><\/p>\n<p><em>A rem\u00e9ny egy nehezen megfogalmazhat\u00f3 dolog. Rem\u00e9nykedem. De mi alapj\u00e1n teszem ezt? Miben rem\u00e9nykedem, amit\u0151l a j\u00f6v\u0151ben jobb\u00e1 v\u00e1lhat az \u00e9letem? Mi a rem\u00e9nyem f\u00f3kusza, k\u00f6z\u00e9ppontja? A rem\u00e9nynek van egy er\u0151forr\u00e1sa, amib\u0151l t\u00e1pl\u00e1lkozik, fogalmazott az el\u0151ad\u00f3. Ez minden ember \u00e9let\u00e9ben m\u00e1s \u00e9s m\u00e1s, \u00e9s sok esetben k\u00f6r\u00fclvesz benn\u00fcnket. Lehet ez a csal\u00e1dunk, lehetnek k\u00f6zeli bar\u00e1taink, akik mellett\u00fcnk \u00e1llnak, t\u00e1mogatnak benn\u00fcnket, \u00e9s j\u00f3 tudnunk azt, hogy minden \u00e9lethelyzetben sz\u00e1m\u00edthatunk r\u00e1juk. De er\u0151forr\u00e1sunk az is lehet, ha ismerj\u00fck-felismerj\u00fck k\u00fcl\u00f6nb\u00f6z\u0151 k\u00e9pess\u00e9geinket, vagy b\u00edzhatunk a gondvisel\u00e9sben.<\/em><\/p>\n<p><em>A pedag\u00f3gusok saj\u00e1t \u00e9let\u00fck\u00f6n t\u00fal tan\u00edtv\u00e1nyaik \u00e9let\u00e9t is form\u00e1lj\u00e1k. Feladatuk, k\u00fcldet\u00e9s\u00fck, hogy az \u0151 rem\u00e9nyeiket is t\u00e1pl\u00e1lj\u00e1k, mivel nagyban tudj\u00e1k befoly\u00e1solni tan\u00edtv\u00e1nyaik mindennapjait, \u00e9s ezek a megtapasztal\u00e1sok hat\u00e1ssal lehetnek a gyermekek k\u00e9s\u0151bbi \u00e9let\u00e9re is. T\u00f6bben is vagyunk, akik \u0151rz\u00fcnk olyan eml\u00e9keket, melyekre \u00e9vtizedek m\u00falt\u00e1n is szeretettel \u00e9s h\u00e1l\u00e1val gondolunk vissza. \u00d3v\u00f3n\u00e9nik, tan\u00edt\u00f3k, tan\u00e1rok, akikt\u0151l sokat tanulhattunk az elsaj\u00e1t\u00edtand\u00f3 tananyag mellett a vil\u00e1g \u00e9s a nagybet\u0171s \u00c9LET dolgair\u00f3l, \u00e9s tudjuk, miattuk is lett\u00fcnk azz\u00e1, akik ma vagyunk. <\/em><\/p>\n<p><em>Nek\u00fcnk nem tan\u00edt\u00f3kk\u00e1, hanem els\u0151sorban tan\u00fakk\u00e1 kell lenn\u00fcnk, \u00e9n ezt vallom a gyakorlatban. Szeretn\u00e9m el\u00fcltetni azt a gondolati magocsk\u00e1t mindenkinek a lelk\u00e9ben, hogy a saj\u00e1t \u00e9let\u00fcnkkel tegy\u00fcnk tan\u00fas\u00e1got a rem\u00e9nyr\u0151l. Hisz egy di\u00e1k, amikor l\u00e1t engem, hogy \u00e9n egy adott helyzetben hogyan \u00e1llok helyt, hogyan k\u00fczd\u00f6k, honnan mer\u00edtem a b\u00e1tors\u00e1gomat, hogy m\u00e9gis el\u0151re menjek, akkor az sz\u00e1m\u00e1ra nagyobb p\u00e9lda tud lenni, mint hogyha csak ezt tan\u00edtan\u00e1m, fogalmazott Ter\u00e9z n\u0151v\u00e9r. Az el\u0151ad\u00e1s ut\u00e1n csoportmunka k\u00f6vetkezett, ahol a r\u00e9sztvev\u0151k megfogalmazhatt\u00e1k szem\u00e9lyes \u00e9rz\u00e9seiket, gondolataikat az elhangzottakkal kapcsolatban. Amit mi, saj\u00e1t magunk fogalmazunk meg valamir\u0151l, azt sokkal ink\u00e1bb elvissz\u00fck magunkkal, h\u00edvta fel a r\u00e9sztvev\u0151k figyelm\u00e9t a szerzetesn\u0151v\u00e9r. <\/em><\/p>\n<p><em>Mindenki m\u00e1sban tal\u00e1lja meg a rem\u00e9ny forr\u00e1s\u00e1t. A kereszt\u00e9ny ember pedig Istenbe vetett hit\u00e9b\u0151l mer\u00edt er\u0151t.<\/em><\/p>\n<p><img loading=\"lazy\" decoding=\"async\" class=\"aligncenter size-large wp-image-1292\" src=\"https:\/\/www.szentistvanajka.hu\/iskola\/wp-content\/uploads\/sites\/2\/2025\/02\/202502A-muhelymunka-utan-ASZ-1024x508.png\" alt=\"\" width=\"1024\" height=\"508\" srcset=\"https:\/\/www.szentistvanajka.hu\/iskola\/wp-content\/uploads\/sites\/2\/2025\/02\/202502A-muhelymunka-utan-ASZ-980x486.png 980w, https:\/\/www.szentistvanajka.hu\/iskola\/wp-content\/uploads\/sites\/2\/2025\/02\/202502A-muhelymunka-utan-ASZ-480x238.png 480w\" sizes=\"(min-width: 0px) and (max-width: 480px) 480px, (min-width: 481px) and (max-width: 980px) 980px, (min-width: 981px) 1024px, 100vw\" \/><\/p>\n","protected":false},"excerpt":{"rendered":"<p>A Szent Istv\u00e1n Kir\u00e1ly R\u00f3mai Katolikus \u00c1ltal\u00e1nos Iskola \u00e9s \u00d3voda pedag\u00f3gusai sz\u00e1m\u00e1ra szerveztek tov\u00e1bbk\u00e9pz\u00e9st febru\u00e1r 11-\u00e9n d\u00e9lut\u00e1n az \u00f3voda aul\u00e1j\u00e1ban. A vet\u00edt\u00e9ssel \u00e9s m\u0171helymunk\u00e1val egybek\u00f6t\u00f6tt el\u0151ad\u00e1s t\u00e9m\u00e1ja a rem\u00e9ny \u00e9s a lelki meg\u00fajul\u00e1s volt. \u00a0 Ter\u00e9z n\u0151v\u00e9r, az Assisi Szent Ferenc Seg\u00edt\u0151 N\u0151v\u00e9rei\u00a0K\u00f6z\u00f6ss\u00e9ge tagja Veszpr\u00e9mb\u0151l \u00e9rkezett a katolikus int\u00e9zm\u00e9ny pedag\u00f3gusaihoz, hogy el\u0151ad\u00e1s\u00e1val seg\u00edtse a tan\u00e1rok [&hellip;]<\/p>\n","protected":false},"author":1,"featured_media":1292,"comment_status":"closed","ping_status":"closed","sticky":false,"template":"","format":"standard","meta":{"_et_pb_use_builder":"","_et_pb_old_content":"","_et_gb_content_width":"","footnotes":""},"categories":[1],"tags":[],"_links":{"self":[{"href":"https:\/\/www.szentistvanajka.hu\/iskola\/wp-json\/wp\/v2\/posts\/1291"}],"collection":[{"href":"https:\/\/www.szentistvanajka.hu\/iskola\/wp-json\/wp\/v2\/posts"}],"about":[{"href":"https:\/\/www.szentistvanajka.hu\/iskola\/wp-json\/wp\/v2\/types\/post"}],"author":[{"embeddable":true,"href":"https:\/\/www.szentistvanajka.hu\/iskola\/wp-json\/wp\/v2\/users\/1"}],"replies":[{"embeddable":true,"href":"https:\/\/www.szentistvanajka.hu\/iskola\/wp-json\/wp\/v2\/comments?post=1291"}],"version-history":[{"count":1,"href":"https:\/\/www.szentistvanajka.hu\/iskola\/wp-json\/wp\/v2\/posts\/1291\/revisions"}],"predecessor-version":[{"id":1293,"href":"https:\/\/www.szentistvanajka.hu\/iskola\/wp-json\/wp\/v2\/posts\/1291\/revisions\/1293"}],"wp:featuredmedia":[{"embeddable":true,"href":"https:\/\/www.szentistvanajka.hu\/iskola\/wp-json\/wp\/v2\/media\/1292"}],"wp:attachment":[{"href":"https:\/\/www.szentistvanajka.hu\/iskola\/wp-json\/wp\/v2\/media?parent=1291"}],"wp:term":[{"taxonomy":"category","embeddable":true,"href":"https:\/\/www.szentistvanajka.hu\/iskola\/wp-json\/wp\/v2\/categories?post=1291"},{"taxonomy":"post_tag","embeddable":true,"href":"https:\/\/www.szentistvanajka.hu\/iskola\/wp-json\/wp\/v2\/tags?post=1291"}],"curies":[{"name":"wp","href":"https:\/\/api.w.org\/{rel}","templated":true}]}}