{"id":1276,"date":"2025-02-14T10:07:05","date_gmt":"2025-02-14T09:07:05","guid":{"rendered":"https:\/\/www.szentistvanajka.hu\/iskola\/?p=1276"},"modified":"2025-02-14T10:07:05","modified_gmt":"2025-02-14T09:07:05","slug":"bodi-maria-magdolna-elete-animacios-kisfilm-1-resz","status":"publish","type":"post","link":"https:\/\/www.szentistvanajka.hu\/iskola\/2025\/02\/14\/bodi-maria-magdolna-elete-animacios-kisfilm-1-resz\/","title":{"rendered":"B\u00f3di M\u00e1ria Magdolna \u00e9lete anim\u00e1ci\u00f3s kisfilm 1. r\u00e9sz"},"content":{"rendered":"<p>B\u00f3di M\u00e1ria Magdolna boldogg\u00e1 avat\u00e1s\u00e1ra k\u00e9sz\u00fclve egy nyolc epiz\u00f3db\u00f3l \u00e1ll\u00f3 anim\u00e1ci\u00f3s kisfilmsorozat indul. Az els\u0151 epiz\u00f3d m\u00e1r megtekinthet\u0151. A sorozat B\u00f3di M\u00e1ria Magdolna \u00e9lett\u00f6rt\u00e9net\u00e9t \u00e9s lelki \u00f6r\u00f6ks\u00e9g\u00e9t mutatja be.<br class=\"html-br\" \/>Magdi, akit 2025. \u00e1prilis 26-\u00e1n avatnak boldogg\u00e1, b\u00e1tor, c\u00e9ltudatos \u00e9s der\u0171s \u00e9let\u00e9vel \u00e9s v\u00e9rtan\u00fas\u00e1g\u00e1val a tisztas\u00e1g, a hit \u00e9s a szolg\u00e1l\u00f3 szeretet p\u00e9ld\u00e1ja volt kort\u00e1rsai \u00e9s k\u00f6rnyezete sz\u00e1m\u00e1ra egyar\u00e1nt. A sorozat \u00fczenete vil\u00e1gos: az \u00e9letszents\u00e9gre val\u00f3 t\u00f6rekv\u00e9s nem csup\u00e1n a m\u00falt nagyjainak kiv\u00e1lts\u00e1ga, hanem minden ember sz\u00e1m\u00e1ra nyitott lehet\u0151s\u00e9g. Magdi \u00e9lete arra tan\u00edt minket, hogy a der\u0171s szeretet, a tisztas\u00e1g \u00e9s a hit erej\u00e9vel mindig minden k\u00f6r\u00fclm\u00e9ny k\u00f6z\u00f6tt lehets\u00e9ges szentt\u00e9 v\u00e1lni, lehets\u00e9ges szentt\u00e9 v\u00e1lnunk, lehets\u00e9ges szentt\u00e9 v\u00e1lnom.<br class=\"html-br\" \/>H\u00edvunk mindenkit, hogy tekints\u00e9k meg az els\u0151 epiz\u00f3dot, \u00e9s k\u00eds\u00e9rj\u00e9k figyelemmel a sorozat tov\u00e1bbi r\u00e9szeit is! K\u00e9sz\u00fclj\u00fcnk k\u00f6z\u00f6sen B\u00f3di M\u00e1ria Magdolna boldogg\u00e1 avat\u00e1s\u00e1ra.<\/p>\n<div style=\"width: 640px;\" class=\"wp-video\"><!--[if lt IE 9]><script>document.createElement('video');<\/script><![endif]-->\n<video class=\"wp-video-shortcode\" id=\"video-1276-1\" width=\"640\" height=\"360\" poster=\"https:\/\/www.szentistvanajka.hu\/iskola\/wp-content\/uploads\/sites\/2\/2025\/02\/Bodi-Maria-Magdolna-elete-animacios-kisfilm-1-resz-mp4-image.png\" preload=\"metadata\" controls=\"controls\"><source type=\"video\/mp4\" src=\"https:\/\/www.szentistvanajka.hu\/iskola\/wp-content\/uploads\/sites\/2\/2025\/02\/Bodi-Maria-Magdolna-elete-animacios-kisfilm-1.-resz.mp4?_=1\" \/><a href=\"https:\/\/www.szentistvanajka.hu\/iskola\/wp-content\/uploads\/sites\/2\/2025\/02\/Bodi-Maria-Magdolna-elete-animacios-kisfilm-1.-resz.mp4\">https:\/\/www.szentistvanajka.hu\/iskola\/wp-content\/uploads\/sites\/2\/2025\/02\/Bodi-Maria-Magdolna-elete-animacios-kisfilm-1.-resz.mp4<\/a><\/video><\/div>\n","protected":false},"excerpt":{"rendered":"<p>B\u00f3di M\u00e1ria Magdolna boldogg\u00e1 avat\u00e1s\u00e1ra k\u00e9sz\u00fclve egy nyolc epiz\u00f3db\u00f3l \u00e1ll\u00f3 anim\u00e1ci\u00f3s kisfilmsorozat indul. Az els\u0151 epiz\u00f3d m\u00e1r megtekinthet\u0151. A sorozat B\u00f3di M\u00e1ria Magdolna \u00e9lett\u00f6rt\u00e9net\u00e9t \u00e9s lelki \u00f6r\u00f6ks\u00e9g\u00e9t mutatja be.Magdi, akit 2025. \u00e1prilis 26-\u00e1n avatnak boldogg\u00e1, b\u00e1tor, c\u00e9ltudatos \u00e9s der\u0171s \u00e9let\u00e9vel \u00e9s v\u00e9rtan\u00fas\u00e1g\u00e1val a tisztas\u00e1g, a hit \u00e9s a szolg\u00e1l\u00f3 szeretet p\u00e9ld\u00e1ja volt kort\u00e1rsai \u00e9s k\u00f6rnyezete [&hellip;]<\/p>\n","protected":false},"author":1,"featured_media":1274,"comment_status":"closed","ping_status":"closed","sticky":false,"template":"","format":"standard","meta":{"_et_pb_use_builder":"","_et_pb_old_content":"","_et_gb_content_width":"","footnotes":""},"categories":[1],"tags":[],"_links":{"self":[{"href":"https:\/\/www.szentistvanajka.hu\/iskola\/wp-json\/wp\/v2\/posts\/1276"}],"collection":[{"href":"https:\/\/www.szentistvanajka.hu\/iskola\/wp-json\/wp\/v2\/posts"}],"about":[{"href":"https:\/\/www.szentistvanajka.hu\/iskola\/wp-json\/wp\/v2\/types\/post"}],"author":[{"embeddable":true,"href":"https:\/\/www.szentistvanajka.hu\/iskola\/wp-json\/wp\/v2\/users\/1"}],"replies":[{"embeddable":true,"href":"https:\/\/www.szentistvanajka.hu\/iskola\/wp-json\/wp\/v2\/comments?post=1276"}],"version-history":[{"count":1,"href":"https:\/\/www.szentistvanajka.hu\/iskola\/wp-json\/wp\/v2\/posts\/1276\/revisions"}],"predecessor-version":[{"id":1279,"href":"https:\/\/www.szentistvanajka.hu\/iskola\/wp-json\/wp\/v2\/posts\/1276\/revisions\/1279"}],"wp:featuredmedia":[{"embeddable":true,"href":"https:\/\/www.szentistvanajka.hu\/iskola\/wp-json\/wp\/v2\/media\/1274"}],"wp:attachment":[{"href":"https:\/\/www.szentistvanajka.hu\/iskola\/wp-json\/wp\/v2\/media?parent=1276"}],"wp:term":[{"taxonomy":"category","embeddable":true,"href":"https:\/\/www.szentistvanajka.hu\/iskola\/wp-json\/wp\/v2\/categories?post=1276"},{"taxonomy":"post_tag","embeddable":true,"href":"https:\/\/www.szentistvanajka.hu\/iskola\/wp-json\/wp\/v2\/tags?post=1276"}],"curies":[{"name":"wp","href":"https:\/\/api.w.org\/{rel}","templated":true}]}}