{"id":1235,"date":"2024-11-14T12:22:13","date_gmt":"2024-11-14T11:22:13","guid":{"rendered":"https:\/\/www.szentistvanajka.hu\/iskola\/?p=1235"},"modified":"2024-12-13T12:23:14","modified_gmt":"2024-12-13T11:23:14","slug":"hangszertar-hangszersimogatoval","status":"publish","type":"post","link":"https:\/\/www.szentistvanajka.hu\/iskola\/2024\/11\/14\/hangszertar-hangszersimogatoval\/","title":{"rendered":"Hangszert\u00e1r hangszersimogat\u00f3val"},"content":{"rendered":"<p>Iskol\u00e1nk 25 di\u00e1kja N\u00e9meth No\u00e9mi tan\u00e1rn\u0151 vezet\u00e9s\u00e9vel vett r\u00e9szt a <strong>Hangszert\u00e1r<\/strong> c\u00edm\u0171 interakt\u00edv el\u0151ad\u00e1son a NLVMKK sz\u00ednh\u00e1zterm\u00e9ben november 12-\u00e9n d\u00e9lut\u00e1n.<\/p>\n<p>A di\u00e1kok Hegyi Gy\u00f6rgy m\u0171sorvezet\u00e9s\u00e9vel egy j\u00f3 hangulat\u00fa koncert keret\u00e9ben tudhattak meg \u00e9rdekess\u00e9geket a mai modern zenekarok hangszereir\u0151l, azok kialakul\u00e1s\u00e1r\u00f3l.<\/p>\n<p>Az el\u0151ad\u00e1s a dob, a basszusgit\u00e1r az elektromos git\u00e1r, a szintetiz\u00e1tor \u00e9s a szaxofon, valamint az \u00e9nekhang tulajdons\u00e1gait, jellegzetes hangz\u00e1s\u00e1t mutatta be k\u00f6zel m\u00e1sf\u00e9l \u00f3r\u00e1ban, h\u00e9t nagyszer\u0171en felk\u00e9sz\u00fclt, fiatal zen\u00e9sz k\u00f6zrem\u0171k\u00f6d\u00e9s\u00e9vel, akik mindannyian a K\u0151b\u00e1nyai Zenei St\u00fadi\u00f3 egykori hallgat\u00f3i voltak.<\/p>\n<p>Az el\u0151ad\u00e1st vet\u00edtett k\u00e9pekkel is sz\u00ednes\u00edtett\u00e9k, ahol nagy \u00edr\u00f3ink- k\u00f6lt\u0151ink k\u00e9peit mont\u00edrozt\u00e1k \u00f6ssze egy-egy modern kori hangszerrel \u00e9s mindegyik k\u00e9p ut\u00e1n elhangzott a k\u00e9rd\u00e9s: Vajon azon a hangszeren j\u00e1tszhatott-e a k\u00e9pen l\u00e1that\u00f3 h\u00edress\u00e9g? Ehhez m\u00e1r n\u00e9mi h\u00e1tt\u00e9rtud\u00e1sra is sz\u00fcks\u00e9g volt, \u00edgy a k\u00f6z\u00f6ns\u00e9g soraiban f\u0151leg a fels\u0151bb \u00e9vfolyamos di\u00e1kok \u00e9s a feln\u0151ttek tippeltek magabiztosabban. Hiszen el kellett tudni helyezni az adott k\u00f6lt\u0151t a megfelel\u0151 \u00e9vsz\u00e1zadba, \u00e9s onnan ism\u00e9t j\u00f6tt a k\u00f6vetkez\u0151 k\u00e9rd\u00e9s: Az \u00e1br\u00e1zolt hangszer vajon l\u00e9tezhetett-e abban az id\u0151ben? Voltak k\u00f6nnyebb \u00e9s sokakat meglep\u0151 megold\u00e1sok is, \u00edgy sok-sok \u00faj ismerettel gazdagodtak di\u00e1kjaink a zene \u00e9s a hangszerek kapcsolat\u00e1t illet\u0151en. Mindegyik hangszerismertet\u00e9s ut\u00e1n k\u00f6vetkezett egy-egy k\u00f6zismert remek dal a zenekar el\u0151ad\u00e1s\u00e1ban a magyar k\u00f6nny\u0171zene nagyjait\u00f3l, melyeket tapssal jutalmaztak a di\u00e1kok. A remek hangulat\u00fa el\u0151ad\u00e1s ut\u00e1n az int\u00e9zm\u00e9ny aul\u00e1j\u00e1ban ki is lehetett pr\u00f3b\u00e1lni a hangszereket, \u00edgy v\u00e1lt teljess\u00e9 a zenei \u00e9lm\u00e9ny a gyerekek sz\u00e1m\u00e1ra.<\/p>\n<p>A Pet\u0151fi Kultur\u00e1lis Program, a Kultur\u00e1lis \u00e9s Innov\u00e1ci\u00f3s Miniszt\u00e9rium t\u00e1mogat\u00e1s\u00e1val, a Nemzeti M\u0171vel\u0151d\u00e9si Int\u00e9zet \u00e9s a Pet\u0151fi Kultur\u00e1lis \u00dcgyn\u00f6ks\u00e9g szervez\u00e9s\u00e9ben val\u00f3sult meg.<\/p>\n<p>N\u00e9meth No\u00e9mi<\/p>\n<p><img loading=\"lazy\" decoding=\"async\" class=\"alignnone size-full wp-image-1236\" src=\"https:\/\/www.szentistvanajka.hu\/iskola\/wp-content\/uploads\/sites\/2\/2024\/12\/Hangszertar-2024-csoportkep.png\" alt=\"\" width=\"869\" height=\"491\" srcset=\"https:\/\/www.szentistvanajka.hu\/iskola\/wp-content\/uploads\/sites\/2\/2024\/12\/Hangszertar-2024-csoportkep.png 869w, https:\/\/www.szentistvanajka.hu\/iskola\/wp-content\/uploads\/sites\/2\/2024\/12\/Hangszertar-2024-csoportkep-480x271.png 480w\" sizes=\"(min-width: 0px) and (max-width: 480px) 480px, (min-width: 481px) 869px, 100vw\" \/><\/p>\n","protected":false},"excerpt":{"rendered":"<p>Iskol\u00e1nk 25 di\u00e1kja N\u00e9meth No\u00e9mi tan\u00e1rn\u0151 vezet\u00e9s\u00e9vel vett r\u00e9szt a Hangszert\u00e1r c\u00edm\u0171 interakt\u00edv el\u0151ad\u00e1son a NLVMKK sz\u00ednh\u00e1zterm\u00e9ben november 12-\u00e9n d\u00e9lut\u00e1n. A di\u00e1kok Hegyi Gy\u00f6rgy m\u0171sorvezet\u00e9s\u00e9vel egy j\u00f3 hangulat\u00fa koncert keret\u00e9ben tudhattak meg \u00e9rdekess\u00e9geket a mai modern zenekarok hangszereir\u0151l, azok kialakul\u00e1s\u00e1r\u00f3l. Az el\u0151ad\u00e1s a dob, a basszusgit\u00e1r az elektromos git\u00e1r, a szintetiz\u00e1tor \u00e9s a szaxofon, valamint [&hellip;]<\/p>\n","protected":false},"author":1,"featured_media":1236,"comment_status":"closed","ping_status":"closed","sticky":false,"template":"","format":"standard","meta":{"_et_pb_use_builder":"","_et_pb_old_content":"","_et_gb_content_width":"","footnotes":""},"categories":[1],"tags":[],"_links":{"self":[{"href":"https:\/\/www.szentistvanajka.hu\/iskola\/wp-json\/wp\/v2\/posts\/1235"}],"collection":[{"href":"https:\/\/www.szentistvanajka.hu\/iskola\/wp-json\/wp\/v2\/posts"}],"about":[{"href":"https:\/\/www.szentistvanajka.hu\/iskola\/wp-json\/wp\/v2\/types\/post"}],"author":[{"embeddable":true,"href":"https:\/\/www.szentistvanajka.hu\/iskola\/wp-json\/wp\/v2\/users\/1"}],"replies":[{"embeddable":true,"href":"https:\/\/www.szentistvanajka.hu\/iskola\/wp-json\/wp\/v2\/comments?post=1235"}],"version-history":[{"count":1,"href":"https:\/\/www.szentistvanajka.hu\/iskola\/wp-json\/wp\/v2\/posts\/1235\/revisions"}],"predecessor-version":[{"id":1237,"href":"https:\/\/www.szentistvanajka.hu\/iskola\/wp-json\/wp\/v2\/posts\/1235\/revisions\/1237"}],"wp:featuredmedia":[{"embeddable":true,"href":"https:\/\/www.szentistvanajka.hu\/iskola\/wp-json\/wp\/v2\/media\/1236"}],"wp:attachment":[{"href":"https:\/\/www.szentistvanajka.hu\/iskola\/wp-json\/wp\/v2\/media?parent=1235"}],"wp:term":[{"taxonomy":"category","embeddable":true,"href":"https:\/\/www.szentistvanajka.hu\/iskola\/wp-json\/wp\/v2\/categories?post=1235"},{"taxonomy":"post_tag","embeddable":true,"href":"https:\/\/www.szentistvanajka.hu\/iskola\/wp-json\/wp\/v2\/tags?post=1235"}],"curies":[{"name":"wp","href":"https:\/\/api.w.org\/{rel}","templated":true}]}}