{"id":1175,"date":"2024-10-20T10:32:34","date_gmt":"2024-10-20T08:32:34","guid":{"rendered":"https:\/\/www.szentistvanajka.hu\/iskola\/?p=1175"},"modified":"2024-10-30T10:35:25","modified_gmt":"2024-10-30T09:35:25","slug":"tehetsegpontok-talalkozasa-mar-harmadszor","status":"publish","type":"post","link":"https:\/\/www.szentistvanajka.hu\/iskola\/2024\/10\/20\/tehetsegpontok-talalkozasa-mar-harmadszor\/","title":{"rendered":"Tehets\u00e9gpontok tal\u00e1lkoz\u00e1sa \u2013 m\u00e1r harmadszor"},"content":{"rendered":"<p>A 3.b oszt\u00e1lyosok okt\u00f3ber 18-\u00e1n a H\u00e9tsz\u00ednvir\u00e1g \u00d3vod\u00e1ba l\u00e1togattak L\u00e1szl\u00f3n\u00e9 Remetei Ang\u00e9la \u00f3v\u00f3n\u0151 (Ajka V\u00e1rosi Tehets\u00e9gseg\u00edt\u0151 Tan\u00e1cs titk\u00e1ra) megh\u00edv\u00e1s\u00e1ra.<\/p>\n<p>A tehets\u00e9ges gyerekek ism\u00e9t egy zen\u00e9s m\u0171sorral k\u00e9sz\u00fcltek. A kor\u00e1bbi \u00e9vekben a kedvenc h\u00e1zi\u00e1llataikr\u00f3l, majd az \u0151szi term\u00e9szetr\u0151l \u00e9nekeltek. Id\u00e9n az \u0151szi gy\u00fcm\u00f6lcs\u00f6k ker\u00fcltek \u201eter\u00edt\u00e9kre\u201d. A dalokban szerepl\u0151 finoms\u00e1gokat tal\u00e1l\u00f3s k\u00e9rd\u00e9sekb\u0151l kellett az \u00f3vod\u00e1soknak megfejteni, melyben nagyon \u00fcgyesek voltak.<\/p>\n<p>A 3. b oszt\u00e1lyosok el\u0151sz\u00f6r egy \u00fcdv\u00f6zl\u0151 dallal k\u00f6sz\u00f6nt\u00f6tt\u00e9k az \u00f3v\u00f3 n\u00e9niket \u00e9s b\u00e1csikat, \u00e9s a kicsiket, megk\u00f6sz\u00f6nve a megh\u00edv\u00e1st. Majd a sz\u0151l\u0151r\u0151l, k\u00f6rt\u00e9r\u0151l \u00e9s szilv\u00e1r\u00f3l sz\u00f3l\u00f3 dalokat nemcsak \u00e9nekelt\u00e9k, hanem furuly\u00e1zt\u00e1k is N\u00e9meth No\u00e9mi k\u00eds\u00e9ret\u00e9vel. B\u00facs\u00faz\u00f3ul az \u00faj harangokat is k\u00f6sz\u00f6nt\u0151, Szell\u0151 z\u00fag kezdet\u0171 dal csend\u00fclt fel.<\/p>\n<p>Meglepet\u00e9s is v\u00e1rta a harmadikosokat. Egy mongol \u00f3vod\u00e1s zenem\u0171v\u00e9sz sz\u00fclei tartottak \u201emini\u201d koncertet, melyen saj\u00e1t n\u00e9pviselet\u00fckbe \u00f6lt\u00f6zve mongol n\u00e9pi hangszereken zen\u00e9ltek.<\/p>\n<p>A tehets\u00e9gek tal\u00e1lkoz\u00e1sa ism\u00e9t siker \u00e9s nagy \u00e9lm\u00e9ny volt mindk\u00e9t koroszt\u00e1ly sz\u00e1m\u00e1ra.<\/p>\n<p><img loading=\"lazy\" decoding=\"async\" class=\"aligncenter wp-image-1176 size-full\" src=\"https:\/\/www.szentistvanajka.hu\/iskola\/wp-content\/uploads\/sites\/2\/2024\/10\/202410-Tehetsegpontok-talalkozasa-1.jpg\" alt=\"\" width=\"605\" height=\"454\" srcset=\"https:\/\/www.szentistvanajka.hu\/iskola\/wp-content\/uploads\/sites\/2\/2024\/10\/202410-Tehetsegpontok-talalkozasa-1.jpg 605w, https:\/\/www.szentistvanajka.hu\/iskola\/wp-content\/uploads\/sites\/2\/2024\/10\/202410-Tehetsegpontok-talalkozasa-1-480x360.jpg 480w\" sizes=\"(min-width: 0px) and (max-width: 480px) 480px, (min-width: 481px) 605px, 100vw\" \/><img loading=\"lazy\" decoding=\"async\" class=\"size-full wp-image-1177 aligncenter\" src=\"https:\/\/www.szentistvanajka.hu\/iskola\/wp-content\/uploads\/sites\/2\/2024\/10\/202410-Tehetsegpontok-talalkozasa-2.jpg\" alt=\"\" width=\"605\" height=\"273\" srcset=\"https:\/\/www.szentistvanajka.hu\/iskola\/wp-content\/uploads\/sites\/2\/2024\/10\/202410-Tehetsegpontok-talalkozasa-2.jpg 605w, https:\/\/www.szentistvanajka.hu\/iskola\/wp-content\/uploads\/sites\/2\/2024\/10\/202410-Tehetsegpontok-talalkozasa-2-480x217.jpg 480w\" sizes=\"(min-width: 0px) and (max-width: 480px) 480px, (min-width: 481px) 605px, 100vw\" \/><\/p>\n","protected":false},"excerpt":{"rendered":"<p>A 3.b oszt\u00e1lyosok okt\u00f3ber 18-\u00e1n a H\u00e9tsz\u00ednvir\u00e1g \u00d3vod\u00e1ba l\u00e1togattak L\u00e1szl\u00f3n\u00e9 Remetei Ang\u00e9la \u00f3v\u00f3n\u0151 (Ajka V\u00e1rosi Tehets\u00e9gseg\u00edt\u0151 Tan\u00e1cs titk\u00e1ra) megh\u00edv\u00e1s\u00e1ra. A tehets\u00e9ges gyerekek ism\u00e9t egy zen\u00e9s m\u0171sorral k\u00e9sz\u00fcltek. A kor\u00e1bbi \u00e9vekben a kedvenc h\u00e1zi\u00e1llataikr\u00f3l, majd az \u0151szi term\u00e9szetr\u0151l \u00e9nekeltek. Id\u00e9n az \u0151szi gy\u00fcm\u00f6lcs\u00f6k ker\u00fcltek \u201eter\u00edt\u00e9kre\u201d. A dalokban szerepl\u0151 finoms\u00e1gokat tal\u00e1l\u00f3s k\u00e9rd\u00e9sekb\u0151l kellett az \u00f3vod\u00e1soknak megfejteni, melyben [&hellip;]<\/p>\n","protected":false},"author":1,"featured_media":1176,"comment_status":"closed","ping_status":"closed","sticky":false,"template":"","format":"standard","meta":{"_et_pb_use_builder":"","_et_pb_old_content":"","_et_gb_content_width":"","footnotes":""},"categories":[1],"tags":[],"_links":{"self":[{"href":"https:\/\/www.szentistvanajka.hu\/iskola\/wp-json\/wp\/v2\/posts\/1175"}],"collection":[{"href":"https:\/\/www.szentistvanajka.hu\/iskola\/wp-json\/wp\/v2\/posts"}],"about":[{"href":"https:\/\/www.szentistvanajka.hu\/iskola\/wp-json\/wp\/v2\/types\/post"}],"author":[{"embeddable":true,"href":"https:\/\/www.szentistvanajka.hu\/iskola\/wp-json\/wp\/v2\/users\/1"}],"replies":[{"embeddable":true,"href":"https:\/\/www.szentistvanajka.hu\/iskola\/wp-json\/wp\/v2\/comments?post=1175"}],"version-history":[{"count":1,"href":"https:\/\/www.szentistvanajka.hu\/iskola\/wp-json\/wp\/v2\/posts\/1175\/revisions"}],"predecessor-version":[{"id":1178,"href":"https:\/\/www.szentistvanajka.hu\/iskola\/wp-json\/wp\/v2\/posts\/1175\/revisions\/1178"}],"wp:featuredmedia":[{"embeddable":true,"href":"https:\/\/www.szentistvanajka.hu\/iskola\/wp-json\/wp\/v2\/media\/1176"}],"wp:attachment":[{"href":"https:\/\/www.szentistvanajka.hu\/iskola\/wp-json\/wp\/v2\/media?parent=1175"}],"wp:term":[{"taxonomy":"category","embeddable":true,"href":"https:\/\/www.szentistvanajka.hu\/iskola\/wp-json\/wp\/v2\/categories?post=1175"},{"taxonomy":"post_tag","embeddable":true,"href":"https:\/\/www.szentistvanajka.hu\/iskola\/wp-json\/wp\/v2\/tags?post=1175"}],"curies":[{"name":"wp","href":"https:\/\/api.w.org\/{rel}","templated":true}]}}