{"id":1169,"date":"2024-10-22T18:29:44","date_gmt":"2024-10-22T16:29:44","guid":{"rendered":"https:\/\/www.szentistvanajka.hu\/iskola\/?p=1169"},"modified":"2024-10-23T10:35:37","modified_gmt":"2024-10-23T08:35:37","slug":"kozossegben-az-ero","status":"publish","type":"post","link":"https:\/\/www.szentistvanajka.hu\/iskola\/2024\/10\/22\/kozossegben-az-ero\/","title":{"rendered":"\u201eK\u00f6z\u00f6ss\u00e9gben az er\u0151\u201d"},"content":{"rendered":"<p>A Szent Istv\u00e1n Kir\u00e1ly R\u00f3mai Katolikus \u00c1ltal\u00e1nos Iskola \u00e9s \u00d3voda mindig is nagy hangs\u00falyt fektetett arra, hogy az int\u00e9zm\u00e9ny \u00e1ltal szervezett programok az iskola oszt\u00e1lyk\u00f6z\u00f6ss\u00e9geit is \u00f6sszekov\u00e1csolj\u00e1k.<\/p>\n<p>Ezt a c\u00e9lt szolg\u00e1lja az az iskolavezet\u00e9s \u00e1ltal t\u00e1mogatott, m\u00e1r hagyom\u00e1nynak sz\u00e1m\u00edt\u00f3 kezdem\u00e9nyez\u00e9s, miszerint az \u00f6t\u00f6dikes oszt\u00e1lyok a Nom\u00e1dia Szabadid\u0151parkban t\u00f6lthetnek el egy- egy vid\u00e1m, j\u00e1t\u00e9kos d\u00e9lut\u00e1nt \u00faj oszt\u00e1lyf\u0151n\u00f6keikkel.<\/p>\n<p>Az \u00f6nfeledt j\u00e1t\u00e9k, a j\u00f3 leveg\u0151, a ragyog\u00f3 naps\u00fct\u00e9s igazi felt\u00f6lt\u0151d\u00e9st k\u00edn\u00e1lt az idei tan\u00e9v kezdet\u00e9n is di\u00e1koknak \u00e9s tan\u00e1raiknak, s nem utols\u00f3 sorban meg is alapozta a bizalmi alapon t\u00f6rt\u00e9n\u0151 egy\u00fcttm\u0171k\u00f6d\u00e9st a tan\u00e9vre vonatkoz\u00f3an biztosan, de rem\u00e9ny szerint a k\u00e9s\u0151bbiekre is.<\/p>\n<p><img loading=\"lazy\" decoding=\"async\" class=\"alignnone size-medium wp-image-1170\" src=\"https:\/\/www.szentistvanajka.hu\/iskola\/wp-content\/uploads\/sites\/2\/2024\/10\/202410-Kozossegben-az-ero-3-300x283.png\" alt=\"\" width=\"300\" height=\"283\" \/> <img loading=\"lazy\" decoding=\"async\" class=\"alignnone size-medium wp-image-1171\" src=\"https:\/\/www.szentistvanajka.hu\/iskola\/wp-content\/uploads\/sites\/2\/2024\/10\/202410-Kozossegben-az-ero-4-300x279.png\" alt=\"\" width=\"300\" height=\"279\" \/> <img loading=\"lazy\" decoding=\"async\" class=\"alignnone size-medium wp-image-1172\" src=\"https:\/\/www.szentistvanajka.hu\/iskola\/wp-content\/uploads\/sites\/2\/2024\/10\/202410-Kozossegben-az-ero-1-300x270.png\" alt=\"\" width=\"300\" height=\"270\" \/> <img loading=\"lazy\" decoding=\"async\" class=\"alignnone size-medium wp-image-1173\" src=\"https:\/\/www.szentistvanajka.hu\/iskola\/wp-content\/uploads\/sites\/2\/2024\/10\/202410-Kozossegben-az-ero-2-300x263.png\" alt=\"\" width=\"300\" height=\"263\" \/><\/p>\n","protected":false},"excerpt":{"rendered":"<p>A Szent Istv\u00e1n Kir\u00e1ly R\u00f3mai Katolikus \u00c1ltal\u00e1nos Iskola \u00e9s \u00d3voda mindig is nagy hangs\u00falyt fektetett arra, hogy az int\u00e9zm\u00e9ny \u00e1ltal szervezett programok az iskola oszt\u00e1lyk\u00f6z\u00f6ss\u00e9geit is \u00f6sszekov\u00e1csolj\u00e1k. Ezt a c\u00e9lt szolg\u00e1lja az az iskolavezet\u00e9s \u00e1ltal t\u00e1mogatott, m\u00e1r hagyom\u00e1nynak sz\u00e1m\u00edt\u00f3 kezdem\u00e9nyez\u00e9s, miszerint az \u00f6t\u00f6dikes oszt\u00e1lyok a Nom\u00e1dia Szabadid\u0151parkban t\u00f6lthetnek el egy- egy vid\u00e1m, j\u00e1t\u00e9kos d\u00e9lut\u00e1nt \u00faj [&hellip;]<\/p>\n","protected":false},"author":1,"featured_media":1173,"comment_status":"closed","ping_status":"closed","sticky":false,"template":"","format":"standard","meta":{"_et_pb_use_builder":"","_et_pb_old_content":"","_et_gb_content_width":"","footnotes":""},"categories":[1],"tags":[],"_links":{"self":[{"href":"https:\/\/www.szentistvanajka.hu\/iskola\/wp-json\/wp\/v2\/posts\/1169"}],"collection":[{"href":"https:\/\/www.szentistvanajka.hu\/iskola\/wp-json\/wp\/v2\/posts"}],"about":[{"href":"https:\/\/www.szentistvanajka.hu\/iskola\/wp-json\/wp\/v2\/types\/post"}],"author":[{"embeddable":true,"href":"https:\/\/www.szentistvanajka.hu\/iskola\/wp-json\/wp\/v2\/users\/1"}],"replies":[{"embeddable":true,"href":"https:\/\/www.szentistvanajka.hu\/iskola\/wp-json\/wp\/v2\/comments?post=1169"}],"version-history":[{"count":1,"href":"https:\/\/www.szentistvanajka.hu\/iskola\/wp-json\/wp\/v2\/posts\/1169\/revisions"}],"predecessor-version":[{"id":1174,"href":"https:\/\/www.szentistvanajka.hu\/iskola\/wp-json\/wp\/v2\/posts\/1169\/revisions\/1174"}],"wp:featuredmedia":[{"embeddable":true,"href":"https:\/\/www.szentistvanajka.hu\/iskola\/wp-json\/wp\/v2\/media\/1173"}],"wp:attachment":[{"href":"https:\/\/www.szentistvanajka.hu\/iskola\/wp-json\/wp\/v2\/media?parent=1169"}],"wp:term":[{"taxonomy":"category","embeddable":true,"href":"https:\/\/www.szentistvanajka.hu\/iskola\/wp-json\/wp\/v2\/categories?post=1169"},{"taxonomy":"post_tag","embeddable":true,"href":"https:\/\/www.szentistvanajka.hu\/iskola\/wp-json\/wp\/v2\/tags?post=1169"}],"curies":[{"name":"wp","href":"https:\/\/api.w.org\/{rel}","templated":true}]}}