{"id":1149,"date":"2024-10-14T06:38:52","date_gmt":"2024-10-14T04:38:52","guid":{"rendered":"https:\/\/www.szentistvanajka.hu\/iskola\/?p=1149"},"modified":"2024-10-14T06:39:07","modified_gmt":"2024-10-14T04:39:07","slug":"volle-ropsuli-palyazat","status":"publish","type":"post","link":"https:\/\/www.szentistvanajka.hu\/iskola\/2024\/10\/14\/volle-ropsuli-palyazat\/","title":{"rendered":"Voll\u00e9!-R\u00f6psuli p\u00e1ly\u00e1zat"},"content":{"rendered":"<p>Iskol\u00e1nk r\u00e9szt vett a Magyar R\u00f6plabda Sz\u00f6vets\u00e9g \u00e1ltal ki\u00edrt Voll\u00e9!-R\u00f6psuli p\u00e1ly\u00e1zatban. A\u00a0\u00a0\u00a0program\u00a0 a kezd\u0151 vagy szabadid\u0151s jelleggel sportfoglalkoz\u00e1sokat tart\u00f3, oktat\u00e1si int\u00e9zm\u00e9nyekben r\u00f6plabd\u00e1t tan\u00edt\u00f3 szem\u00e9lyeket\u00a0 t\u00e1mogatja a sportcsoportjuk versenyeztet\u00e9se \u00e9s saj\u00e1t szakmai tov\u00e1bbk\u00e9pz\u00e9s\u00fck \u00e9rdek\u00e9ben. A programmal a r\u00f6plabda sport\u00e1g n\u00e9pszer\u0171s\u00edt\u00e9se mellett a regisztr\u00e1lt r\u00f6plabd\u00e1sok sz\u00e1m\u00e1nak n\u00f6vel\u00e9se is c\u00e9l.<br \/>\nIskol\u00e1nk tanul\u00f3i Kaposv\u00e1ron, Ikr\u00e9nyben \u00e9s Gyenesdi\u00e1son vettek r\u00e9szt j\u00f3 hangulat\u00fa, izgalmas r\u00f6plabda versenyeken. Felk\u00e9sz\u00edt\u0151j\u00fck, Moln\u00e1r Marianna el\u00e9gedett a gyermekek teljes\u00edtm\u00e9ny\u00e9vel. A projekt t\u00f6bb szempontb\u00f3l eredm\u00e9nyesen z\u00e1rult:\u00a0 Siker\u00fclt megismertetni \u00e9s megszerettetni a tanul\u00f3kkal a r\u00f6plabda sportot, valamint 260 ezer forint \u00e9rt\u00e9kben eszk\u00f6zv\u00e1s\u00e1rl\u00e1sra is lehet\u0151s\u00e9get kaptunk.<\/p>\n<p><img loading=\"lazy\" decoding=\"async\" class=\"alignnone size-large wp-image-1150\" src=\"https:\/\/www.szentistvanajka.hu\/iskola\/wp-content\/uploads\/sites\/2\/2024\/10\/202410-ropisuli1-768x1024.jpg\" alt=\"\" width=\"768\" height=\"1024\" \/> <img loading=\"lazy\" decoding=\"async\" class=\"alignnone size-large wp-image-1151\" src=\"https:\/\/www.szentistvanajka.hu\/iskola\/wp-content\/uploads\/sites\/2\/2024\/10\/202410-ropisuli2-830x1024.jpg\" alt=\"\" width=\"830\" height=\"1024\" \/><\/p>\n","protected":false},"excerpt":{"rendered":"<p>Iskol\u00e1nk r\u00e9szt vett a Magyar R\u00f6plabda Sz\u00f6vets\u00e9g \u00e1ltal ki\u00edrt Voll\u00e9!-R\u00f6psuli p\u00e1ly\u00e1zatban. A\u00a0\u00a0\u00a0program\u00a0 a kezd\u0151 vagy szabadid\u0151s jelleggel sportfoglalkoz\u00e1sokat tart\u00f3, oktat\u00e1si int\u00e9zm\u00e9nyekben r\u00f6plabd\u00e1t tan\u00edt\u00f3 szem\u00e9lyeket\u00a0 t\u00e1mogatja a sportcsoportjuk versenyeztet\u00e9se \u00e9s saj\u00e1t szakmai tov\u00e1bbk\u00e9pz\u00e9s\u00fck \u00e9rdek\u00e9ben. A programmal a r\u00f6plabda sport\u00e1g n\u00e9pszer\u0171s\u00edt\u00e9se mellett a regisztr\u00e1lt r\u00f6plabd\u00e1sok sz\u00e1m\u00e1nak n\u00f6vel\u00e9se is c\u00e9l. Iskol\u00e1nk tanul\u00f3i Kaposv\u00e1ron, Ikr\u00e9nyben \u00e9s Gyenesdi\u00e1son vettek r\u00e9szt [&hellip;]<\/p>\n","protected":false},"author":1,"featured_media":1151,"comment_status":"closed","ping_status":"closed","sticky":false,"template":"","format":"standard","meta":{"_et_pb_use_builder":"","_et_pb_old_content":"","_et_gb_content_width":"","footnotes":""},"categories":[1],"tags":[],"_links":{"self":[{"href":"https:\/\/www.szentistvanajka.hu\/iskola\/wp-json\/wp\/v2\/posts\/1149"}],"collection":[{"href":"https:\/\/www.szentistvanajka.hu\/iskola\/wp-json\/wp\/v2\/posts"}],"about":[{"href":"https:\/\/www.szentistvanajka.hu\/iskola\/wp-json\/wp\/v2\/types\/post"}],"author":[{"embeddable":true,"href":"https:\/\/www.szentistvanajka.hu\/iskola\/wp-json\/wp\/v2\/users\/1"}],"replies":[{"embeddable":true,"href":"https:\/\/www.szentistvanajka.hu\/iskola\/wp-json\/wp\/v2\/comments?post=1149"}],"version-history":[{"count":1,"href":"https:\/\/www.szentistvanajka.hu\/iskola\/wp-json\/wp\/v2\/posts\/1149\/revisions"}],"predecessor-version":[{"id":1152,"href":"https:\/\/www.szentistvanajka.hu\/iskola\/wp-json\/wp\/v2\/posts\/1149\/revisions\/1152"}],"wp:featuredmedia":[{"embeddable":true,"href":"https:\/\/www.szentistvanajka.hu\/iskola\/wp-json\/wp\/v2\/media\/1151"}],"wp:attachment":[{"href":"https:\/\/www.szentistvanajka.hu\/iskola\/wp-json\/wp\/v2\/media?parent=1149"}],"wp:term":[{"taxonomy":"category","embeddable":true,"href":"https:\/\/www.szentistvanajka.hu\/iskola\/wp-json\/wp\/v2\/categories?post=1149"},{"taxonomy":"post_tag","embeddable":true,"href":"https:\/\/www.szentistvanajka.hu\/iskola\/wp-json\/wp\/v2\/tags?post=1149"}],"curies":[{"name":"wp","href":"https:\/\/api.w.org\/{rel}","templated":true}]}}