{"id":1130,"date":"2024-10-09T19:34:47","date_gmt":"2024-10-09T17:34:47","guid":{"rendered":"https:\/\/www.szentistvanajka.hu\/iskola\/?p=1130"},"modified":"2024-10-09T19:34:47","modified_gmt":"2024-10-09T17:34:47","slug":"sziszi-a-tosokberendi-kokigyo","status":"publish","type":"post","link":"https:\/\/www.szentistvanajka.hu\/iskola\/2024\/10\/09\/sziszi-a-tosokberendi-kokigyo\/","title":{"rendered":"Sziszi, a t\u00f3sokber\u00e9ndi k\u0151k\u00edgy\u00f3"},"content":{"rendered":"<p>A 2.a oszt\u00e1lyosok seg\u00edts\u00e9g\u00e9vel nagyot n\u0151tt Sziszi, a t\u00f3sokber\u00e9ndi k\u0151k\u00edgy\u00f3.<\/p>\n<p>A gyerekek \u00e9s tan\u00edt\u00f3ik technika \u00f3r\u00e1n festett, illetve dekup\u00e1zs technik\u00e1val d\u00edsz\u00edtett k\u00f6veket vittek a T\u00e1las utc\u00e1ba, a Szent Istv\u00e1n \u00d3voda ker\u00edt\u00e9se mell\u00e9, ahol Sziszi \u201elakik\u201d.<\/p>\n<p><img loading=\"lazy\" decoding=\"async\" class=\"alignnone size-medium wp-image-1131\" src=\"https:\/\/www.szentistvanajka.hu\/iskola\/wp-content\/uploads\/sites\/2\/2024\/10\/202410-sziszi-1-216x300.jpg\" alt=\"\" width=\"216\" height=\"300\" srcset=\"https:\/\/www.szentistvanajka.hu\/iskola\/wp-content\/uploads\/sites\/2\/2024\/10\/202410-sziszi-1-216x300.jpg 216w, https:\/\/www.szentistvanajka.hu\/iskola\/wp-content\/uploads\/sites\/2\/2024\/10\/202410-sziszi-1.jpg 232w\" sizes=\"(max-width: 216px) 100vw, 216px\" \/> <img loading=\"lazy\" decoding=\"async\" class=\"alignnone size-medium wp-image-1132\" src=\"https:\/\/www.szentistvanajka.hu\/iskola\/wp-content\/uploads\/sites\/2\/2024\/10\/202410-sziszi-2-249x300.png\" alt=\"\" width=\"249\" height=\"300\" srcset=\"https:\/\/www.szentistvanajka.hu\/iskola\/wp-content\/uploads\/sites\/2\/2024\/10\/202410-sziszi-2-249x300.png 249w, https:\/\/www.szentistvanajka.hu\/iskola\/wp-content\/uploads\/sites\/2\/2024\/10\/202410-sziszi-2.png 373w\" sizes=\"(max-width: 249px) 100vw, 249px\" \/> <img loading=\"lazy\" decoding=\"async\" class=\"alignnone size-medium wp-image-1133\" src=\"https:\/\/www.szentistvanajka.hu\/iskola\/wp-content\/uploads\/sites\/2\/2024\/10\/202410-sziszi-3-194x300.png\" alt=\"\" width=\"194\" height=\"300\" \/><\/p>\n","protected":false},"excerpt":{"rendered":"<p>A 2.a oszt\u00e1lyosok seg\u00edts\u00e9g\u00e9vel nagyot n\u0151tt Sziszi, a t\u00f3sokber\u00e9ndi k\u0151k\u00edgy\u00f3. A gyerekek \u00e9s tan\u00edt\u00f3ik technika \u00f3r\u00e1n festett, illetve dekup\u00e1zs technik\u00e1val d\u00edsz\u00edtett k\u00f6veket vittek a T\u00e1las utc\u00e1ba, a Szent Istv\u00e1n \u00d3voda ker\u00edt\u00e9se mell\u00e9, ahol Sziszi \u201elakik\u201d.<\/p>\n","protected":false},"author":1,"featured_media":1131,"comment_status":"closed","ping_status":"closed","sticky":false,"template":"","format":"standard","meta":{"_et_pb_use_builder":"","_et_pb_old_content":"","_et_gb_content_width":"","footnotes":""},"categories":[1],"tags":[],"_links":{"self":[{"href":"https:\/\/www.szentistvanajka.hu\/iskola\/wp-json\/wp\/v2\/posts\/1130"}],"collection":[{"href":"https:\/\/www.szentistvanajka.hu\/iskola\/wp-json\/wp\/v2\/posts"}],"about":[{"href":"https:\/\/www.szentistvanajka.hu\/iskola\/wp-json\/wp\/v2\/types\/post"}],"author":[{"embeddable":true,"href":"https:\/\/www.szentistvanajka.hu\/iskola\/wp-json\/wp\/v2\/users\/1"}],"replies":[{"embeddable":true,"href":"https:\/\/www.szentistvanajka.hu\/iskola\/wp-json\/wp\/v2\/comments?post=1130"}],"version-history":[{"count":1,"href":"https:\/\/www.szentistvanajka.hu\/iskola\/wp-json\/wp\/v2\/posts\/1130\/revisions"}],"predecessor-version":[{"id":1134,"href":"https:\/\/www.szentistvanajka.hu\/iskola\/wp-json\/wp\/v2\/posts\/1130\/revisions\/1134"}],"wp:featuredmedia":[{"embeddable":true,"href":"https:\/\/www.szentistvanajka.hu\/iskola\/wp-json\/wp\/v2\/media\/1131"}],"wp:attachment":[{"href":"https:\/\/www.szentistvanajka.hu\/iskola\/wp-json\/wp\/v2\/media?parent=1130"}],"wp:term":[{"taxonomy":"category","embeddable":true,"href":"https:\/\/www.szentistvanajka.hu\/iskola\/wp-json\/wp\/v2\/categories?post=1130"},{"taxonomy":"post_tag","embeddable":true,"href":"https:\/\/www.szentistvanajka.hu\/iskola\/wp-json\/wp\/v2\/tags?post=1130"}],"curies":[{"name":"wp","href":"https:\/\/api.w.org\/{rel}","templated":true}]}}