{"id":1121,"date":"2024-10-07T10:29:54","date_gmt":"2024-10-07T08:29:54","guid":{"rendered":"https:\/\/www.szentistvanajka.hu\/iskola\/?p=1121"},"modified":"2024-10-07T10:30:04","modified_gmt":"2024-10-07T08:30:04","slug":"az-allatok-vilagnapja","status":"publish","type":"post","link":"https:\/\/www.szentistvanajka.hu\/iskola\/2024\/10\/07\/az-allatok-vilagnapja\/","title":{"rendered":"Az \u00e1llatok vil\u00e1gnapja"},"content":{"rendered":"<p>Okt\u00f3ber 4. az \u00e1llatok vil\u00e1gnapja<\/p>\n<p>Imm\u00e1r hagyom\u00e1ny iskol\u00e1nkban az \u00c1LLATOK VIL\u00c1GNAPJA alkalm\u00e1b\u00f3l rajzversenyt rendezni a mindenkori 1. oszt\u00e1lyosok sz\u00e1m\u00e1ra. Ez alkalomb\u00f3l vend\u00e9g el\u0151ad\u00f3t is h\u00edvtunk Antal Laura szem\u00e9ly\u00e9ben, aki a VAHUR \u00c1llatmenhely vezet\u0151je. Tanuls\u00e1gos, \u00e9rdekes \u00e9s megsz\u00edvlelend\u0151 ismeretekkel gazdagodtak els\u0151 oszt\u00e1lyosaink \u00e9s m\u00e9g mi feln\u0151ttek is.<\/p>\n<p>Ezt k\u00f6vet\u0151en pedig Rieder Andr\u00e1s igazgat\u00f3 \u00far egy\u00fcttm\u0171k\u00f6d\u00e9s\u00e9vel \u00e1tadtuk a gyermekeknek az eml\u00e9klapot, valamit mindenki kapott egy rostos \u00fcd\u00edt\u0151t.<\/p>\n<p>K\u00f6sz\u00f6net az els\u0151 oszt\u00e1lyos tan\u00edt\u00f3 n\u00e9niknek, akik seg\u00edts\u00e9g\u00e9vel a gyerekek elk\u00e9sz\u00edtett\u00e9k a rajzaikat.<\/p>\n<p>Szalai L\u00e1szl\u00f3n\u00e9<\/p>\n<p>szervez\u0151<\/p>\n<p><img loading=\"lazy\" decoding=\"async\" class=\"alignnone size-large wp-image-1123\" src=\"https:\/\/www.szentistvanajka.hu\/iskola\/wp-content\/uploads\/sites\/2\/2024\/10\/a-1024x683.jpg\" alt=\"\" width=\"1024\" height=\"683\" srcset=\"https:\/\/www.szentistvanajka.hu\/iskola\/wp-content\/uploads\/sites\/2\/2024\/10\/a-980x653.jpg 980w, https:\/\/www.szentistvanajka.hu\/iskola\/wp-content\/uploads\/sites\/2\/2024\/10\/a-480x320.jpg 480w\" sizes=\"(min-width: 0px) and (max-width: 480px) 480px, (min-width: 481px) and (max-width: 980px) 980px, (min-width: 981px) 1024px, 100vw\" \/><\/p>\n","protected":false},"excerpt":{"rendered":"<p>Okt\u00f3ber 4. az \u00e1llatok vil\u00e1gnapja Imm\u00e1r hagyom\u00e1ny iskol\u00e1nkban az \u00c1LLATOK VIL\u00c1GNAPJA alkalm\u00e1b\u00f3l rajzversenyt rendezni a mindenkori 1. oszt\u00e1lyosok sz\u00e1m\u00e1ra. Ez alkalomb\u00f3l vend\u00e9g el\u0151ad\u00f3t is h\u00edvtunk Antal Laura szem\u00e9ly\u00e9ben, aki a VAHUR \u00c1llatmenhely vezet\u0151je. Tanuls\u00e1gos, \u00e9rdekes \u00e9s megsz\u00edvlelend\u0151 ismeretekkel gazdagodtak els\u0151 oszt\u00e1lyosaink \u00e9s m\u00e9g mi feln\u0151ttek is. Ezt k\u00f6vet\u0151en pedig Rieder Andr\u00e1s igazgat\u00f3 \u00far egy\u00fcttm\u0171k\u00f6d\u00e9s\u00e9vel \u00e1tadtuk [&hellip;]<\/p>\n","protected":false},"author":1,"featured_media":1123,"comment_status":"closed","ping_status":"closed","sticky":false,"template":"","format":"standard","meta":{"_et_pb_use_builder":"","_et_pb_old_content":"","_et_gb_content_width":"","footnotes":""},"categories":[1],"tags":[],"_links":{"self":[{"href":"https:\/\/www.szentistvanajka.hu\/iskola\/wp-json\/wp\/v2\/posts\/1121"}],"collection":[{"href":"https:\/\/www.szentistvanajka.hu\/iskola\/wp-json\/wp\/v2\/posts"}],"about":[{"href":"https:\/\/www.szentistvanajka.hu\/iskola\/wp-json\/wp\/v2\/types\/post"}],"author":[{"embeddable":true,"href":"https:\/\/www.szentistvanajka.hu\/iskola\/wp-json\/wp\/v2\/users\/1"}],"replies":[{"embeddable":true,"href":"https:\/\/www.szentistvanajka.hu\/iskola\/wp-json\/wp\/v2\/comments?post=1121"}],"version-history":[{"count":1,"href":"https:\/\/www.szentistvanajka.hu\/iskola\/wp-json\/wp\/v2\/posts\/1121\/revisions"}],"predecessor-version":[{"id":1124,"href":"https:\/\/www.szentistvanajka.hu\/iskola\/wp-json\/wp\/v2\/posts\/1121\/revisions\/1124"}],"wp:featuredmedia":[{"embeddable":true,"href":"https:\/\/www.szentistvanajka.hu\/iskola\/wp-json\/wp\/v2\/media\/1123"}],"wp:attachment":[{"href":"https:\/\/www.szentistvanajka.hu\/iskola\/wp-json\/wp\/v2\/media?parent=1121"}],"wp:term":[{"taxonomy":"category","embeddable":true,"href":"https:\/\/www.szentistvanajka.hu\/iskola\/wp-json\/wp\/v2\/categories?post=1121"},{"taxonomy":"post_tag","embeddable":true,"href":"https:\/\/www.szentistvanajka.hu\/iskola\/wp-json\/wp\/v2\/tags?post=1121"}],"curies":[{"name":"wp","href":"https:\/\/api.w.org\/{rel}","templated":true}]}}