{"id":1114,"date":"2024-10-02T07:27:29","date_gmt":"2024-10-02T05:27:29","guid":{"rendered":"https:\/\/www.szentistvanajka.hu\/iskola\/?p=1114"},"modified":"2024-10-03T07:31:52","modified_gmt":"2024-10-03T05:31:52","slug":"zoldikek-ovisok-latogatasa-iskolankban","status":"publish","type":"post","link":"https:\/\/www.szentistvanajka.hu\/iskola\/2024\/10\/02\/zoldikek-ovisok-latogatasa-iskolankban\/","title":{"rendered":"Z\u00f6ldik\u00e9k ovisok l\u00e1togat\u00e1sa iskol\u00e1nkban"},"content":{"rendered":"<ol start=\"2024\">\n<li>okt\u00f3ber 1-j\u00e9n iskol\u00e1nk k\u00fcl\u00f6nleges vend\u00e9geket fogadott. Az Ajkai V\u00e1rosi \u00d3voda Z\u00f6ldik\u00e9k tagint\u00e9zm\u00e9ny\u00e9nek 30 nagycsoportos \u00f3vod\u00e1sa l\u00e1togatott el hozz\u00e1nk az \u00f3v\u00f3n\u00e9nik k\u00eds\u00e9ret\u00e9ben. Ez a rendhagy\u00f3 program m\u00e1r r\u00e9g\u00f3ta \u00f6sszek\u00f6ti az iskola \u00e9s \u00f3voda \u00e9let\u00e9t. A tal\u00e1lkoz\u00f3 k\u00f6zponti gondolata id\u00e9n is az \u00e1llatok vil\u00e1gnapj\u00e1hoz kapcsol\u00f3dott. Ebben az \u00e9vben azonban egy k\u00fcl\u00f6n\u00f6sen szerencs\u00e9s \u00fcnnep-egy\u00fctt\u00e1ll\u00e1s tette m\u00e9g sz\u00ednesebb\u00e9 a programot: \u00e9pp erre a napra esett ugyanis a zene vil\u00e1gnapja is. \u00cdgy term\u00e9szetesen a dalol\u00e1s sem maradhatott ki a tal\u00e1lkoz\u00f3b\u00f3l.<\/li>\n<\/ol>\n<p>Az iskol\u00e1ba \u00e9rkez\u0151 izgatott \u00e9s k\u00edv\u00e1ncsi ovisok els\u0151 feladata a mack\u00f3keres\u00e9s volt. Miut\u00e1n mindenki \u00f6l\u00e9ben tarthatott egy macit, tal\u00e1l\u00f3s k\u00e9rd\u00e9sek seg\u00edts\u00e9g\u00e9vel m\u00e9g t\u00f6bb \u00e1llatot gy\u0171jt\u00f6ttek a gyermekek. \u00c9pp mire unalmass\u00e1 \u00e9s f\u00e1raszt\u00f3v\u00e1 v\u00e1lt volna a sok-sok \u201egy\u0171jt\u00f6get\u00e9s\u201d, a megsz\u00f3lal\u00f3 zene t\u00e1ncra perd\u00edtette az ovisokat, s a mack\u00f3kat egyar\u00e1nt. J\u00f3kedv\u0171 n\u00f3t\u00e1z\u00e1s kerekedett a r\u00f6gt\u00f6nz\u00f6tt \u201et\u00e1ncparketten\u201d. A mulats\u00e1g ut\u00e1n a mack\u00f3k lepihentek, de a gyermekek sz\u00e1m\u00e1ra \u00fajabb csoda k\u00f6vetkezett: n\u00e9gy helysz\u00ednen j\u00e1tszhattak m\u00e9g az \u00e1llatokkal. Mindenki tal\u00e1lkozhatott a sudoku, a puzzle, a macik\u00e9sz\u00edt\u00e9s \u00e9s a c\u00e9lbadob\u00e1s \u00e1llatk\u00e1ival, rejtelmeivel. A tartalmas, sz\u00ednes egy\u00fctt t\u00f6lt\u00f6tt \u00f3ra ut\u00e1n a gyermekek \u00e9s k\u00eds\u00e9r\u0151ik nem t\u00e1voztak \u00fcres k\u00e9zzel. Mack\u00f3s h\u0171t\u0151m\u00e1gnes volt az aj\u00e1nd\u00e9k, amir\u0151l rem\u00e9lj\u00fck, m\u00e9g sokszor \u00e9s sok\u00e1ig esz\u00fckbe jut az iskol\u00e1ban t\u00f6lt\u00f6tt vid\u00e1m d\u00e9lel\u0151tt. Kedves Ovisok! K\u00f6sz\u00f6nj\u00fck, hogy ell\u00e1togattatok hozzn\u00e1nk!<\/p>\n<p>D\u00e1vid Barbara<\/p>\n<p>tan\u00edt\u00f3n\u0151<\/p>\n<p><img loading=\"lazy\" decoding=\"async\" class=\"alignnone size-large wp-image-1119\" src=\"https:\/\/www.szentistvanajka.hu\/iskola\/wp-content\/uploads\/sites\/2\/2024\/10\/202410-zoldikek-1-1024x461.jpg\" alt=\"\" width=\"1024\" height=\"461\" srcset=\"https:\/\/www.szentistvanajka.hu\/iskola\/wp-content\/uploads\/sites\/2\/2024\/10\/202410-zoldikek-1-1024x461.jpg 1024w, https:\/\/www.szentistvanajka.hu\/iskola\/wp-content\/uploads\/sites\/2\/2024\/10\/202410-zoldikek-1-980x441.jpg 980w, https:\/\/www.szentistvanajka.hu\/iskola\/wp-content\/uploads\/sites\/2\/2024\/10\/202410-zoldikek-1-480x216.jpg 480w\" sizes=\"(min-width: 0px) and (max-width: 480px) 480px, (min-width: 481px) and (max-width: 980px) 980px, (min-width: 981px) 1024px, 100vw\" \/> <img loading=\"lazy\" decoding=\"async\" class=\"alignnone size-large wp-image-1118\" src=\"https:\/\/www.szentistvanajka.hu\/iskola\/wp-content\/uploads\/sites\/2\/2024\/10\/20210-zoldikek-3-1024x461.jpg\" alt=\"\" width=\"1024\" height=\"461\" srcset=\"https:\/\/www.szentistvanajka.hu\/iskola\/wp-content\/uploads\/sites\/2\/2024\/10\/20210-zoldikek-3-1024x461.jpg 1024w, https:\/\/www.szentistvanajka.hu\/iskola\/wp-content\/uploads\/sites\/2\/2024\/10\/20210-zoldikek-3-980x441.jpg 980w, https:\/\/www.szentistvanajka.hu\/iskola\/wp-content\/uploads\/sites\/2\/2024\/10\/20210-zoldikek-3-480x216.jpg 480w\" sizes=\"(min-width: 0px) and (max-width: 480px) 480px, (min-width: 481px) and (max-width: 980px) 980px, (min-width: 981px) 1024px, 100vw\" \/> <img loading=\"lazy\" decoding=\"async\" class=\"alignnone size-large wp-image-1117\" src=\"https:\/\/www.szentistvanajka.hu\/iskola\/wp-content\/uploads\/sites\/2\/2024\/10\/202410-zoldikek-5-1024x461.jpg\" alt=\"\" width=\"1024\" height=\"461\" srcset=\"https:\/\/www.szentistvanajka.hu\/iskola\/wp-content\/uploads\/sites\/2\/2024\/10\/202410-zoldikek-5-1024x461.jpg 1024w, https:\/\/www.szentistvanajka.hu\/iskola\/wp-content\/uploads\/sites\/2\/2024\/10\/202410-zoldikek-5-980x441.jpg 980w, https:\/\/www.szentistvanajka.hu\/iskola\/wp-content\/uploads\/sites\/2\/2024\/10\/202410-zoldikek-5-480x216.jpg 480w\" sizes=\"(min-width: 0px) and (max-width: 480px) 480px, (min-width: 481px) and (max-width: 980px) 980px, (min-width: 981px) 1024px, 100vw\" \/> <img loading=\"lazy\" decoding=\"async\" class=\"alignnone size-large wp-image-1116\" src=\"https:\/\/www.szentistvanajka.hu\/iskola\/wp-content\/uploads\/sites\/2\/2024\/10\/202410-zoldikek-4-1024x461.jpg\" alt=\"\" width=\"1024\" height=\"461\" srcset=\"https:\/\/www.szentistvanajka.hu\/iskola\/wp-content\/uploads\/sites\/2\/2024\/10\/202410-zoldikek-4-1024x461.jpg 1024w, https:\/\/www.szentistvanajka.hu\/iskola\/wp-content\/uploads\/sites\/2\/2024\/10\/202410-zoldikek-4-980x441.jpg 980w, https:\/\/www.szentistvanajka.hu\/iskola\/wp-content\/uploads\/sites\/2\/2024\/10\/202410-zoldikek-4-480x216.jpg 480w\" sizes=\"(min-width: 0px) and (max-width: 480px) 480px, (min-width: 481px) and (max-width: 980px) 980px, (min-width: 981px) 1024px, 100vw\" \/> <img loading=\"lazy\" decoding=\"async\" class=\"alignnone size-large wp-image-1115\" src=\"https:\/\/www.szentistvanajka.hu\/iskola\/wp-content\/uploads\/sites\/2\/2024\/10\/202410-zoldikek-2-1024x517.jpg\" alt=\"\" width=\"1024\" height=\"517\" srcset=\"https:\/\/www.szentistvanajka.hu\/iskola\/wp-content\/uploads\/sites\/2\/2024\/10\/202410-zoldikek-2-1024x517.jpg 1024w, https:\/\/www.szentistvanajka.hu\/iskola\/wp-content\/uploads\/sites\/2\/2024\/10\/202410-zoldikek-2-980x495.jpg 980w, https:\/\/www.szentistvanajka.hu\/iskola\/wp-content\/uploads\/sites\/2\/2024\/10\/202410-zoldikek-2-480x242.jpg 480w\" sizes=\"(min-width: 0px) and (max-width: 480px) 480px, (min-width: 481px) and (max-width: 980px) 980px, (min-width: 981px) 1024px, 100vw\" \/><\/p>\n","protected":false},"excerpt":{"rendered":"<p>okt\u00f3ber 1-j\u00e9n iskol\u00e1nk k\u00fcl\u00f6nleges vend\u00e9geket fogadott. Az Ajkai V\u00e1rosi \u00d3voda Z\u00f6ldik\u00e9k tagint\u00e9zm\u00e9ny\u00e9nek 30 nagycsoportos \u00f3vod\u00e1sa l\u00e1togatott el hozz\u00e1nk az \u00f3v\u00f3n\u00e9nik k\u00eds\u00e9ret\u00e9ben. Ez a rendhagy\u00f3 program m\u00e1r r\u00e9g\u00f3ta \u00f6sszek\u00f6ti az iskola \u00e9s \u00f3voda \u00e9let\u00e9t. A tal\u00e1lkoz\u00f3 k\u00f6zponti gondolata id\u00e9n is az \u00e1llatok vil\u00e1gnapj\u00e1hoz kapcsol\u00f3dott. Ebben az \u00e9vben azonban egy k\u00fcl\u00f6n\u00f6sen szerencs\u00e9s \u00fcnnep-egy\u00fctt\u00e1ll\u00e1s tette m\u00e9g sz\u00ednesebb\u00e9 a [&hellip;]<\/p>\n","protected":false},"author":1,"featured_media":0,"comment_status":"closed","ping_status":"closed","sticky":false,"template":"","format":"standard","meta":{"_et_pb_use_builder":"","_et_pb_old_content":"","_et_gb_content_width":"","footnotes":""},"categories":[1],"tags":[],"_links":{"self":[{"href":"https:\/\/www.szentistvanajka.hu\/iskola\/wp-json\/wp\/v2\/posts\/1114"}],"collection":[{"href":"https:\/\/www.szentistvanajka.hu\/iskola\/wp-json\/wp\/v2\/posts"}],"about":[{"href":"https:\/\/www.szentistvanajka.hu\/iskola\/wp-json\/wp\/v2\/types\/post"}],"author":[{"embeddable":true,"href":"https:\/\/www.szentistvanajka.hu\/iskola\/wp-json\/wp\/v2\/users\/1"}],"replies":[{"embeddable":true,"href":"https:\/\/www.szentistvanajka.hu\/iskola\/wp-json\/wp\/v2\/comments?post=1114"}],"version-history":[{"count":1,"href":"https:\/\/www.szentistvanajka.hu\/iskola\/wp-json\/wp\/v2\/posts\/1114\/revisions"}],"predecessor-version":[{"id":1120,"href":"https:\/\/www.szentistvanajka.hu\/iskola\/wp-json\/wp\/v2\/posts\/1114\/revisions\/1120"}],"wp:attachment":[{"href":"https:\/\/www.szentistvanajka.hu\/iskola\/wp-json\/wp\/v2\/media?parent=1114"}],"wp:term":[{"taxonomy":"category","embeddable":true,"href":"https:\/\/www.szentistvanajka.hu\/iskola\/wp-json\/wp\/v2\/categories?post=1114"},{"taxonomy":"post_tag","embeddable":true,"href":"https:\/\/www.szentistvanajka.hu\/iskola\/wp-json\/wp\/v2\/tags?post=1114"}],"curies":[{"name":"wp","href":"https:\/\/api.w.org\/{rel}","templated":true}]}}