{"id":1107,"date":"2024-10-01T11:33:20","date_gmt":"2024-10-01T09:33:20","guid":{"rendered":"https:\/\/www.szentistvanajka.hu\/iskola\/?p=1107"},"modified":"2024-10-01T11:36:10","modified_gmt":"2024-10-01T09:36:10","slug":"papirgyujtes","status":"publish","type":"post","link":"https:\/\/www.szentistvanajka.hu\/iskola\/2024\/10\/01\/papirgyujtes\/","title":{"rendered":"Pap\u00edrgy\u0171jt\u00e9s"},"content":{"rendered":"<p><strong>Pap\u00edrgy\u0171jt\u00e9s<\/strong><\/p>\n<p><strong>Kedves Sz\u00fcl\u0151k! Kedves Di\u00e1kok! Kedves \u00d3vod\u00e1sok! <\/strong><\/p>\n<p><strong>Tegy\u00fcnk egy \u00fajabb l\u00e9p\u00e9st k\u00f6rnyezet\u00fcnk v\u00e9delm\u00e9ben, \u00e9s egyben t\u00e1mogassuk int\u00e9zm\u00e9ny\u00fcnket!<\/strong><\/p>\n<ol start=\"2024\">\n<li><strong> okt\u00f3ber 9-10-11.<\/strong><\/li>\n<\/ol>\n<p><strong>Mindh\u00e1rom napon 7 \u00f3r\u00e1t\u00f3l 10 \u00f3r\u00e1ig,<\/strong><\/p>\n<p><strong>valamint szerd\u00e1n \u00e9s cs\u00fct\u00f6rt\u00f6k\u00f6n 13 \u00f3r\u00e1t\u00f3l 16 \u00f3r\u00e1ig v\u00e1rjunk a pap\u00edrhullad\u00e9kot. <\/strong><\/p>\n<p>Gy\u0171jt\u00e9s\u00fcnk ez\u00fattal is iskol\u00e1nk tornacsarnok\u00e1nak parkol\u00f3j\u00e1ban t\u00f6rt\u00e9nik.<\/p>\n<p><strong>Fokozottan figyelj\u00fcnk a k\u00f6vetkez\u0151kre:<\/strong><\/p>\n<ul>\n<li>A pap\u00edrhullad\u00e9kba csak \u00fajs\u00e1gpap\u00edr (vegyes pap\u00edr) illetve kartonpap\u00edr ker\u00fclj\u00f6n!<\/li>\n<li>K\u00f6nyvek k\u00e9tujjnyi vastagra sz\u00e9tszedve!<\/li>\n<li>Nem tudunk \u00e1tvenni pap\u00edrgurig\u00e1t vagy pap\u00edrcs\u00f6vet, m\u00e1s hullad\u00e9kkal szennyezett pap\u00edrt, kem\u00e9ny iratgy\u0171jt\u0151t!<\/li>\n<li>A pap\u00edrk\u00f6tegeket ne ragassz\u00e1k \u00f6ssze, hanem k\u00f6t\u00f6zz\u00e9k vagy pap\u00edrdobozba tegy\u00e9k, m\u0171anyag k\u00f6tegel\u0151t ne haszn\u00e1ljanak!<\/li>\n<li>Kartonpap\u00edrt \u00e9s pap\u00edrdobozt is csak k\u00f6tegelve \u00e9s \u00f6sszek\u00f6tve tudunk \u00e1tvenni!<\/li>\n<\/ul>\n<p>Ha nagyobb mennyis\u00e9g\u0171 pap\u00edrhullad\u00e9kot (<u>1000 kg feletti mennyis\u00e9g<\/u>) szeretn\u00e9nek hozni, azt egyb\u0151l az AVAR KFT telephely\u00e9re vigy\u00e9k, ott veszik \u00e1t, a gyermek \u00e9s az iskola nev\u00e9re kell \u00edratni, a m\u00e9rlegjegyet kell csak elhozni az iskol\u00e1ba!<\/p>\n<p>K\u00f6sz\u00f6nj\u00fck, hogy v\u00e9dik k\u00f6rnyezet\u00fcnket, \u00e9s t\u00e1mogatj\u00e1k iskol\u00e1nkat!<\/p>\n<p><img loading=\"lazy\" decoding=\"async\" class=\"alignnone size-large wp-image-1108\" src=\"https:\/\/www.szentistvanajka.hu\/iskola\/wp-content\/uploads\/sites\/2\/2024\/10\/202410-papirgyujtes-1024x712.jpg\" alt=\"\" width=\"1024\" height=\"712\" srcset=\"https:\/\/www.szentistvanajka.hu\/iskola\/wp-content\/uploads\/sites\/2\/2024\/10\/202410-papirgyujtes-1024x712.jpg 1024w, https:\/\/www.szentistvanajka.hu\/iskola\/wp-content\/uploads\/sites\/2\/2024\/10\/202410-papirgyujtes-980x682.jpg 980w, https:\/\/www.szentistvanajka.hu\/iskola\/wp-content\/uploads\/sites\/2\/2024\/10\/202410-papirgyujtes-480x334.jpg 480w\" sizes=\"(min-width: 0px) and (max-width: 480px) 480px, (min-width: 481px) and (max-width: 980px) 980px, (min-width: 981px) 1024px, 100vw\" \/><\/p>\n","protected":false},"excerpt":{"rendered":"<p>Pap\u00edrgy\u0171jt\u00e9s Kedves Sz\u00fcl\u0151k! Kedves Di\u00e1kok! Kedves \u00d3vod\u00e1sok! Tegy\u00fcnk egy \u00fajabb l\u00e9p\u00e9st k\u00f6rnyezet\u00fcnk v\u00e9delm\u00e9ben, \u00e9s egyben t\u00e1mogassuk int\u00e9zm\u00e9ny\u00fcnket! okt\u00f3ber 9-10-11. Mindh\u00e1rom napon 7 \u00f3r\u00e1t\u00f3l 10 \u00f3r\u00e1ig, valamint szerd\u00e1n \u00e9s cs\u00fct\u00f6rt\u00f6k\u00f6n 13 \u00f3r\u00e1t\u00f3l 16 \u00f3r\u00e1ig v\u00e1rjunk a pap\u00edrhullad\u00e9kot. Gy\u0171jt\u00e9s\u00fcnk ez\u00fattal is iskol\u00e1nk tornacsarnok\u00e1nak parkol\u00f3j\u00e1ban t\u00f6rt\u00e9nik. Fokozottan figyelj\u00fcnk a k\u00f6vetkez\u0151kre: A pap\u00edrhullad\u00e9kba csak \u00fajs\u00e1gpap\u00edr (vegyes pap\u00edr) illetve kartonpap\u00edr [&hellip;]<\/p>\n","protected":false},"author":1,"featured_media":1108,"comment_status":"closed","ping_status":"closed","sticky":false,"template":"","format":"standard","meta":{"_et_pb_use_builder":"","_et_pb_old_content":"","_et_gb_content_width":"","footnotes":""},"categories":[1],"tags":[],"_links":{"self":[{"href":"https:\/\/www.szentistvanajka.hu\/iskola\/wp-json\/wp\/v2\/posts\/1107"}],"collection":[{"href":"https:\/\/www.szentistvanajka.hu\/iskola\/wp-json\/wp\/v2\/posts"}],"about":[{"href":"https:\/\/www.szentistvanajka.hu\/iskola\/wp-json\/wp\/v2\/types\/post"}],"author":[{"embeddable":true,"href":"https:\/\/www.szentistvanajka.hu\/iskola\/wp-json\/wp\/v2\/users\/1"}],"replies":[{"embeddable":true,"href":"https:\/\/www.szentistvanajka.hu\/iskola\/wp-json\/wp\/v2\/comments?post=1107"}],"version-history":[{"count":1,"href":"https:\/\/www.szentistvanajka.hu\/iskola\/wp-json\/wp\/v2\/posts\/1107\/revisions"}],"predecessor-version":[{"id":1109,"href":"https:\/\/www.szentistvanajka.hu\/iskola\/wp-json\/wp\/v2\/posts\/1107\/revisions\/1109"}],"wp:featuredmedia":[{"embeddable":true,"href":"https:\/\/www.szentistvanajka.hu\/iskola\/wp-json\/wp\/v2\/media\/1108"}],"wp:attachment":[{"href":"https:\/\/www.szentistvanajka.hu\/iskola\/wp-json\/wp\/v2\/media?parent=1107"}],"wp:term":[{"taxonomy":"category","embeddable":true,"href":"https:\/\/www.szentistvanajka.hu\/iskola\/wp-json\/wp\/v2\/categories?post=1107"},{"taxonomy":"post_tag","embeddable":true,"href":"https:\/\/www.szentistvanajka.hu\/iskola\/wp-json\/wp\/v2\/tags?post=1107"}],"curies":[{"name":"wp","href":"https:\/\/api.w.org\/{rel}","templated":true}]}}