{"id":1068,"date":"2024-05-02T10:07:19","date_gmt":"2024-05-02T08:07:19","guid":{"rendered":"https:\/\/www.szentistvanajka.hu\/iskola\/?p=1068"},"modified":"2024-08-27T10:09:03","modified_gmt":"2024-08-27T08:09:03","slug":"hatartalanul2024","status":"publish","type":"post","link":"https:\/\/www.szentistvanajka.hu\/iskola\/2024\/05\/02\/hatartalanul2024\/","title":{"rendered":"Hat\u00e1rtalanul 2024"},"content":{"rendered":"<p><img loading=\"lazy\" decoding=\"async\" width=\"256\" height=\"237\" class=\"wp-image-1069\" src=\"https:\/\/www.szentistvanajka.hu\/iskola\/wp-content\/uploads\/sites\/2\/2024\/08\/word-image-1068-1.png\" \/> <img loading=\"lazy\" decoding=\"async\" width=\"214\" height=\"135\" class=\"wp-image-1070\" src=\"https:\/\/www.szentistvanajka.hu\/iskola\/wp-content\/uploads\/sites\/2\/2024\/08\/word-image-1068-2.png\" \/><\/p>\n<p><img loading=\"lazy\" decoding=\"async\" width=\"518\" height=\"291\" class=\"wp-image-1071\" src=\"https:\/\/www.szentistvanajka.hu\/iskola\/wp-content\/uploads\/sites\/2\/2024\/08\/word-image-1068-3.jpeg\" srcset=\"https:\/\/www.szentistvanajka.hu\/iskola\/wp-content\/uploads\/sites\/2\/2024\/08\/word-image-1068-3.jpeg 518w, https:\/\/www.szentistvanajka.hu\/iskola\/wp-content\/uploads\/sites\/2\/2024\/08\/word-image-1068-3-480x270.jpeg 480w\" sizes=\"(min-width: 0px) and (max-width: 480px) 480px, (min-width: 481px) 518px, 100vw\" \/> Az ajkai Szent Istv\u00e1n Kir\u00e1ly R\u00f3mai Katolikus \u00c1ltal\u00e1nos Iskola \u00e9s \u00d3voda 7. \u00e9vfolyam\u00e1n tanul\u00f3 di\u00e1kok l\u00e1togattak el a Hat\u00e1rtalanul p\u00e1ly\u00e1zati program keret\u00e9ben a \u201eD\u00e9li harangsz\u00f3 nyom\u00e1ban\u201d a Vajdas\u00e1gba. A h\u00e1romnapos kir\u00e1ndul\u00e1s nem \u00edg\u00e9rkezett k\u00f6nny\u0171 programnak, azonban a sok-sok l\u00e1tnival\u00f3 \u00e9s a magyar vonatkoz\u00e1s\u00fa t\u00e1jegys\u00e9gek, telep\u00fcl\u00e9sek megismer\u00e9se mindenkit \u00f6r\u00f6mmel t\u00f6lt\u00f6tt el.<\/p>\n<p><img loading=\"lazy\" decoding=\"async\" width=\"560\" height=\"315\" class=\"wp-image-1072\" src=\"https:\/\/www.szentistvanajka.hu\/iskola\/wp-content\/uploads\/sites\/2\/2024\/08\/word-image-1068-4.jpeg\" srcset=\"https:\/\/www.szentistvanajka.hu\/iskola\/wp-content\/uploads\/sites\/2\/2024\/08\/word-image-1068-4.jpeg 560w, https:\/\/www.szentistvanajka.hu\/iskola\/wp-content\/uploads\/sites\/2\/2024\/08\/word-image-1068-4-480x270.jpeg 480w\" sizes=\"(min-width: 0px) and (max-width: 480px) 480px, (min-width: 481px) 560px, 100vw\" \/> Els\u0151k\u00e9nt Kir\u00e1lyhalomra \u00e9rkezett a csoportunk, ahol a Pet\u0151fi S\u00e1ndor \u00c1ltal\u00e1nos Iskola di\u00e1kjaival \u00e9s igazgat\u00f3j\u00e1val tal\u00e1lkoztunk. Megismerkedt\u00fcnk az iskola oktat\u00e1si rendszer\u00e9vel. Megtudhattuk, hogy az ott tanul\u00f3 di\u00e1kok magyar iskol\u00e1ba j\u00e1rnak. Els\u0151 oszt\u00e1lyt\u00f3l kezdve tanulnak n\u00e9met\u00fcl, majd fels\u0151ben angolul \u00e9s szerb\u00fcl is. Rendszeresen r\u00e9szt vesznek az iskola \u00e9s a telep\u00fcl\u00e9s \u00e9let\u00e9ben, nagyon b\u00fcszk\u00e9k magyars\u00e1gukra, \u00e9s \u0151rzik hagyom\u00e1nyaikat.<\/p>\n<p><img loading=\"lazy\" decoding=\"async\" width=\"495\" height=\"278\" class=\"wp-image-1073\" src=\"https:\/\/www.szentistvanajka.hu\/iskola\/wp-content\/uploads\/sites\/2\/2024\/08\/word-image-1068-5.jpeg\" srcset=\"https:\/\/www.szentistvanajka.hu\/iskola\/wp-content\/uploads\/sites\/2\/2024\/08\/word-image-1068-5.jpeg 495w, https:\/\/www.szentistvanajka.hu\/iskola\/wp-content\/uploads\/sites\/2\/2024\/08\/word-image-1068-5-480x270.jpeg 480w\" sizes=\"(min-width: 0px) and (max-width: 480px) 480px, (min-width: 481px) 495px, 100vw\" \/> Innen utunk a d\u00e9lvid\u00e9k egyik nagyv\u00e1ros\u00e1ba, Szabadk\u00e1ra vezetett. Szabadka belv\u00e1ros\u00e1ban egy nagy s\u00e9t\u00e1t tett\u00fcnk, k\u00f6zben megtekintett\u00fck a magyar szecesszi\u00f3s v\u00e1rosh\u00e1z\u00e1t, amelynek vitr\u00e1zsair\u00f3l a nemzet nagyjai \u00e9s kir\u00e1lyaink tekintettek vissza r\u00e1nk. Majd k\u00f6rbej\u00e1rtuk a z\u00f6ld \u00e9s a k\u00e9k sz\u00f6k\u0151kutat, a Szenth\u00e1roms\u00e1g szobrot, a Kaszin\u00f3 \u00e9p\u00fclet\u00e9t, a N\u00e9psz\u00ednh\u00e1zat. Ezt k\u00f6vet\u0151en v\u00e9gigs\u00e9t\u00e1ltunk a Korz\u00f3n, \u00edgy l\u00e1thattuk a kapt\u00e1ros h\u00e1zat \u00e9s a Raichle-palot\u00e1t. A fel\u00faj\u00edtott zsinag\u00f3ga igazi \u00e1mulatba ejtette a di\u00e1kokat.<\/p>\n<p><img loading=\"lazy\" decoding=\"async\" width=\"446\" height=\"251\" class=\"wp-image-1074\" src=\"https:\/\/www.szentistvanajka.hu\/iskola\/wp-content\/uploads\/sites\/2\/2024\/08\/word-image-1068-6.jpeg\" srcset=\"https:\/\/www.szentistvanajka.hu\/iskola\/wp-content\/uploads\/sites\/2\/2024\/08\/word-image-1068-6.jpeg 446w, https:\/\/www.szentistvanajka.hu\/iskola\/wp-content\/uploads\/sites\/2\/2024\/08\/word-image-1068-6-300x169.jpeg 300w\" sizes=\"(max-width: 446px) 100vw, 446px\" \/><\/p>\n<p>A zsinag\u00f3ga megl\u00e1togat\u00e1sa ut\u00e1n felkerest\u00fck Kosztol\u00e1nyi Dezs\u0151 szobr\u00e1t, ahol B\u00e1rdosi Emma egy verssel eml\u00e9kezett meg a k\u00f6lt\u0151r\u0151l. Tov\u00e1bb folytatva a s\u00e9t\u00e1t, eljutottunk M\u00e1ty\u00e1s kir\u00e1ly szobr\u00e1ig, ahol Horny\u00e1k Emma az iskola di\u00e1kjainak nev\u00e9ben elhelyezte az eml\u00e9kez\u00e9s koszor\u00faj\u00e1t.<\/p>\n<p><img loading=\"lazy\" decoding=\"async\" width=\"458\" height=\"258\" class=\"wp-image-1075\" src=\"https:\/\/www.szentistvanajka.hu\/iskola\/wp-content\/uploads\/sites\/2\/2024\/08\/word-image-1068-7.jpeg\" srcset=\"https:\/\/www.szentistvanajka.hu\/iskola\/wp-content\/uploads\/sites\/2\/2024\/08\/word-image-1068-7.jpeg 458w, https:\/\/www.szentistvanajka.hu\/iskola\/wp-content\/uploads\/sites\/2\/2024\/08\/word-image-1068-7-300x169.jpeg 300w\" sizes=\"(max-width: 458px) 100vw, 458px\" \/> A v\u00e1rossal val\u00f3 ismerked\u00e9s ut\u00e1n aut\u00f3buszra sz\u00e1lltunk, \u00e9s Palics v\u00e1ros\u00e1ig utaztunk. A t\u00f3 partj\u00e1n s\u00e9t\u00e1lva megtudhattuk, hogy a k\u00f6rny\u00e9ket M\u00e1ty\u00e1s kir\u00e1ly \u00fagy megszerette, hogy szeretett \u00e9desanyj\u00e1nak adta aj\u00e1nd\u00e9kba. Hallottunk a palicsi f\u00fcrd\u0151 viz\u00e9nek gy\u00f3gy\u00edt\u00f3 hat\u00e1s\u00e1r\u00f3l, a v\u00edkendh\u00e1zak \u00e9p\u00edt\u00e9s\u00e9nek t\u00f6rt\u00e9net\u00e9r\u0151l.<\/p>\n<p><img loading=\"lazy\" decoding=\"async\" width=\"382\" height=\"215\" class=\"wp-image-1076\" src=\"https:\/\/www.szentistvanajka.hu\/iskola\/wp-content\/uploads\/sites\/2\/2024\/08\/word-image-1068-8.jpeg\" srcset=\"https:\/\/www.szentistvanajka.hu\/iskola\/wp-content\/uploads\/sites\/2\/2024\/08\/word-image-1068-8.jpeg 382w, https:\/\/www.szentistvanajka.hu\/iskola\/wp-content\/uploads\/sites\/2\/2024\/08\/word-image-1068-8-300x169.jpeg 300w\" sizes=\"(max-width: 382px) 100vw, 382px\" \/><\/p>\n<p>A nap z\u00e1r\u00e1sak\u00e9nt m\u00e1r nagyon v\u00e1rtuk a Kishegyesen tal\u00e1lhat\u00f3 K\u00e1tai tanya nyugalmat sug\u00e1rz\u00f3 k\u00e9nyelmes szob\u00e1inak elfoglal\u00e1s\u00e1t \u00e9s a d\u00e9lvid\u00e9ki \u00edzeket ny\u00fajt\u00f3 vacsor\u00e1t.<\/p>\n<p><img decoding=\"async\" class=\"wp-image-1077\" src=\"https:\/\/www.szentistvanajka.hu\/iskola\/wp-content\/uploads\/sites\/2\/2024\/08\/word-image-1068-9.jpeg\" \/> M\u00e1snap a p\u00e9terv\u00e1radi er\u0151d\u00edtm\u00e9ny megl\u00e1togat\u00e1s\u00e1val kezd\u0151d\u00f6tt programunk. A Petur b\u00e1nr\u00f3l elnevezett v\u00e1ros er\u0151dje az egykori t\u00f6rt\u00e9nelmi Magyarorsz\u00e1g m\u00e1sodik legnagyobb er\u0151d\u00edtm\u00e9nye volt, ahol R\u00f3zsa S\u00e1ndor is raboskodott. A v\u00e1rosban megtekintett\u00fck Jellasics sz\u00fcl\u0151h\u00e1z\u00e1t, majd felkapaszkodtunk a Tarcal lank\u00e1ira, megn\u00e9zt\u00fck a ford\u00edtott, vagy ahogyan a helyiek nevezik a r\u00e9szeg \u00f3r\u00e1t. Megtudhattuk, hogy az \u00f3ra humoros elnevez\u00e9se onnan ered, hogy az id\u0151j\u00e1r\u00e1s f\u00fcggv\u00e9ny\u00e9ben mindig k\u00e9sik vagy siet.<\/p>\n<p><img loading=\"lazy\" decoding=\"async\" width=\"441\" height=\"248\" class=\"wp-image-1078\" src=\"https:\/\/www.szentistvanajka.hu\/iskola\/wp-content\/uploads\/sites\/2\/2024\/08\/word-image-1068-10.jpeg\" srcset=\"https:\/\/www.szentistvanajka.hu\/iskola\/wp-content\/uploads\/sites\/2\/2024\/08\/word-image-1068-10.jpeg 441w, https:\/\/www.szentistvanajka.hu\/iskola\/wp-content\/uploads\/sites\/2\/2024\/08\/word-image-1068-10-300x169.jpeg 300w\" sizes=\"(max-width: 441px) 100vw, 441px\" \/> V\u00e9gig ment\u00fcnk a f\u00f6ldalatti er\u0151drendszeren, melyet a t\u00f6r\u00f6k janics\u00e1rok megt\u00e9veszt\u00e9s\u00e9re t\u00f6bbszintesre terveztek \u00e9s \u00e1stak ki el\u0151deink. A j\u00e1ratrendszer kialak\u00edt\u00e1sa lehet\u0151v\u00e9 tette a v\u00e1rv\u00e9d\u0151k sz\u00e1m\u00e1ra, hogy ak\u00e1r t\u00f6bb h\u00f3napot is el tudjanak t\u00f6lteni benne.<\/p>\n<p><img loading=\"lazy\" decoding=\"async\" width=\"440\" height=\"248\" class=\"wp-image-1079\" src=\"https:\/\/www.szentistvanajka.hu\/iskola\/wp-content\/uploads\/sites\/2\/2024\/08\/word-image-1068-11.jpeg\" srcset=\"https:\/\/www.szentistvanajka.hu\/iskola\/wp-content\/uploads\/sites\/2\/2024\/08\/word-image-1068-11.jpeg 440w, https:\/\/www.szentistvanajka.hu\/iskola\/wp-content\/uploads\/sites\/2\/2024\/08\/word-image-1068-11-300x169.jpeg 300w\" sizes=\"(max-width: 440px) 100vw, 440px\" \/> Innen \u00fatunk a Szer\u00e9ms\u00e9gbe, Zal\u00e1nkem\u00e9nre vezetett, ahol haj\u00f3ra sz\u00e1lltunk, \u00e9s a Duna viz\u00e9n leereszkedt\u00fcnk eg\u00e9szen a Tisza \u00e9s a Duna torkolat\u00e1ig. A haj\u00f3z\u00e1st Dus\u00e1n b\u00e1csi andal\u00edt\u00f3an hat\u00f3 zen\u00e9i tett\u00e9k m\u00e9g eml\u00e9kezetesebb\u00e9.<\/p>\n<p>A kellemes hangulat\u00fa v\u00edzi utat k\u00f6vet\u0151en ism\u00e9telten buszra sz\u00e1lltunk, hogy megismerkedhess\u00fcnk N\u00e1ndorfeh\u00e9rv\u00e1rral.<\/p>\n<p><img loading=\"lazy\" decoding=\"async\" width=\"506\" height=\"285\" class=\"wp-image-1080\" src=\"https:\/\/www.szentistvanajka.hu\/iskola\/wp-content\/uploads\/sites\/2\/2024\/08\/word-image-1068-12.jpeg\" srcset=\"https:\/\/www.szentistvanajka.hu\/iskola\/wp-content\/uploads\/sites\/2\/2024\/08\/word-image-1068-12.jpeg 506w, https:\/\/www.szentistvanajka.hu\/iskola\/wp-content\/uploads\/sites\/2\/2024\/08\/word-image-1068-12-480x270.jpeg 480w\" sizes=\"(min-width: 0px) and (max-width: 480px) 480px, (min-width: 481px) 506px, 100vw\" \/> Itt kellemes s\u00e9t\u00e1t tett\u00fcnk a Kalemegd\u00e1n parkban, ahol magyarokhoz k\u00f6t\u0151d\u0151 szobrokat is l\u00e1thattunk. Majd h\u00e1rom v\u00e1rkapun haladtak kereszt\u00fcl, hogy v\u00e9g\u00fcl meg\u00e9rkezhess\u00fcnk N\u00e1ndorfeh\u00e9rv\u00e1r v\u00e1r\u00e1ba. A v\u00e1rb\u00f3l nagyon sz\u00e9p kil\u00e1t\u00e1s t\u00e1rult a Duna \u00e9s a Sz\u00e1va \u00f6sszefoly\u00e1s\u00e1ra. Felkerest\u00fck a n\u00e1ndorfeh\u00e9rv\u00e1ri diadalnak eml\u00e9ket \u00e1ll\u00edt\u00f3 helyet, ahol koszor\u00faval \u00e9s f\u0151hajt\u00e1ssal eml\u00e9kezt\u00fcnk meg a h\u0151s\u00f6kr\u0151l. A csoport nev\u00e9ben T\u00f3th Vikt\u00f3ria helyezte el a koszor\u00fat az eml\u00e9km\u0171v\u00f6n.<\/p>\n<p><img loading=\"lazy\" decoding=\"async\" width=\"387\" height=\"218\" class=\"wp-image-1081\" src=\"https:\/\/www.szentistvanajka.hu\/iskola\/wp-content\/uploads\/sites\/2\/2024\/08\/word-image-1068-13.jpeg\" srcset=\"https:\/\/www.szentistvanajka.hu\/iskola\/wp-content\/uploads\/sites\/2\/2024\/08\/word-image-1068-13.jpeg 387w, https:\/\/www.szentistvanajka.hu\/iskola\/wp-content\/uploads\/sites\/2\/2024\/08\/word-image-1068-13-300x169.jpeg 300w\" sizes=\"(max-width: 387px) 100vw, 387px\" \/> Nagy sikere volt a szolg\u00e1latos lovas rend\u0151r\u00f6knek, aki m\u00e9g azt is meg engedt\u00e9k, hogy a di\u00e1kok a lovaik simogat\u00e1s\u00e1val \u00e9s cukork\u00e1val val\u00f3 etet\u00e9s\u00e9vel is elt\u00f6lthessenek egy kis id\u0151t.<\/p>\n<p><img loading=\"lazy\" decoding=\"async\" width=\"395\" height=\"222\" class=\"wp-image-1082\" src=\"https:\/\/www.szentistvanajka.hu\/iskola\/wp-content\/uploads\/sites\/2\/2024\/08\/word-image-1068-14.jpeg\" srcset=\"https:\/\/www.szentistvanajka.hu\/iskola\/wp-content\/uploads\/sites\/2\/2024\/08\/word-image-1068-14.jpeg 395w, https:\/\/www.szentistvanajka.hu\/iskola\/wp-content\/uploads\/sites\/2\/2024\/08\/word-image-1068-14-300x169.jpeg 300w\" sizes=\"(max-width: 395px) 100vw, 395px\" \/><\/p>\n<p>A nap z\u00e1r\u00e1sak\u00e9nt sz\u00e1ll\u00e1sunkon elfogyasztottuk vacsor\u00e1nkat, majd j\u00f3t besz\u00e9lgett\u00fcnk \u00e9s nyugov\u00f3ra t\u00e9rt\u00fcnk.<\/p>\n<p><img loading=\"lazy\" decoding=\"async\" width=\"352\" height=\"198\" class=\"wp-image-1083\" src=\"https:\/\/www.szentistvanajka.hu\/iskola\/wp-content\/uploads\/sites\/2\/2024\/08\/word-image-1068-15.jpeg\" srcset=\"https:\/\/www.szentistvanajka.hu\/iskola\/wp-content\/uploads\/sites\/2\/2024\/08\/word-image-1068-15.jpeg 352w, https:\/\/www.szentistvanajka.hu\/iskola\/wp-content\/uploads\/sites\/2\/2024\/08\/word-image-1068-15-300x169.jpeg 300w\" sizes=\"(max-width: 352px) 100vw, 352px\" \/> <img loading=\"lazy\" decoding=\"async\" width=\"417\" height=\"235\" class=\"wp-image-1085\" src=\"https:\/\/www.szentistvanajka.hu\/iskola\/wp-content\/uploads\/sites\/2\/2024\/08\/word-image-1068-16.jpeg\" srcset=\"https:\/\/www.szentistvanajka.hu\/iskola\/wp-content\/uploads\/sites\/2\/2024\/08\/word-image-1068-16.jpeg 417w, https:\/\/www.szentistvanajka.hu\/iskola\/wp-content\/uploads\/sites\/2\/2024\/08\/word-image-1068-16-300x169.jpeg 300w\" sizes=\"(max-width: 417px) 100vw, 417px\" \/> A harmadik nap reggel\u00e9n elk\u00f6sz\u00f6nt\u00fcnk sz\u00e1ll\u00e1sad\u00f3inkt\u00f3l, \u00e9s \u00d3becs\u00e9re utaztunk.<\/p>\n<p>Els\u0151k\u00e9nt a Than fiv\u00e9rek eml\u00e9k\u00e9re l\u00e9trehozott interakt\u00edv parkba l\u00e1togattunk, ahol sok tudom\u00e1nyos eszk\u00f6zt ki is pr\u00f3b\u00e1lhattunk.<\/p>\n<p><img loading=\"lazy\" decoding=\"async\" width=\"404\" height=\"227\" class=\"wp-image-1086\" src=\"https:\/\/www.szentistvanajka.hu\/iskola\/wp-content\/uploads\/sites\/2\/2024\/08\/word-image-1068-17.jpeg\" srcset=\"https:\/\/www.szentistvanajka.hu\/iskola\/wp-content\/uploads\/sites\/2\/2024\/08\/word-image-1068-17.jpeg 404w, https:\/\/www.szentistvanajka.hu\/iskola\/wp-content\/uploads\/sites\/2\/2024\/08\/word-image-1068-17-300x169.jpeg 300w\" sizes=\"(max-width: 404px) 100vw, 404px\" \/> A j\u00e1t\u00e9kos \u00e9lm\u00e9nyt k\u00f6vet\u0151en a T\u00fcrr Istv\u00e1n &#8211; zsiliphez ment\u00fcnk. A mai napig ez az egyetlen olyan mesters\u00e9ges v\u00edzfoly\u00e1s, ami \u00f6sszek\u00f6ti a Dun\u00e1t a Tisz\u00e1val. A csatorn\u00e1nak van egy k\u00e9s\u0151bb \u00e9p\u00fclt, kisebb \u00e1ga, a T\u00fcrr Istv\u00e1n tervei \u00e1ltal \u00e9p\u00edtett t\u00e1pcsatorn\u00e1ja, mely \u00fagymond rendbe t\u00e9tele volt a \u201ccs\u00e1sz\u00e1r csatorn\u00e1j\u00e1nak\u201d. Ez ut\u00f3bbit h\u00edvj\u00e1k Ferenc J\u00f3zsef &#8211; csatorn\u00e1nak.<\/p>\n<p><img loading=\"lazy\" decoding=\"async\" width=\"485\" height=\"272\" class=\"wp-image-1087\" src=\"https:\/\/www.szentistvanajka.hu\/iskola\/wp-content\/uploads\/sites\/2\/2024\/08\/word-image-1068-18.jpeg\" srcset=\"https:\/\/www.szentistvanajka.hu\/iskola\/wp-content\/uploads\/sites\/2\/2024\/08\/word-image-1068-18.jpeg 485w, https:\/\/www.szentistvanajka.hu\/iskola\/wp-content\/uploads\/sites\/2\/2024\/08\/word-image-1068-18-480x269.jpeg 480w\" sizes=\"(min-width: 0px) and (max-width: 480px) 480px, (min-width: 481px) 485px, 100vw\" \/> Hat\u00e1rtalanul programunk z\u00e1r\u00e1s\u00e1ra Zent\u00e1n ker\u00fclt sor. L\u00e1togat\u00e1st tett\u00fcnk a v\u00e1rosh\u00e1z\u00e1n, amelynek torny\u00e1ban megn\u00e9zhett\u00fcnk egy ki\u00e1ll\u00edt\u00e1st a zentai csat\u00e1r\u00f3l, valamint a torony kupol\u00e1j\u00e1b\u00f3l r\u00e1tekinthett\u00fcnk a v\u00e1rosra \u00e9s vid\u00e9k\u00e9re. Aki nyitott szemmel n\u00e9zett k\u00f6rbe, az a t\u00e1volban felfedezhette m\u00e9g Szeged v\u00e1ros\u00e1t is.<\/p>\n<p><img loading=\"lazy\" decoding=\"async\" width=\"440\" height=\"248\" class=\"wp-image-1088\" src=\"https:\/\/www.szentistvanajka.hu\/iskola\/wp-content\/uploads\/sites\/2\/2024\/08\/word-image-1068-19.jpeg\" srcset=\"https:\/\/www.szentistvanajka.hu\/iskola\/wp-content\/uploads\/sites\/2\/2024\/08\/word-image-1068-19.jpeg 440w, https:\/\/www.szentistvanajka.hu\/iskola\/wp-content\/uploads\/sites\/2\/2024\/08\/word-image-1068-19-300x169.jpeg 300w\" sizes=\"(max-width: 440px) 100vw, 440px\" \/> A k\u00e9s\u0151 d\u00e9lut\u00e1ni \u00f3r\u00e1kban \u00e9rkezt\u00fcnk a hat\u00e1r\u00e1tkel\u00e9shez, ahol p\u00e1r\u00f3r\u00e1nyi v\u00e1rakoz\u00e1st k\u00f6vet\u0151en ism\u00e9t \u201ehazai\u201d f\u00f6ldre \u00e9rkezt\u00fcnk<\/p>\n<p>Kiss\u00e9 elf\u00e1radva a k\u00e9s\u0151 esti \u00f3r\u00e1kban \u00e9rkezt\u00fcnk meg iskol\u00e1nkhoz, ahol sz\u00fcl\u0151k m\u00e1r v\u00e1rt\u00e1k gyermekeiket.<\/p>\n<p><img loading=\"lazy\" decoding=\"async\" width=\"497\" height=\"280\" class=\"wp-image-1089\" src=\"https:\/\/www.szentistvanajka.hu\/iskola\/wp-content\/uploads\/sites\/2\/2024\/08\/word-image-1068-20.jpeg\" srcset=\"https:\/\/www.szentistvanajka.hu\/iskola\/wp-content\/uploads\/sites\/2\/2024\/08\/word-image-1068-20.jpeg 497w, https:\/\/www.szentistvanajka.hu\/iskola\/wp-content\/uploads\/sites\/2\/2024\/08\/word-image-1068-20-480x270.jpeg 480w\" sizes=\"(min-width: 0px) and (max-width: 480px) 480px, (min-width: 481px) 497px, 100vw\" \/> Fantasztikus \u00e9s tal\u00e1n \u00e9letre sz\u00f3l\u00f3 \u00e9lm\u00e9nyekkel lett\u00fcnk gazdagabbak. Mindannyian rem\u00e9nyked\u00fcnk abban, hogy egyszer majd visszat\u00e9rhet\u00fcnk \u201enagy Magyarorsz\u00e1gnak\u2019 e csod\u00e1latos vid\u00e9k\u00e9re.<\/p>\n<p>A di\u00e1kokat az utaz\u00e1sra Reitter Istv\u00e1n \u00e9s B\u00f3day M\u00f3nika oszt\u00e1lyf\u0151n\u00f6k\u00f6k, valamint Aranyos Judit \u00e9s B\u00f3dain\u00e9 Tahin Ildik\u00f3 pedag\u00f3gusok k\u00eds\u00e9rt\u00e9k el.<\/p>\n<p>Az \u00fat a Bethlen G\u00e1bor Alap\u00edtv\u00e1ny t\u00e1mogat\u00e1s\u00e1val val\u00f3sulhatott meg.<\/p>\n<p><img loading=\"lazy\" decoding=\"async\" width=\"256\" height=\"237\" class=\"wp-image-1090\" src=\"https:\/\/www.szentistvanajka.hu\/iskola\/wp-content\/uploads\/sites\/2\/2024\/08\/word-image-1068-21.png\" \/> <img loading=\"lazy\" decoding=\"async\" width=\"214\" height=\"135\" class=\"wp-image-1091\" src=\"https:\/\/www.szentistvanajka.hu\/iskola\/wp-content\/uploads\/sites\/2\/2024\/08\/word-image-1068-22.png\" \/><\/p>\n<p>&nbsp;<\/p>\n","protected":false},"excerpt":{"rendered":"<p>Az ajkai Szent Istv\u00e1n Kir\u00e1ly R\u00f3mai Katolikus \u00c1ltal\u00e1nos Iskola \u00e9s \u00d3voda 7. \u00e9vfolyam\u00e1n tanul\u00f3 di\u00e1kok l\u00e1togattak el a Hat\u00e1rtalanul p\u00e1ly\u00e1zati program keret\u00e9ben a \u201eD\u00e9li harangsz\u00f3 nyom\u00e1ban\u201d a Vajdas\u00e1gba. A h\u00e1romnapos kir\u00e1ndul\u00e1s nem \u00edg\u00e9rkezett k\u00f6nny\u0171 programnak, azonban a sok-sok l\u00e1tnival\u00f3 \u00e9s a magyar vonatkoz\u00e1s\u00fa t\u00e1jegys\u00e9gek, telep\u00fcl\u00e9sek megismer\u00e9se mindenkit \u00f6r\u00f6mmel t\u00f6lt\u00f6tt el. Els\u0151k\u00e9nt Kir\u00e1lyhalomra \u00e9rkezett a csoportunk, [&hellip;]<\/p>\n","protected":false},"author":1,"featured_media":1084,"comment_status":"closed","ping_status":"closed","sticky":false,"template":"","format":"standard","meta":{"_et_pb_use_builder":"","_et_pb_old_content":"","_et_gb_content_width":"","footnotes":""},"categories":[1],"tags":[],"_links":{"self":[{"href":"https:\/\/www.szentistvanajka.hu\/iskola\/wp-json\/wp\/v2\/posts\/1068"}],"collection":[{"href":"https:\/\/www.szentistvanajka.hu\/iskola\/wp-json\/wp\/v2\/posts"}],"about":[{"href":"https:\/\/www.szentistvanajka.hu\/iskola\/wp-json\/wp\/v2\/types\/post"}],"author":[{"embeddable":true,"href":"https:\/\/www.szentistvanajka.hu\/iskola\/wp-json\/wp\/v2\/users\/1"}],"replies":[{"embeddable":true,"href":"https:\/\/www.szentistvanajka.hu\/iskola\/wp-json\/wp\/v2\/comments?post=1068"}],"version-history":[{"count":2,"href":"https:\/\/www.szentistvanajka.hu\/iskola\/wp-json\/wp\/v2\/posts\/1068\/revisions"}],"predecessor-version":[{"id":1093,"href":"https:\/\/www.szentistvanajka.hu\/iskola\/wp-json\/wp\/v2\/posts\/1068\/revisions\/1093"}],"wp:featuredmedia":[{"embeddable":true,"href":"https:\/\/www.szentistvanajka.hu\/iskola\/wp-json\/wp\/v2\/media\/1084"}],"wp:attachment":[{"href":"https:\/\/www.szentistvanajka.hu\/iskola\/wp-json\/wp\/v2\/media?parent=1068"}],"wp:term":[{"taxonomy":"category","embeddable":true,"href":"https:\/\/www.szentistvanajka.hu\/iskola\/wp-json\/wp\/v2\/categories?post=1068"},{"taxonomy":"post_tag","embeddable":true,"href":"https:\/\/www.szentistvanajka.hu\/iskola\/wp-json\/wp\/v2\/tags?post=1068"}],"curies":[{"name":"wp","href":"https:\/\/api.w.org\/{rel}","templated":true}]}}