{"id":1029,"date":"2024-06-21T11:47:47","date_gmt":"2024-06-21T09:47:47","guid":{"rendered":"https:\/\/www.szentistvanajka.hu\/iskola\/?p=1029"},"modified":"2024-06-25T11:50:55","modified_gmt":"2024-06-25T09:50:55","slug":"magyarorszag-jo-tanuloja-jo-sportoloja","status":"publish","type":"post","link":"https:\/\/www.szentistvanajka.hu\/iskola\/2024\/06\/21\/magyarorszag-jo-tanuloja-jo-sportoloja\/","title":{"rendered":"Magyarorsz\u00e1g j\u00f3 tanul\u00f3ja, j\u00f3 sportol\u00f3ja"},"content":{"rendered":"<p>A Szent Istv\u00e1n Kir\u00e1ly R\u00f3mai Katolikus \u00c1ltal\u00e1nos Iskola \u00e9s \u00d3voda di\u00e1kjai k\u00f6z\u00fcl id\u00e9n ketten r\u00e9szes\u00fcltek a Magyarorsz\u00e1g<br \/>\nj\u00f3 tanul\u00f3ja, j\u00f3 sportol\u00f3ja elismer\u00e9sben: Ill\u00e9s Vikt\u00f3ria 8.a \u00e9s Menczel Kata 8.b oszt\u00e1lyos tanul\u00f3k.<br \/>\nA 2022\/2023-as tan\u00e9vben Viki \u00fasz\u00e1s sport\u00e1gban ny\u00fajtott kimagasl\u00f3 teljes\u00edtm\u00e9nyt, Kata pedig \u00edj\u00e1szatban jeleskedett.<br \/>\nMindk\u00e9t di\u00e1kunknak sz\u00edvb\u0151l gratul\u00e1lunk, \u00e9s tov\u00e1bbi sok sikert k\u00edv\u00e1nunk v\u00e1lasztott \u00e9s szeretett sport\u00e1gukban!<\/p>\n<p><img loading=\"lazy\" decoding=\"async\" class=\"alignnone size-full wp-image-1030\" src=\"https:\/\/www.szentistvanajka.hu\/iskola\/wp-content\/uploads\/sites\/2\/2024\/06\/202406-jo-tanulo-jo-sportolo-menczel-2.png\" alt=\"\" width=\"560\" height=\"814\" srcset=\"https:\/\/www.szentistvanajka.hu\/iskola\/wp-content\/uploads\/sites\/2\/2024\/06\/202406-jo-tanulo-jo-sportolo-menczel-2.png 560w, https:\/\/www.szentistvanajka.hu\/iskola\/wp-content\/uploads\/sites\/2\/2024\/06\/202406-jo-tanulo-jo-sportolo-menczel-2-480x698.png 480w\" sizes=\"(min-width: 0px) and (max-width: 480px) 480px, (min-width: 481px) 560px, 100vw\" \/> <img loading=\"lazy\" decoding=\"async\" class=\"alignnone  wp-image-1031\" src=\"https:\/\/www.szentistvanajka.hu\/iskola\/wp-content\/uploads\/sites\/2\/2024\/06\/202406-jo-tanulo-jo-sportolo-illes.png\" alt=\"\" width=\"542\" height=\"811\" srcset=\"https:\/\/www.szentistvanajka.hu\/iskola\/wp-content\/uploads\/sites\/2\/2024\/06\/202406-jo-tanulo-jo-sportolo-illes.png 542w, https:\/\/www.szentistvanajka.hu\/iskola\/wp-content\/uploads\/sites\/2\/2024\/06\/202406-jo-tanulo-jo-sportolo-illes-480x719.png 480w\" sizes=\"(min-width: 0px) and (max-width: 480px) 480px, (min-width: 481px) 542px, 100vw\" \/><\/p>\n<p>&nbsp;<\/p>\n","protected":false},"excerpt":{"rendered":"<p>A Szent Istv\u00e1n Kir\u00e1ly R\u00f3mai Katolikus \u00c1ltal\u00e1nos Iskola \u00e9s \u00d3voda di\u00e1kjai k\u00f6z\u00fcl id\u00e9n ketten r\u00e9szes\u00fcltek a Magyarorsz\u00e1g j\u00f3 tanul\u00f3ja, j\u00f3 sportol\u00f3ja elismer\u00e9sben: Ill\u00e9s Vikt\u00f3ria 8.a \u00e9s Menczel Kata 8.b oszt\u00e1lyos tanul\u00f3k. A 2022\/2023-as tan\u00e9vben Viki \u00fasz\u00e1s sport\u00e1gban ny\u00fajtott kimagasl\u00f3 teljes\u00edtm\u00e9nyt, Kata pedig \u00edj\u00e1szatban jeleskedett. Mindk\u00e9t di\u00e1kunknak sz\u00edvb\u0151l gratul\u00e1lunk, \u00e9s tov\u00e1bbi sok sikert k\u00edv\u00e1nunk v\u00e1lasztott \u00e9s [&hellip;]<\/p>\n","protected":false},"author":1,"featured_media":0,"comment_status":"closed","ping_status":"closed","sticky":false,"template":"","format":"standard","meta":{"_et_pb_use_builder":"","_et_pb_old_content":"","_et_gb_content_width":"","footnotes":""},"categories":[1],"tags":[],"_links":{"self":[{"href":"https:\/\/www.szentistvanajka.hu\/iskola\/wp-json\/wp\/v2\/posts\/1029"}],"collection":[{"href":"https:\/\/www.szentistvanajka.hu\/iskola\/wp-json\/wp\/v2\/posts"}],"about":[{"href":"https:\/\/www.szentistvanajka.hu\/iskola\/wp-json\/wp\/v2\/types\/post"}],"author":[{"embeddable":true,"href":"https:\/\/www.szentistvanajka.hu\/iskola\/wp-json\/wp\/v2\/users\/1"}],"replies":[{"embeddable":true,"href":"https:\/\/www.szentistvanajka.hu\/iskola\/wp-json\/wp\/v2\/comments?post=1029"}],"version-history":[{"count":1,"href":"https:\/\/www.szentistvanajka.hu\/iskola\/wp-json\/wp\/v2\/posts\/1029\/revisions"}],"predecessor-version":[{"id":1032,"href":"https:\/\/www.szentistvanajka.hu\/iskola\/wp-json\/wp\/v2\/posts\/1029\/revisions\/1032"}],"wp:attachment":[{"href":"https:\/\/www.szentistvanajka.hu\/iskola\/wp-json\/wp\/v2\/media?parent=1029"}],"wp:term":[{"taxonomy":"category","embeddable":true,"href":"https:\/\/www.szentistvanajka.hu\/iskola\/wp-json\/wp\/v2\/categories?post=1029"},{"taxonomy":"post_tag","embeddable":true,"href":"https:\/\/www.szentistvanajka.hu\/iskola\/wp-json\/wp\/v2\/tags?post=1029"}],"curies":[{"name":"wp","href":"https:\/\/api.w.org\/{rel}","templated":true}]}}