{"id":1026,"date":"2024-06-25T11:46:18","date_gmt":"2024-06-25T09:46:18","guid":{"rendered":"https:\/\/www.szentistvanajka.hu\/iskola\/?p=1026"},"modified":"2024-06-25T11:46:18","modified_gmt":"2024-06-25T09:46:18","slug":"szent-istvan-dij","status":"publish","type":"post","link":"https:\/\/www.szentistvanajka.hu\/iskola\/2024\/06\/25\/szent-istvan-dij\/","title":{"rendered":"Szent Istv\u00e1n d\u00edj"},"content":{"rendered":"<p><strong>Int\u00e9zm\u00e9ny\u00fcnk g\u00e1l\u00e1j\u00e1n Szent Istv\u00e1n &#8211; d\u00edjban r\u00e9szes\u00fclt kiv\u00e1l\u00f3 oktat\u00f3 \u2013 nevel\u0151 munk\u00e1j\u00e1\u00e9rt<\/strong><\/p>\n<p><strong>Riedern\u00e9 Fenyvesi Bernadett \u00e9s M\u00e1jusi Zsolt pedag\u00f3gus.<\/strong><\/p>\n<p><img loading=\"lazy\" decoding=\"async\" class=\"alignnone size-large wp-image-1027\" src=\"https:\/\/www.szentistvanajka.hu\/iskola\/wp-content\/uploads\/sites\/2\/2024\/06\/202406-Szent-Istvan-dij-1024x913.jpg\" alt=\"\" width=\"1024\" height=\"913\" srcset=\"https:\/\/www.szentistvanajka.hu\/iskola\/wp-content\/uploads\/sites\/2\/2024\/06\/202406-Szent-Istvan-dij-980x873.jpg 980w, https:\/\/www.szentistvanajka.hu\/iskola\/wp-content\/uploads\/sites\/2\/2024\/06\/202406-Szent-Istvan-dij-480x428.jpg 480w\" sizes=\"(min-width: 0px) and (max-width: 480px) 480px, (min-width: 481px) and (max-width: 980px) 980px, (min-width: 981px) 1024px, 100vw\" \/><\/p>\n","protected":false},"excerpt":{"rendered":"<p>Int\u00e9zm\u00e9ny\u00fcnk g\u00e1l\u00e1j\u00e1n Szent Istv\u00e1n &#8211; d\u00edjban r\u00e9szes\u00fclt kiv\u00e1l\u00f3 oktat\u00f3 \u2013 nevel\u0151 munk\u00e1j\u00e1\u00e9rt Riedern\u00e9 Fenyvesi Bernadett \u00e9s M\u00e1jusi Zsolt pedag\u00f3gus.<\/p>\n","protected":false},"author":1,"featured_media":1027,"comment_status":"closed","ping_status":"closed","sticky":false,"template":"","format":"standard","meta":{"_et_pb_use_builder":"","_et_pb_old_content":"","_et_gb_content_width":"","footnotes":""},"categories":[1],"tags":[],"_links":{"self":[{"href":"https:\/\/www.szentistvanajka.hu\/iskola\/wp-json\/wp\/v2\/posts\/1026"}],"collection":[{"href":"https:\/\/www.szentistvanajka.hu\/iskola\/wp-json\/wp\/v2\/posts"}],"about":[{"href":"https:\/\/www.szentistvanajka.hu\/iskola\/wp-json\/wp\/v2\/types\/post"}],"author":[{"embeddable":true,"href":"https:\/\/www.szentistvanajka.hu\/iskola\/wp-json\/wp\/v2\/users\/1"}],"replies":[{"embeddable":true,"href":"https:\/\/www.szentistvanajka.hu\/iskola\/wp-json\/wp\/v2\/comments?post=1026"}],"version-history":[{"count":1,"href":"https:\/\/www.szentistvanajka.hu\/iskola\/wp-json\/wp\/v2\/posts\/1026\/revisions"}],"predecessor-version":[{"id":1028,"href":"https:\/\/www.szentistvanajka.hu\/iskola\/wp-json\/wp\/v2\/posts\/1026\/revisions\/1028"}],"wp:featuredmedia":[{"embeddable":true,"href":"https:\/\/www.szentistvanajka.hu\/iskola\/wp-json\/wp\/v2\/media\/1027"}],"wp:attachment":[{"href":"https:\/\/www.szentistvanajka.hu\/iskola\/wp-json\/wp\/v2\/media?parent=1026"}],"wp:term":[{"taxonomy":"category","embeddable":true,"href":"https:\/\/www.szentistvanajka.hu\/iskola\/wp-json\/wp\/v2\/categories?post=1026"},{"taxonomy":"post_tag","embeddable":true,"href":"https:\/\/www.szentistvanajka.hu\/iskola\/wp-json\/wp\/v2\/tags?post=1026"}],"curies":[{"name":"wp","href":"https:\/\/api.w.org\/{rel}","templated":true}]}}