{"id":1016,"date":"2024-05-13T10:56:17","date_gmt":"2024-05-13T08:56:17","guid":{"rendered":"https:\/\/www.szentistvanajka.hu\/iskola\/?p=1016"},"modified":"2024-06-03T10:58:58","modified_gmt":"2024-06-03T08:58:58","slug":"gizella-nap","status":"publish","type":"post","link":"https:\/\/www.szentistvanajka.hu\/iskola\/2024\/05\/13\/gizella-nap\/","title":{"rendered":"Gizella nap"},"content":{"rendered":"<h3>Veszpr\u00e9mben j\u00e1rtunk a Gizella- napok rendezv\u00e9nyein<\/h3>\n<p>A Szent Istv\u00e1n Kir\u00e1ly R\u00f3mai Katolikus \u00c1ltal\u00e1nos Iskola \u00e9s \u00d3voda pedag\u00f3gusainak \u00e9s tanul\u00f3inak n\u00e9pes k\u00fcld\u00f6tts\u00e9ge l\u00e1togatott a Veszpr\u00e9mi F\u0151egyh\u00e1zmegye \u00e1ltal szervezett Gizella- napi rendezv\u00e9nyeire m\u00e1jus 11-\u00e9n, szombaton.<\/p>\n<p>A regisztr\u00e1ci\u00f3t k\u00f6vet\u0151en zar\u00e1ndokcsomagjaink felv\u00e9tel\u00e9vel a Szenth\u00e1roms\u00e1g t\u00e9rre vonultunk.<\/p>\n<p>Felemel\u0151, k\u00fcl\u00f6nleges \u00e9lm\u00e9nyt ny\u00fajtott a Mendelson kamarazenekar \u00e9s az egyh\u00e1zmegy\u00e9b\u0151l \u00e9rkez\u0151 k\u00f3rusok zenei szolg\u00e1lat\u00e1val k\u00eds\u00e9rt szabadt\u00e9ri szentmise.<\/p>\n<p>A zar\u00e1ndokeb\u00e9d\u00fcnk elfogyaszt\u00e1sa ut\u00e1n bekapcsol\u00f3dtunk a di\u00e1kok sz\u00e1m\u00e1ra szervezett programokba. A legsz\u00f3rakoztat\u00f3bb a \u201etr\u00fckk\u00f6s biciklik\u201d kipr\u00f3b\u00e1l\u00e1sa volt, de j\u00e1rtunk az \u00c9rseki Palot\u00e1ban is.<\/p>\n<p>D\u00e9lut\u00e1n jutott id\u0151 fagyiz\u00e1sra is.<\/p>\n<p>A fagyiz\u00e1s ut\u00e1n visszas\u00e9t\u00e1ltunk az \u00d3v\u00e1ros t\u00e9rre, ahol is \u00fcnnep\u00e9lyes d\u00edjkioszt\u00e1s keret\u00e9ben iskol\u00e1nk di\u00e1ks\u00e1g\u00e1b\u00f3l t\u00f6bben is egyh\u00e1zmegyei elismer\u00e9sben r\u00e9szes\u00fcltek, amit F\u0151tisztelend\u0151, excellenci\u00e1s dr. Udvardy Gy\u00f6rgy \u00e9rsek \u00far ny\u00fajtott \u00e1t.<\/p>\n<p>A Veszpr\u00e9mi F\u0151egyh\u00e1zmegye Boldog Gizella \u00fcnnep\u00e9n \u00e9vr\u0151l \u00e9vre Szent Imre \u2013 d\u00edjjal b\u00e1tor\u00edtja \u00e9s jutalmazza az egyh\u00e1zmegye oktat\u00e1si int\u00e9zm\u00e9nyiben tanul\u00f3 azon fiatalokat, akik tan\u00fas\u00e1gt\u00e9v\u0151 hit\u00e9let\u00fckkel, katolikus k\u00f6z\u00f6ss\u00e9geikben val\u00f3 szolg\u00e1latukkal \u00e9s lelkiismeretes tanulm\u00e1nyaikkal p\u00e9lda\u00e9rt\u00e9k\u0171 k\u00f6vetei egyh\u00e1zunk \u00e9s magyar nemzet\u00fcnk j\u00f6v\u0151j\u00e9nek.<\/p>\n<p><strong>Szent Imre &#8211; d\u00edjat Bakos D\u00e1vid,<\/strong><\/p>\n<p><strong>Szent Imre- oklevelet Kiss Eszter, N\u00e9meth Hanna, Menczel Kata \u00e9s L\u00e1szl\u00f3 P\u00e9ter vehettek \u00e1t.<\/strong><\/p>\n<p>Az elismer\u00e9sben r\u00e9szes\u00fclt tanul\u00f3knak sz\u00edvb\u0151l gratul\u00e1lunk!<\/p>\n<p><img loading=\"lazy\" decoding=\"async\" width=\"1386\" height=\"781\" class=\"wp-image-1017\" src=\"https:\/\/www.szentistvanajka.hu\/iskola\/wp-content\/uploads\/sites\/2\/2024\/06\/c-users-igh_gyongyi-downloads-img_20240511_110549.jpeg\" alt=\"C:\\Users\\IGH_Gy\u00f6ngyi\\Downloads\\IMG_20240511_110549.jpg\" srcset=\"https:\/\/www.szentistvanajka.hu\/iskola\/wp-content\/uploads\/sites\/2\/2024\/06\/c-users-igh_gyongyi-downloads-img_20240511_110549.jpeg 1386w, https:\/\/www.szentistvanajka.hu\/iskola\/wp-content\/uploads\/sites\/2\/2024\/06\/c-users-igh_gyongyi-downloads-img_20240511_110549-1280x721.jpeg 1280w, https:\/\/www.szentistvanajka.hu\/iskola\/wp-content\/uploads\/sites\/2\/2024\/06\/c-users-igh_gyongyi-downloads-img_20240511_110549-980x552.jpeg 980w, https:\/\/www.szentistvanajka.hu\/iskola\/wp-content\/uploads\/sites\/2\/2024\/06\/c-users-igh_gyongyi-downloads-img_20240511_110549-480x270.jpeg 480w\" sizes=\"(min-width: 0px) and (max-width: 480px) 480px, (min-width: 481px) and (max-width: 980px) 980px, (min-width: 981px) and (max-width: 1280px) 1280px, (min-width: 1281px) 1386px, 100vw\" \/><\/p>\n<p><img loading=\"lazy\" decoding=\"async\" width=\"1383\" height=\"778\" class=\"wp-image-1018\" src=\"https:\/\/www.szentistvanajka.hu\/iskola\/wp-content\/uploads\/sites\/2\/2024\/06\/c-users-igh_gyongyi-downloads-img_20240511_162938.jpeg\" alt=\"C:\\Users\\IGH_Gy\u00f6ngyi\\Downloads\\IMG_20240511_162938.jpg\" srcset=\"https:\/\/www.szentistvanajka.hu\/iskola\/wp-content\/uploads\/sites\/2\/2024\/06\/c-users-igh_gyongyi-downloads-img_20240511_162938.jpeg 1383w, https:\/\/www.szentistvanajka.hu\/iskola\/wp-content\/uploads\/sites\/2\/2024\/06\/c-users-igh_gyongyi-downloads-img_20240511_162938-1280x720.jpeg 1280w, https:\/\/www.szentistvanajka.hu\/iskola\/wp-content\/uploads\/sites\/2\/2024\/06\/c-users-igh_gyongyi-downloads-img_20240511_162938-980x551.jpeg 980w, https:\/\/www.szentistvanajka.hu\/iskola\/wp-content\/uploads\/sites\/2\/2024\/06\/c-users-igh_gyongyi-downloads-img_20240511_162938-480x270.jpeg 480w\" sizes=\"(min-width: 0px) and (max-width: 480px) 480px, (min-width: 481px) and (max-width: 980px) 980px, (min-width: 981px) and (max-width: 1280px) 1280px, (min-width: 1281px) 1383px, 100vw\" \/><\/p>\n<p><img loading=\"lazy\" decoding=\"async\" width=\"1374\" height=\"773\" class=\"wp-image-1019\" src=\"https:\/\/www.szentistvanajka.hu\/iskola\/wp-content\/uploads\/sites\/2\/2024\/06\/c-users-igh_gyongyi-downloads-dsc01305-jpg.jpeg\" alt=\"C:\\Users\\IGH_Gy\u00f6ngyi\\Downloads\\DSC01305.JPG\" srcset=\"https:\/\/www.szentistvanajka.hu\/iskola\/wp-content\/uploads\/sites\/2\/2024\/06\/c-users-igh_gyongyi-downloads-dsc01305-jpg.jpeg 1374w, https:\/\/www.szentistvanajka.hu\/iskola\/wp-content\/uploads\/sites\/2\/2024\/06\/c-users-igh_gyongyi-downloads-dsc01305-jpg-1280x720.jpeg 1280w, https:\/\/www.szentistvanajka.hu\/iskola\/wp-content\/uploads\/sites\/2\/2024\/06\/c-users-igh_gyongyi-downloads-dsc01305-jpg-980x551.jpeg 980w, https:\/\/www.szentistvanajka.hu\/iskola\/wp-content\/uploads\/sites\/2\/2024\/06\/c-users-igh_gyongyi-downloads-dsc01305-jpg-480x270.jpeg 480w\" sizes=\"(min-width: 0px) and (max-width: 480px) 480px, (min-width: 481px) and (max-width: 980px) 980px, (min-width: 981px) and (max-width: 1280px) 1280px, (min-width: 1281px) 1374px, 100vw\" \/><\/p>\n","protected":false},"excerpt":{"rendered":"<p>Veszpr\u00e9mben j\u00e1rtunk a Gizella- napok rendezv\u00e9nyein A Szent Istv\u00e1n Kir\u00e1ly R\u00f3mai Katolikus \u00c1ltal\u00e1nos Iskola \u00e9s \u00d3voda pedag\u00f3gusainak \u00e9s tanul\u00f3inak n\u00e9pes k\u00fcld\u00f6tts\u00e9ge l\u00e1togatott a Veszpr\u00e9mi F\u0151egyh\u00e1zmegye \u00e1ltal szervezett Gizella- napi rendezv\u00e9nyeire m\u00e1jus 11-\u00e9n, szombaton. A regisztr\u00e1ci\u00f3t k\u00f6vet\u0151en zar\u00e1ndokcsomagjaink felv\u00e9tel\u00e9vel a Szenth\u00e1roms\u00e1g t\u00e9rre vonultunk. Felemel\u0151, k\u00fcl\u00f6nleges \u00e9lm\u00e9nyt ny\u00fajtott a Mendelson kamarazenekar \u00e9s az egyh\u00e1zmegy\u00e9b\u0151l \u00e9rkez\u0151 k\u00f3rusok zenei [&hellip;]<\/p>\n","protected":false},"author":1,"featured_media":1018,"comment_status":"closed","ping_status":"closed","sticky":false,"template":"","format":"standard","meta":{"_et_pb_use_builder":"","_et_pb_old_content":"","_et_gb_content_width":"","footnotes":""},"categories":[1],"tags":[],"_links":{"self":[{"href":"https:\/\/www.szentistvanajka.hu\/iskola\/wp-json\/wp\/v2\/posts\/1016"}],"collection":[{"href":"https:\/\/www.szentistvanajka.hu\/iskola\/wp-json\/wp\/v2\/posts"}],"about":[{"href":"https:\/\/www.szentistvanajka.hu\/iskola\/wp-json\/wp\/v2\/types\/post"}],"author":[{"embeddable":true,"href":"https:\/\/www.szentistvanajka.hu\/iskola\/wp-json\/wp\/v2\/users\/1"}],"replies":[{"embeddable":true,"href":"https:\/\/www.szentistvanajka.hu\/iskola\/wp-json\/wp\/v2\/comments?post=1016"}],"version-history":[{"count":1,"href":"https:\/\/www.szentistvanajka.hu\/iskola\/wp-json\/wp\/v2\/posts\/1016\/revisions"}],"predecessor-version":[{"id":1020,"href":"https:\/\/www.szentistvanajka.hu\/iskola\/wp-json\/wp\/v2\/posts\/1016\/revisions\/1020"}],"wp:featuredmedia":[{"embeddable":true,"href":"https:\/\/www.szentistvanajka.hu\/iskola\/wp-json\/wp\/v2\/media\/1018"}],"wp:attachment":[{"href":"https:\/\/www.szentistvanajka.hu\/iskola\/wp-json\/wp\/v2\/media?parent=1016"}],"wp:term":[{"taxonomy":"category","embeddable":true,"href":"https:\/\/www.szentistvanajka.hu\/iskola\/wp-json\/wp\/v2\/categories?post=1016"},{"taxonomy":"post_tag","embeddable":true,"href":"https:\/\/www.szentistvanajka.hu\/iskola\/wp-json\/wp\/v2\/tags?post=1016"}],"curies":[{"name":"wp","href":"https:\/\/api.w.org\/{rel}","templated":true}]}}