{"id":1003,"date":"2024-05-10T10:53:59","date_gmt":"2024-05-10T08:53:59","guid":{"rendered":"https:\/\/www.szentistvanajka.hu\/iskola\/?p=1003"},"modified":"2024-06-03T10:56:02","modified_gmt":"2024-06-03T08:56:02","slug":"hatartalanul","status":"publish","type":"post","link":"https:\/\/www.szentistvanajka.hu\/iskola\/2024\/05\/10\/hatartalanul\/","title":{"rendered":"Hat\u00e1rtalanul"},"content":{"rendered":"<p>Az ajkai Szent Istv\u00e1n Kir\u00e1ly R\u00f3mai Katolikus \u00c1ltal\u00e1nos Iskola \u00e9s \u00d3voda 7. \u00e9vfolyam\u00e1n tanul\u00f3 di\u00e1kok l\u00e1togattak el a Hat\u00e1rtalanul p\u00e1ly\u00e1zati program keret\u00e9ben a \u201eD\u00e9li harangsz\u00f3 nyom\u00e1ban\u201d a Vajdas\u00e1gba. A h\u00e1romnapos kir\u00e1ndul\u00e1s nem \u00edg\u00e9rkezett k\u00f6nny\u0171 programnak, azonban a sok-sok l\u00e1tnival\u00f3 \u00e9s a magyar vonatkoz\u00e1s\u00fa t\u00e1jegys\u00e9gek, telep\u00fcl\u00e9sek megismer\u00e9se mindenkit \u00f6r\u00f6mmel t\u00f6lt\u00f6tt el.<\/p>\n<p>Els\u0151k\u00e9nt Kir\u00e1lyhalomra \u00e9rkezett a csoport, ahol a Pet\u0151fi S\u00e1ndor \u00c1ltal\u00e1nos Iskola di\u00e1kjaival \u00e9s igazgat\u00f3j\u00e1val tal\u00e1lkoztak. Megismerkedtek az iskola oktat\u00e1si rendszer\u00e9vel. Megtudhatt\u00e1k, hogy az ott tanul\u00f3 di\u00e1kok magyar iskol\u00e1ba j\u00e1rnak. Els\u0151 oszt\u00e1lyt\u00f3l kezdve tanulnak n\u00e9met\u00fcl, majd fels\u0151ben angolul \u00e9s szerb\u00fcl is. Rendszeresen r\u00e9szt vesznek az iskola \u00e9s a telep\u00fcl\u00e9s \u00e9let\u00e9ben, nagyon b\u00fcszk\u00e9k magyars\u00e1gukra, \u00e9s \u0151rzik hagyom\u00e1nyaikat.<\/p>\n<p>Innen utuk a d\u00e9lvid\u00e9k egyik nagyv\u00e1ros\u00e1ba, Szabadk\u00e1ra vezetett. Szabadka belv\u00e1ros\u00e1ban egy nagy s\u00e9t\u00e1t tettek, k\u00f6zben megtekintett\u00e9k a magyar szecesszi\u00f3s v\u00e1rosh\u00e1z\u00e1t, amelynek vitr\u00e1zsair\u00f3l a nemzet nagyjai \u00e9s kir\u00e1lyaink tekintettek vissza r\u00e1juk. Majd k\u00f6rbej\u00e1rt\u00e1k a z\u00f6ld \u00e9s a k\u00e9k sz\u00f6k\u0151kutat, a Szenth\u00e1roms\u00e1g szobrot, a Kaszin\u00f3 \u00e9p\u00fclet\u00e9t, a N\u00e9psz\u00ednh\u00e1zat. Ezt k\u00f6vet\u0151en v\u00e9gigs\u00e9t\u00e1ltak a Korz\u00f3n, \u00edgy l\u00e1thatt\u00e1k a kapt\u00e1ros h\u00e1zat \u00e9s a Raichle-palot\u00e1t. A fel\u00faj\u00edtott zsinag\u00f3ga igazi \u00e1mulatba ejtette a di\u00e1kokat. A zsinag\u00f3ga megl\u00e1togat\u00e1sa ut\u00e1n felkerest\u00e9k Kosztol\u00e1nyi Dezs\u0151 szobr\u00e1t, ahol B\u00e1rdosi Emma egy verssel eml\u00e9kezett meg a k\u00f6lt\u0151r\u0151l. Tov\u00e1bb folytatva a s\u00e9t\u00e1t, eljutottak M\u00e1ty\u00e1s kir\u00e1ly szobr\u00e1ig, ahol Horny\u00e1k Emma az iskola di\u00e1kjainak nev\u00e9ben elhelyezte az eml\u00e9kez\u00e9s koszor\u00faj\u00e1t.<\/p>\n<p>A v\u00e1rossal val\u00f3 ismerked\u00e9s ut\u00e1n aut\u00f3buszra sz\u00e1lltak, \u00e9s Palics v\u00e1ros\u00e1ig utaztak. A t\u00f3 partj\u00e1n s\u00e9t\u00e1lva megtudhatt\u00e1k, hogy a k\u00f6rny\u00e9ket M\u00e1ty\u00e1s kir\u00e1ly \u00fagy megszerette, hogy szeretett \u00e9desanyj\u00e1nak adta aj\u00e1nd\u00e9kba. Hallottak a palicsi f\u00fcrd\u0151 viz\u00e9nek gy\u00f3gy\u00edt\u00f3 hat\u00e1s\u00e1r\u00f3l, a v\u00edkendh\u00e1zak \u00e9p\u00edt\u00e9s\u00e9nek t\u00f6rt\u00e9net\u00e9r\u0151l.<\/p>\n<p>A nap z\u00e1r\u00e1sak\u00e9nt m\u00e1r nagyon v\u00e1rt\u00e1k a Kishegyesen tal\u00e1lhat\u00f3 K\u00e1tai tanya nyugalmat sug\u00e1rz\u00f3 k\u00e9nyelmes szob\u00e1inak elfoglal\u00e1s\u00e1t \u00e9s a d\u00e9lvid\u00e9ki \u00edzeket ny\u00fajt\u00f3 vacsor\u00e1t.<\/p>\n<p>M\u00e1snap a p\u00e9terv\u00e1radi er\u0151d\u00edtm\u00e9ny megl\u00e1togat\u00e1s\u00e1val kezd\u0151d\u00f6tt a programjuk. A Petur b\u00e1nr\u00f3l elnevezett v\u00e1ros er\u0151dje az egykori t\u00f6rt\u00e9nelmi Magyarorsz\u00e1g m\u00e1sodik legnagyobb er\u0151d\u00edtm\u00e9nye volt, ahol R\u00f3zsa S\u00e1ndor is raboskodott. A v\u00e1rosban megtekintett\u00e9k Jellasics sz\u00fcl\u0151h\u00e1z\u00e1t, majd felkapaszkodtak a Tarcal lank\u00e1ira, megn\u00e9zt\u00e9k a ford\u00edtott, vagy ahogyan a helyiek nevezik a r\u00e9szeg \u00f3r\u00e1t. Megtudhatt\u00e1k, hogy az \u00f3ra humoros elnevez\u00e9se onnan ered, hogy az id\u0151j\u00e1r\u00e1s f\u00fcggv\u00e9ny\u00e9ben mindig k\u00e9sik vagy siet. V\u00e9gigmentek a f\u00f6ldalatti er\u0151drendszeren, melyet a t\u00f6r\u00f6k janics\u00e1rok megt\u00e9veszt\u00e9s\u00e9re t\u00f6bbszintesre terveztek \u00e9s \u00e1stak ki el\u0151deink. A j\u00e1ratrendszer kialak\u00edt\u00e1sa lehet\u0151v\u00e9 tette a v\u00e1rv\u00e9d\u0151k sz\u00e1m\u00e1ra, hogy ak\u00e1r t\u00f6bb h\u00f3napot is el tudjanak t\u00f6lteni benne.<\/p>\n<p>Innen \u00fatjuk a Szer\u00e9ms\u00e9gbe, Zal\u00e1nkem\u00e9nre vezetett, ahol haj\u00f3ra sz\u00e1lltak, \u00e9s a Duna viz\u00e9n leereszkedtek eg\u00e9szen a Tisza \u00e9s a Duna torkolat\u00e1ig. A haj\u00f3z\u00e1st Dus\u00e1n b\u00e1csi andal\u00edt\u00f3an hat\u00f3 zen\u00e9i tett\u00e9k m\u00e9g eml\u00e9kezetesebb\u00e9.<\/p>\n<p>A kellemes hangulat\u00fa v\u00edzi utat k\u00f6vet\u0151en ism\u00e9telten buszra sz\u00e1lltak, hogy megismerkedhessenek N\u00e1ndorfeh\u00e9rv\u00e1rral. Itt kellemes s\u00e9t\u00e1t tettek a Kalemegd\u00e1n parkban, ahol magyarokhoz k\u00f6t\u0151d\u0151 szobrokat is l\u00e1thattak. Majd h\u00e1rom v\u00e1rkapun haladtak kereszt\u00fcl, hogy v\u00e9g\u00fcl meg\u00e9rkezhessenek N\u00e1ndorfeh\u00e9rv\u00e1r v\u00e1r\u00e1ba. A v\u00e1rb\u00f3l nagyon sz\u00e9p kil\u00e1t\u00e1s t\u00e1rult a Duna \u00e9s a Sz\u00e1va \u00f6sszefoly\u00e1s\u00e1ra. Felkerest\u00e9k a n\u00e1ndorfeh\u00e9rv\u00e1ri diadalnak eml\u00e9ket \u00e1ll\u00edt\u00f3 helyet, ahol koszor\u00faval \u00e9s f\u0151hajt\u00e1ssal eml\u00e9keztek meg a h\u0151s\u00f6kr\u0151l. A csoport nev\u00e9ben T\u00f3th Vikt\u00f3ria helyezte el a koszor\u00fat az eml\u00e9km\u0171v\u00f6n. Nagy sikere volt a szolg\u00e1latos lovas rend\u0151r\u00f6knek, aki m\u00e9g azt is meg engedt\u00e9k, hogy a di\u00e1kok lovaik simogat\u00e1s\u00e1val \u00e9s cukork\u00e1val val\u00f3 etet\u00e9s\u00e9vel is elt\u00f6lthessenek egy kis id\u0151t.<\/p>\n<p>A nap z\u00e1r\u00e1sak\u00e9nt sz\u00e1ll\u00e1sukon elfogyasztott\u00e1k vacsor\u00e1jukat, majd j\u00f3t besz\u00e9lgettek \u00e9s nyugov\u00f3ra t\u00e9rtek.<\/p>\n<p>A harmadik nap reggel\u00e9n elk\u00f6sz\u00f6ntek sz\u00e1ll\u00e1sad\u00f3ikt\u00f3l, \u00e9s \u00d3becs\u00e9re utaztak. Els\u0151k\u00e9nt a Than fiv\u00e9rek eml\u00e9k\u00e9re l\u00e9trehozott interakt\u00edv parkba l\u00e1togattak, ahol sok tudom\u00e1nyos eszk\u00f6zt ki is pr\u00f3b\u00e1lhattak. A j\u00e1t\u00e9kos \u00e9lm\u00e9nyt k\u00f6vet\u0151en a T\u00fcrr Istv\u00e1n &#8211; zsiliphez mentek. A mai napig ez az egyetlen olyan mesters\u00e9ges v\u00edzfoly\u00e1s, ami \u00f6sszek\u00f6ti a Dun\u00e1t a Tisz\u00e1val. A csatorn\u00e1nak van egy k\u00e9s\u0151bb \u00e9p\u00fclt, kisebb \u00e1ga, a T\u00fcrr Istv\u00e1n tervei \u00e1ltal \u00e9p\u00edtett t\u00e1pcsatorn\u00e1ja, mely \u00fagymond rendbe t\u00e9tele volt a \u201ccs\u00e1sz\u00e1r csatorn\u00e1j\u00e1nak\u201d. Ez ut\u00f3bbit h\u00edvj\u00e1k Ferenc J\u00f3zsef &#8211; csatorn\u00e1nak.<\/p>\n<p>Hat\u00e1rtalanul programjuk z\u00e1r\u00e1s\u00e1ra Zent\u00e1n ker\u00fclt sor. L\u00e1togat\u00e1st tettek a v\u00e1rosh\u00e1z\u00e1n, amelynek torny\u00e1ban megn\u00e9zhettek egy ki\u00e1ll\u00edt\u00e1st a zentai csat\u00e1r\u00f3l, valamint a torony kupol\u00e1j\u00e1b\u00f3l r\u00e1tekinthettek a v\u00e1rosra \u00e9s vid\u00e9k\u00e9re. Aki nyitott szemmel n\u00e9zett k\u00f6rbe, az a t\u00e1volban felfedezhette m\u00e9g Szeged v\u00e1ros\u00e1t is.<\/p>\n<p>Kiss\u00e9 elf\u00e1radva a k\u00e9s\u0151 esti \u00f3r\u00e1kban \u00e9rkeztek meg iskol\u00e1jukhoz, ahol sz\u00fcleik m\u00e1r v\u00e1rt\u00e1k \u0151ket.<\/p>\n<p>Fantasztikus \u00e9s tal\u00e1n \u00e9letre sz\u00f3l\u00f3 \u00e9lm\u00e9nyekkel lettek gazdagabbak. Mindannyian rem\u00e9nykednek abban, hogy egyszer majd visszat\u00e9rhetnek nagy Magyarorsz\u00e1gnak e csod\u00e1latos vid\u00e9k\u00e9re.<\/p>\n<p>A di\u00e1kokat az utaz\u00e1sra Reitter Istv\u00e1n \u00e9s B\u00f3day M\u00f3nika oszt\u00e1lyf\u0151n\u00f6k\u00f6k, valamint Aranyos Judit \u00e9s B\u00f3dain\u00e9 Tahin Ildik\u00f3 pedag\u00f3gusok k\u00eds\u00e9rt\u00e9k el.<\/p>\n<p>Az \u00fat a Bethlen G\u00e1bor Alap\u00edtv\u00e1ny t\u00e1mogat\u00e1s\u00e1val val\u00f3sulhatott meg.<\/p>\n<p><img loading=\"lazy\" decoding=\"async\" width=\"1515\" height=\"853\" class=\"wp-image-1009\" src=\"https:\/\/www.szentistvanajka.hu\/iskola\/wp-content\/uploads\/sites\/2\/2024\/06\/c-users-igh_gyongyi-downloads-img_20240426_161923-1.jpeg\" alt=\"C:\\Users\\IGH_Gy\u00f6ngyi\\Downloads\\IMG_20240426_161923 (1).jpg\" srcset=\"https:\/\/www.szentistvanajka.hu\/iskola\/wp-content\/uploads\/sites\/2\/2024\/06\/c-users-igh_gyongyi-downloads-img_20240426_161923-1.jpeg 1515w, https:\/\/www.szentistvanajka.hu\/iskola\/wp-content\/uploads\/sites\/2\/2024\/06\/c-users-igh_gyongyi-downloads-img_20240426_161923-1-1280x721.jpeg 1280w, https:\/\/www.szentistvanajka.hu\/iskola\/wp-content\/uploads\/sites\/2\/2024\/06\/c-users-igh_gyongyi-downloads-img_20240426_161923-1-980x552.jpeg 980w, https:\/\/www.szentistvanajka.hu\/iskola\/wp-content\/uploads\/sites\/2\/2024\/06\/c-users-igh_gyongyi-downloads-img_20240426_161923-1-480x270.jpeg 480w\" sizes=\"(min-width: 0px) and (max-width: 480px) 480px, (min-width: 481px) and (max-width: 980px) 980px, (min-width: 981px) and (max-width: 1280px) 1280px, (min-width: 1281px) 1515px, 100vw\" \/> <img loading=\"lazy\" decoding=\"async\" width=\"1502\" height=\"845\" class=\"wp-image-1010\" src=\"https:\/\/www.szentistvanajka.hu\/iskola\/wp-content\/uploads\/sites\/2\/2024\/06\/c-users-igh_gyongyi-downloads-img_20240425_190912-1.jpeg\" alt=\"C:\\Users\\IGH_Gy\u00f6ngyi\\Downloads\\IMG_20240425_190912.jpg\" srcset=\"https:\/\/www.szentistvanajka.hu\/iskola\/wp-content\/uploads\/sites\/2\/2024\/06\/c-users-igh_gyongyi-downloads-img_20240425_190912-1.jpeg 1502w, https:\/\/www.szentistvanajka.hu\/iskola\/wp-content\/uploads\/sites\/2\/2024\/06\/c-users-igh_gyongyi-downloads-img_20240425_190912-1-1280x720.jpeg 1280w, https:\/\/www.szentistvanajka.hu\/iskola\/wp-content\/uploads\/sites\/2\/2024\/06\/c-users-igh_gyongyi-downloads-img_20240425_190912-1-980x551.jpeg 980w, https:\/\/www.szentistvanajka.hu\/iskola\/wp-content\/uploads\/sites\/2\/2024\/06\/c-users-igh_gyongyi-downloads-img_20240425_190912-1-480x270.jpeg 480w\" sizes=\"(min-width: 0px) and (max-width: 480px) 480px, (min-width: 481px) and (max-width: 980px) 980px, (min-width: 981px) and (max-width: 1280px) 1280px, (min-width: 1281px) 1502px, 100vw\" \/><\/p>\n<p><img loading=\"lazy\" decoding=\"async\" width=\"1536\" height=\"864\" class=\"wp-image-1011\" src=\"https:\/\/www.szentistvanajka.hu\/iskola\/wp-content\/uploads\/sites\/2\/2024\/06\/c-users-igh_gyongyi-downloads-img_20240427_083026-1.jpeg\" alt=\"C:\\Users\\IGH_Gy\u00f6ngyi\\Downloads\\IMG_20240427_083026 (1).jpg\" srcset=\"https:\/\/www.szentistvanajka.hu\/iskola\/wp-content\/uploads\/sites\/2\/2024\/06\/c-users-igh_gyongyi-downloads-img_20240427_083026-1.jpeg 1536w, https:\/\/www.szentistvanajka.hu\/iskola\/wp-content\/uploads\/sites\/2\/2024\/06\/c-users-igh_gyongyi-downloads-img_20240427_083026-1-1280x720.jpeg 1280w, https:\/\/www.szentistvanajka.hu\/iskola\/wp-content\/uploads\/sites\/2\/2024\/06\/c-users-igh_gyongyi-downloads-img_20240427_083026-1-980x551.jpeg 980w, https:\/\/www.szentistvanajka.hu\/iskola\/wp-content\/uploads\/sites\/2\/2024\/06\/c-users-igh_gyongyi-downloads-img_20240427_083026-1-480x270.jpeg 480w\" sizes=\"(min-width: 0px) and (max-width: 480px) 480px, (min-width: 481px) and (max-width: 980px) 980px, (min-width: 981px) and (max-width: 1280px) 1280px, (min-width: 1281px) 1536px, 100vw\" \/> <img loading=\"lazy\" decoding=\"async\" width=\"1525\" height=\"859\" class=\"wp-image-1012\" src=\"https:\/\/www.szentistvanajka.hu\/iskola\/wp-content\/uploads\/sites\/2\/2024\/06\/c-users-igh_gyongyi-downloads-img_20240425_164216-1.jpeg\" alt=\"C:\\Users\\IGH_Gy\u00f6ngyi\\Downloads\\IMG_20240425_164216 (2).jpg\" srcset=\"https:\/\/www.szentistvanajka.hu\/iskola\/wp-content\/uploads\/sites\/2\/2024\/06\/c-users-igh_gyongyi-downloads-img_20240425_164216-1.jpeg 1525w, https:\/\/www.szentistvanajka.hu\/iskola\/wp-content\/uploads\/sites\/2\/2024\/06\/c-users-igh_gyongyi-downloads-img_20240425_164216-1-1280x721.jpeg 1280w, https:\/\/www.szentistvanajka.hu\/iskola\/wp-content\/uploads\/sites\/2\/2024\/06\/c-users-igh_gyongyi-downloads-img_20240425_164216-1-980x552.jpeg 980w, https:\/\/www.szentistvanajka.hu\/iskola\/wp-content\/uploads\/sites\/2\/2024\/06\/c-users-igh_gyongyi-downloads-img_20240425_164216-1-480x270.jpeg 480w\" sizes=\"(min-width: 0px) and (max-width: 480px) 480px, (min-width: 481px) and (max-width: 980px) 980px, (min-width: 981px) and (max-width: 1280px) 1280px, (min-width: 1281px) 1525px, 100vw\" \/> <img loading=\"lazy\" decoding=\"async\" width=\"1814\" height=\"1021\" class=\"wp-image-1013\" src=\"https:\/\/www.szentistvanajka.hu\/iskola\/wp-content\/uploads\/sites\/2\/2024\/06\/c-users-igh_gyongyi-downloads-img_20240426_111617.jpeg\" alt=\"C:\\Users\\IGH_Gy\u00f6ngyi\\Downloads\\IMG_20240426_111617_1 (1).jpg\" srcset=\"https:\/\/www.szentistvanajka.hu\/iskola\/wp-content\/uploads\/sites\/2\/2024\/06\/c-users-igh_gyongyi-downloads-img_20240426_111617.jpeg 1814w, https:\/\/www.szentistvanajka.hu\/iskola\/wp-content\/uploads\/sites\/2\/2024\/06\/c-users-igh_gyongyi-downloads-img_20240426_111617-1280x720.jpeg 1280w, https:\/\/www.szentistvanajka.hu\/iskola\/wp-content\/uploads\/sites\/2\/2024\/06\/c-users-igh_gyongyi-downloads-img_20240426_111617-980x552.jpeg 980w, https:\/\/www.szentistvanajka.hu\/iskola\/wp-content\/uploads\/sites\/2\/2024\/06\/c-users-igh_gyongyi-downloads-img_20240426_111617-480x270.jpeg 480w\" sizes=\"(min-width: 0px) and (max-width: 480px) 480px, (min-width: 481px) and (max-width: 980px) 980px, (min-width: 981px) and (max-width: 1280px) 1280px, (min-width: 1281px) 1814px, 100vw\" \/><\/p>\n<p>&nbsp;<\/p>\n","protected":false},"excerpt":{"rendered":"<p>Az ajkai Szent Istv\u00e1n Kir\u00e1ly R\u00f3mai Katolikus \u00c1ltal\u00e1nos Iskola \u00e9s \u00d3voda 7. \u00e9vfolyam\u00e1n tanul\u00f3 di\u00e1kok l\u00e1togattak el a Hat\u00e1rtalanul p\u00e1ly\u00e1zati program keret\u00e9ben a \u201eD\u00e9li harangsz\u00f3 nyom\u00e1ban\u201d a Vajdas\u00e1gba. A h\u00e1romnapos kir\u00e1ndul\u00e1s nem \u00edg\u00e9rkezett k\u00f6nny\u0171 programnak, azonban a sok-sok l\u00e1tnival\u00f3 \u00e9s a magyar vonatkoz\u00e1s\u00fa t\u00e1jegys\u00e9gek, telep\u00fcl\u00e9sek megismer\u00e9se mindenkit \u00f6r\u00f6mmel t\u00f6lt\u00f6tt el. Els\u0151k\u00e9nt Kir\u00e1lyhalomra \u00e9rkezett a csoport, [&hellip;]<\/p>\n","protected":false},"author":1,"featured_media":1014,"comment_status":"closed","ping_status":"closed","sticky":false,"template":"","format":"standard","meta":{"_et_pb_use_builder":"","_et_pb_old_content":"","_et_gb_content_width":"","footnotes":""},"categories":[1],"tags":[],"_links":{"self":[{"href":"https:\/\/www.szentistvanajka.hu\/iskola\/wp-json\/wp\/v2\/posts\/1003"}],"collection":[{"href":"https:\/\/www.szentistvanajka.hu\/iskola\/wp-json\/wp\/v2\/posts"}],"about":[{"href":"https:\/\/www.szentistvanajka.hu\/iskola\/wp-json\/wp\/v2\/types\/post"}],"author":[{"embeddable":true,"href":"https:\/\/www.szentistvanajka.hu\/iskola\/wp-json\/wp\/v2\/users\/1"}],"replies":[{"embeddable":true,"href":"https:\/\/www.szentistvanajka.hu\/iskola\/wp-json\/wp\/v2\/comments?post=1003"}],"version-history":[{"count":2,"href":"https:\/\/www.szentistvanajka.hu\/iskola\/wp-json\/wp\/v2\/posts\/1003\/revisions"}],"predecessor-version":[{"id":1015,"href":"https:\/\/www.szentistvanajka.hu\/iskola\/wp-json\/wp\/v2\/posts\/1003\/revisions\/1015"}],"wp:featuredmedia":[{"embeddable":true,"href":"https:\/\/www.szentistvanajka.hu\/iskola\/wp-json\/wp\/v2\/media\/1014"}],"wp:attachment":[{"href":"https:\/\/www.szentistvanajka.hu\/iskola\/wp-json\/wp\/v2\/media?parent=1003"}],"wp:term":[{"taxonomy":"category","embeddable":true,"href":"https:\/\/www.szentistvanajka.hu\/iskola\/wp-json\/wp\/v2\/categories?post=1003"},{"taxonomy":"post_tag","embeddable":true,"href":"https:\/\/www.szentistvanajka.hu\/iskola\/wp-json\/wp\/v2\/tags?post=1003"}],"curies":[{"name":"wp","href":"https:\/\/api.w.org\/{rel}","templated":true}]}}